{"id":156995,"date":"2025-10-04T20:01:11","date_gmt":"2025-10-04T20:01:11","guid":{"rendered":"https:\/\/www.europesays.com\/es\/156995\/"},"modified":"2025-10-04T20:01:11","modified_gmt":"2025-10-04T20:01:11","slug":"la-ecologista-greta-thunberg-se-queja-de-los-chinches-de-la-celda-donde-esta-detenida-en-israel","status":"publish","type":"post","link":"https:\/\/www.europesays.com\/es\/156995\/","title":{"rendered":"La &#8216;ecologista&#8217; Greta Thunberg se queja de los chinches de la celda donde est\u00e1 detenida en Israel"},"content":{"rendered":"<p class=\"paragraph\">La activista ambiental <b>Greta Thunberg<\/b> se quej\u00f3 ante funcionarios consulares suecos que est\u00e1 siendo sometida a un trato duro bajo custodia israel\u00ed despu\u00e9s de su detenci\u00f3n mientras participaba d la flotilla que se dirig\u00eda a <b>Gaza<\/b>.<\/p>\n<p>            <a href=\"#\" title=\"\"><br \/>\n                <img decoding=\"async\" loading=\"lazy\" width=\"120px\" height=\"90px\" alt=\"Uno de los tripulantes de la Flotilla se dispone a lanzar al mar botes de pl\u00e1stico con latas, papeles, medicinas y m\u00f3viles\" src=\"https:\/\/imagenes.eldebate.com\/files\/related_image\/files\/fp\/uploads\/2025\/10\/03\/68df8f9eae627.r_d.770-413.png\" data-full-src=\"https:\/\/www.europesays.com\/es\/wp-content\/uploads\/2025\/10\/68df8f9eae627.png\"\/><br \/>\n            <\/a><\/p>\n<p class=\"paragraph\">En un correo electr\u00f3nico enviado por el <b>Ministerio de Asuntos Exteriores<\/b> sueco a personas cercanas a <b>Thunberg<\/b>, y visto por The Guardian, un funcionario que visit\u00f3 a la activista en prisi\u00f3n dijo que ella afirm\u00f3 que estaba detenida en una celda infestada de chinches, con muy poca comida y agua.<\/p>\n<p class=\"paragraph\">\u00abLa embajada ha podido reunirse con <b>Greta<\/b>\u00bb, dice el correo electr\u00f3nico. \u00abInform\u00f3 que est\u00e1 deshidratada. Ha recibido cantidades insuficientes de agua y comida. Tambi\u00e9n afirm\u00f3 que ha desarrollado <b>erupciones cut\u00e1neas <\/b>que sospecha que fueron causadas por <b>chinches<\/b>. Habl\u00f3 de malos tratos y dijo que hab\u00eda estado <b>sentada durante largos periodos sobre superficies duras<\/b>\u00bb.<\/p>\n<p class=\"paragraph\"><b>Thunberg <\/b>se encuentra entre los 437 activistas, parlamentarios y abogados que forman parte de la <b>Flotilla Global Sumud<\/b> (GSF), una coalici\u00f3n de m\u00e1s de 40 barcos que que se dirig\u00edan a <b>Gaza<\/b> para romper el <b>bloqueo mar\u00edtimo <\/b>de 16 a\u00f1os de<b> Israel<\/b> a<b> Gaza<\/b>.<\/p>\n<p>            <a href=\"#\" title=\"\"><br \/>\n                <img decoding=\"async\" loading=\"lazy\" width=\"120px\" height=\"90px\" alt=\"Una de las embarcaciones de la flotilla, rumbo a Gaza\" src=\"https:\/\/imagenes.eldebate.com\/files\/related_image\/uploads\/2025\/09\/26\/68d6d54bd279a.jpeg\" data-full-src=\"https:\/\/www.europesays.com\/es\/wp-content\/uploads\/2025\/10\/1759608071_88_68d6d54bd279a.jpeg\"\/><br \/>\n            <\/a><\/p>\n<p class=\"paragraph\">Entre el jueves y el viernes, las fuerzas israel\u00edes interceptaron todas las embarcaciones y arrestaron a todos los tripulantes a bordo. La mayor\u00eda se encuentran recluidos en <b>Ketziot<\/b>, tambi\u00e9n conocida como <b>Ansar III<\/b>, una prisi\u00f3n de alta seguridad en el desierto del <b>N\u00e9guev<\/b> utilizada principalmente para detener a presos palestinos, muchos de los cuales <b>Israel<\/b> acusa de participar en actividades militantes o terroristas.<\/p>\n","protected":false},"excerpt":{"rendered":"La activista ambiental Greta Thunberg se quej\u00f3 ante funcionarios consulares suecos que est\u00e1 siendo sometida a un trato&hellip;\n","protected":false},"author":2,"featured_media":156996,"comment_status":"","ping_status":"","sticky":false,"template":"","format":"standard","meta":{"footnotes":""},"categories":[42],"tags":[17,18,13,14,11,61,62,63,64,19,20,9,10,15,16,12,21,22,65,66,67],"class_list":{"0":"post-156995","1":"post","2":"type-post","3":"status-publish","4":"format-standard","5":"has-post-thumbnail","7":"category-internacional","8":"tag-breaking-news","9":"tag-breakingnews","10":"tag-featured-news","11":"tag-featurednews","12":"tag-headlines","13":"tag-internacional","14":"tag-international","15":"tag-international-news","16":"tag-internationalnews","17":"tag-latest-news","18":"tag-latestnews","19":"tag-news","20":"tag-noticias","21":"tag-noticias-destacadas","22":"tag-noticiasdestacadas","23":"tag-titulares","24":"tag-ultimas-noticias","25":"tag-ultimasnoticias","26":"tag-world","27":"tag-world-news","28":"tag-worldnews"},"share_on_mastodon":{"url":"","error":""},"_links":{"self":[{"href":"https:\/\/www.europesays.com\/es\/wp-json\/wp\/v2\/posts\/156995","targetHints":{"allow":["GET"]}}],"collection":[{"href":"https:\/\/www.europesays.com\/es\/wp-json\/wp\/v2\/posts"}],"about":[{"href":"https:\/\/www.europesays.com\/es\/wp-json\/wp\/v2\/types\/post"}],"author":[{"embeddable":true,"href":"https:\/\/www.europesays.com\/es\/wp-json\/wp\/v2\/users\/2"}],"replies":[{"embeddable":true,"href":"https:\/\/www.europesays.com\/es\/wp-json\/wp\/v2\/comments?post=156995"}],"version-history":[{"count":0,"href":"https:\/\/www.europesays.com\/es\/wp-json\/wp\/v2\/posts\/156995\/revisions"}],"wp:featuredmedia":[{"embeddable":true,"href":"https:\/\/www.europesays.com\/es\/wp-json\/wp\/v2\/media\/156996"}],"wp:attachment":[{"href":"https:\/\/www.europesays.com\/es\/wp-json\/wp\/v2\/media?parent=156995"}],"wp:term":[{"taxonomy":"category","embeddable":true,"href":"https:\/\/www.europesays.com\/es\/wp-json\/wp\/v2\/categories?post=156995"},{"taxonomy":"post_tag","embeddable":true,"href":"https:\/\/www.europesays.com\/es\/wp-json\/wp\/v2\/tags?post=156995"}],"curies":[{"name":"wp","href":"https:\/\/api.w.org\/{rel}","templated":true}]}}