{"id":156999,"date":"2025-10-04T20:03:11","date_gmt":"2025-10-04T20:03:11","guid":{"rendered":"https:\/\/www.europesays.com\/es\/156999\/"},"modified":"2025-10-04T20:03:11","modified_gmt":"2025-10-04T20:03:11","slug":"directo-gaza-ultima-hora-de-la-flotilla-las-protestas-y-la-situacion-en-la-franja-de-gaza-e-israel","status":"publish","type":"post","link":"https:\/\/www.europesays.com\/es\/156999\/","title":{"rendered":"DIRECTO GAZA | \u00daltima hora de la Flotilla, las protestas y la situaci\u00f3n en la Franja de Gaza e Israel"},"content":{"rendered":"<p class=\"ft-text\">El primer ministro israel\u00ed, Benjam\u00edn Netanyahu, afirm\u00f3 este s\u00e1bado que su Gobierno est\u00e1 a punto de \u00abconseguir un gran logro\u00bb y confi\u00f3 en que en los pr\u00f3ximos d\u00edas se pueda anunciar la liberaci\u00f3n de todos los rehenes en manos de Ham\u00e1s.<\/p>\n<p class=\"ft-text\">\u00abEspero, si Dios quiere, que en los pr\u00f3ximos d\u00edas, durante la festividad de Sucot (fiesta jud\u00eda que se celebra entre el 7 y el 14 de octubre), pueda anunciarles el regreso de todos nuestros secuestrados, tanto vivos como muertos\u00bb, dijo Netanyahu en un v\u00eddeo difundido por su gabinete en la noche de este s\u00e1bado.<\/p>\n<p class=\"ft-text\">Se trata de su primera comparecencia desde que Ham\u00e1s dijera este viernes noche que est\u00e1 dispuesto a liberar a los rehenes israel\u00edes de acuerdo al plan del presidente estadounidense, Donald Trump, para un fin de la ofensiva israel\u00ed en Gaza, pero con la condici\u00f3n de negociar algunas partes del mismo.<\/p>\n","protected":false},"excerpt":{"rendered":"El primer ministro israel\u00ed, Benjam\u00edn Netanyahu, afirm\u00f3 este s\u00e1bado que su Gobierno est\u00e1 a punto de \u00abconseguir un&hellip;\n","protected":false},"author":2,"featured_media":157000,"comment_status":"","ping_status":"","sticky":false,"template":"","format":"standard","meta":{"footnotes":""},"categories":[5],"tags":[41527,17,18,12495,115,25,24,13,14,1256,694,69,75,11,315,3137,74,19,20,9,10,15,16,23,12,41526,21,22],"class_list":{"0":"post-156999","1":"post","2":"type-post","3":"status-publish","4":"format-standard","5":"has-post-thumbnail","7":"category-titulares","8":"tag-binyamin-netanyahu","9":"tag-breaking-news","10":"tag-breakingnews","11":"tag-conflicto-israel-palestina","12":"tag-eeuu","13":"tag-es","14":"tag-espana","15":"tag-featured-news","16":"tag-featurednews","17":"tag-franja-de-gaza","18":"tag-gaza","19":"tag-guerra","20":"tag-hamas","21":"tag-headlines","22":"tag-hoy","23":"tag-iran","24":"tag-israel","25":"tag-latest-news","26":"tag-latestnews","27":"tag-news","28":"tag-noticias","29":"tag-noticias-destacadas","30":"tag-noticiasdestacadas","31":"tag-spain","32":"tag-titulares","33":"tag-ultima-hora-directo","34":"tag-ultimas-noticias","35":"tag-ultimasnoticias"},"share_on_mastodon":{"url":"","error":""},"_links":{"self":[{"href":"https:\/\/www.europesays.com\/es\/wp-json\/wp\/v2\/posts\/156999","targetHints":{"allow":["GET"]}}],"collection":[{"href":"https:\/\/www.europesays.com\/es\/wp-json\/wp\/v2\/posts"}],"about":[{"href":"https:\/\/www.europesays.com\/es\/wp-json\/wp\/v2\/types\/post"}],"author":[{"embeddable":true,"href":"https:\/\/www.europesays.com\/es\/wp-json\/wp\/v2\/users\/2"}],"replies":[{"embeddable":true,"href":"https:\/\/www.europesays.com\/es\/wp-json\/wp\/v2\/comments?post=156999"}],"version-history":[{"count":0,"href":"https:\/\/www.europesays.com\/es\/wp-json\/wp\/v2\/posts\/156999\/revisions"}],"wp:featuredmedia":[{"embeddable":true,"href":"https:\/\/www.europesays.com\/es\/wp-json\/wp\/v2\/media\/157000"}],"wp:attachment":[{"href":"https:\/\/www.europesays.com\/es\/wp-json\/wp\/v2\/media?parent=156999"}],"wp:term":[{"taxonomy":"category","embeddable":true,"href":"https:\/\/www.europesays.com\/es\/wp-json\/wp\/v2\/categories?post=156999"},{"taxonomy":"post_tag","embeddable":true,"href":"https:\/\/www.europesays.com\/es\/wp-json\/wp\/v2\/tags?post=156999"}],"curies":[{"name":"wp","href":"https:\/\/api.w.org\/{rel}","templated":true}]}}