{"id":157001,"date":"2025-10-04T20:04:11","date_gmt":"2025-10-04T20:04:11","guid":{"rendered":"https:\/\/www.europesays.com\/es\/157001\/"},"modified":"2025-10-04T20:04:11","modified_gmt":"2025-10-04T20:04:11","slug":"el-balonmano-salamanca-logra-su-primer-triunfo-de-la-temporada","status":"publish","type":"post","link":"https:\/\/www.europesays.com\/es\/157001\/","title":{"rendered":"El Balonmano Salamanca logra su primer triunfo de la temporada"},"content":{"rendered":"<p class=\"paragraph-atom &#10;        A-500-300-700-N A-550-300-700-N--md  \">Por fin sonr\u00ede el Balonmano Salamanca. Los charros lograron su primer triunfo de la temporada tras derrotar por 30-21 al Clinisord Maravillas en el pabell\u00f3n R\u00edo Tormes.<\/p>\n<p class=\"paragraph-atom &#10;        A-500-300-700-N A-550-300-700-N--md  \">El equipo salmantino tom\u00f3 una renta de tres goles mediada la primera mitad y se la llev\u00f3 al descanso (15-12). En la segunda mitad, los de Mart\u00edn Rechim\u00f3n fueron aumentando poco a poco el ritmo hasta el 30-21 final.<\/p>\n<p class=\"paragraph-atom &#10;        A-500-300-700-N A-550-300-700-N--md  \">David Garc\u00eda Egido y Sergio Nicol\u00e1s compartieron el trono goleador con siete dianas cada uno y \u00c1lvaro Carretero se uni\u00f3n con seis tantos m\u00e1s.<\/p>\n","protected":false},"excerpt":{"rendered":"Por fin sonr\u00ede el Balonmano Salamanca. Los charros lograron su primer triunfo de la temporada tras derrotar por&hellip;\n","protected":false},"author":2,"featured_media":157002,"comment_status":"","ping_status":"","sticky":false,"template":"","format":"standard","meta":{"footnotes":""},"categories":[278],"tags":[376,168,25,24,375,11812,977,3614,23,167,2886],"class_list":{"0":"post-157001","1":"post","2":"type-post","3":"status-publish","4":"format-standard","5":"has-post-thumbnail","7":"category-balonmano","8":"tag-balonmano","9":"tag-deportes","10":"tag-es","11":"tag-espana","12":"tag-handball","13":"tag-logra","14":"tag-primer","15":"tag-salamanca","16":"tag-spain","17":"tag-sports","18":"tag-triunfo"},"share_on_mastodon":{"url":"","error":""},"_links":{"self":[{"href":"https:\/\/www.europesays.com\/es\/wp-json\/wp\/v2\/posts\/157001","targetHints":{"allow":["GET"]}}],"collection":[{"href":"https:\/\/www.europesays.com\/es\/wp-json\/wp\/v2\/posts"}],"about":[{"href":"https:\/\/www.europesays.com\/es\/wp-json\/wp\/v2\/types\/post"}],"author":[{"embeddable":true,"href":"https:\/\/www.europesays.com\/es\/wp-json\/wp\/v2\/users\/2"}],"replies":[{"embeddable":true,"href":"https:\/\/www.europesays.com\/es\/wp-json\/wp\/v2\/comments?post=157001"}],"version-history":[{"count":0,"href":"https:\/\/www.europesays.com\/es\/wp-json\/wp\/v2\/posts\/157001\/revisions"}],"wp:featuredmedia":[{"embeddable":true,"href":"https:\/\/www.europesays.com\/es\/wp-json\/wp\/v2\/media\/157002"}],"wp:attachment":[{"href":"https:\/\/www.europesays.com\/es\/wp-json\/wp\/v2\/media?parent=157001"}],"wp:term":[{"taxonomy":"category","embeddable":true,"href":"https:\/\/www.europesays.com\/es\/wp-json\/wp\/v2\/categories?post=157001"},{"taxonomy":"post_tag","embeddable":true,"href":"https:\/\/www.europesays.com\/es\/wp-json\/wp\/v2\/tags?post=157001"}],"curies":[{"name":"wp","href":"https:\/\/api.w.org\/{rel}","templated":true}]}}