{"id":157007,"date":"2025-10-04T20:12:26","date_gmt":"2025-10-04T20:12:26","guid":{"rendered":"https:\/\/www.europesays.com\/es\/157007\/"},"modified":"2025-10-04T20:12:26","modified_gmt":"2025-10-04T20:12:26","slug":"el-real-madrid-llora-la-muerte-de-jose-araquistain-el-portero-de-la-sexta","status":"publish","type":"post","link":"https:\/\/www.europesays.com\/es\/157007\/","title":{"rendered":"El Real Madrid llora la muerte de Jos\u00e9 Araquist\u00e1in, el portero de la Sexta"},"content":{"rendered":"<p><a class=\"v-mdl-ath__fig-a\" href=\"https:\/\/www.canarias7.es\/autor\/oscar-bellot-114.html\" title=\"\u00d3scar Bellot\" rel=\"nofollow noopener\" target=\"_blank\"><br \/>\n<img decoding=\"async\" class=\"v-mdl-ath__img\" src=\"https:\/\/www.europesays.com\/es\/wp-content\/uploads\/2025\/10\/autor-114-foto-2.jpeg\" alt=\"\u00d3scar Bellot\"\/><br \/>\n<\/a><\/p>\n<p class=\"v-mdl-ath__p v-mdl-ath__p--6\">\nDomingo, 28 de septiembre 2025, 17:19<\/p>\n<p>| Actualizado 17:32h.<\/p>\n<p class=\"v-p\">Jos\u00e9 Araquist\u00e1in, uno de los grandes guardametas que ha tenido el Real Madrid a lo largo de su historia, ha fallecido a los 88 a\u00f1os, dejando tras de s\u00ed un palmar\u00e9s extraordinario y actuaciones que quedaron grabadas en la memoria de los madridistas m\u00e1s a\u00f1ejos.<\/p>\n<p class=\"v-p\">Internacional con Espa\u00f1a e integrante del combinado que disput\u00f3 el Mundial de Chile en 1962, Araquist\u00e1in recal\u00f3 en el Real Madrid en 1961 y defendi\u00f3 los intereses del club de Chamart\u00edn hasta 1968, cuando cerr\u00f3 una trayectoria llena de \u00e9xitos en la que destaca especialmente la Copa de Europa que el Madrid de los yey\u00e9 gan\u00f3 en 1966 tras imponerse por 2-1 al Partiz\u00e1n de Belgrado en el bruselense Estadio de Heysel. <\/p>\n<p class=\"v-p\">Araquist\u00e1in form\u00f3 aquel d\u00eda bajo palos dentro de un once que completaron Enrique P\u00e9rez &#8216;Pach\u00edn&#8217;, Pedro de Felipe, Ignacio Zoco, Manuel Sanch\u00eds, Jos\u00e9 Mart\u00ednez &#8216;Pirri&#8217;, Manuel Vel\u00e1zquez, Fernando Serena, Amancio Amaro, Ram\u00f3n Grosso y Paco Gento, el cual estaba tutelado desde la banda por Miguel Mu\u00f1oz. Amancio y Serena anotaron los dos goles que entronizaron al Real Madrid seis a\u00f1os despu\u00e9s de la \u00faltima de sus cinco conquistas consecutivas en los albores de la m\u00e1xima competici\u00f3n continental y Araquist\u00e1in tuvo una buena actuaci\u00f3n pese al tanto de Vasovic en la segunda parte.<\/p>\n<p class=\"v-p\">Dicha final grab\u00f3 con letras de oro el nombre de Araquist\u00e1in en la historia del Real Madrid, pero ese no fue, ni mucho menos, el \u00fanico t\u00edtulo al que contribuy\u00f3 un guardameta que dej\u00f3 una profunda huella durante sus siete campa\u00f1as en Chamart\u00edn.<\/p>\n<p class=\"v-p\">Al margen de esa Copa de Europa que dio paso a una largu\u00edsima sequ\u00eda por parte de los blancos que acab\u00f3 tres d\u00e9cadas despu\u00e9s con el gol de Pedrag Mijatovic que sirvi\u00f3 para tumbar a la Juventus en la final celebrada en 1998 en \u00c1msterdam, Araquist\u00e1in conquist\u00f3 seis Ligas y una Copa de Espa\u00f1a con el Real Madrid, equipo con el que disput\u00f3 un total de 97 partidos. Adem\u00e1s, en la temporada 1961-62 gan\u00f3 el Trofeo Zamora.<\/p>\n<p class=\"v-p\">\u00abEl Real Madrid C. F., su presidente y su Junta Directiva lamentan profundamente el fallecimiento de Jos\u00e9 Araquist\u00e1in, uno de los grandes porteros legendarios de nuestra historia\u00bb, reza la nota distribuida por el Real Madrid este domingo en la que se hace eco del fallecimiento del cancerbero nacido el 4 de marzo de 1937 en la localidad guipuzcoana de Azcoitia. \u00abEl Real Madrid quiere expresar sus condolencias y su cari\u00f1o a sus familiares, a sus compa\u00f1eros y a todos sus seres queridos\u00bb, a\u00f1ade el comunicado de la entidad que preside Florentino P\u00e9rez. <\/p>\n<p class=\"v-p\">Araquist\u00e1in lleg\u00f3 al Real Madrid procedente de la Real Sociedad, equipo cuyos colores defendi\u00f3 entre las temporadas 1954-55 y 1960-61, y con el que disput\u00f3 123 encuentros. \u00abLa Real Sociedad quiere enviar su m\u00e1s sentido p\u00e9same y condolencias a su familia y allegados\u00bb, se\u00f1al\u00f3 el club txuri urdin, cuyos jugadores portaron un brazalete negro en memoria del cancerbero durante el partido de Liga que les midi\u00f3 al Bar\u00e7a en Montjuic.<\/p>\n<p>Reporta un error<\/p>\n","protected":false},"excerpt":{"rendered":"Domingo, 28 de septiembre 2025, 17:19 | Actualizado 17:32h. Jos\u00e9 Araquist\u00e1in, uno de los grandes guardametas que ha&hellip;\n","protected":false},"author":2,"featured_media":157008,"comment_status":"","ping_status":"","sticky":false,"template":"","format":"standard","meta":{"footnotes":""},"categories":[268],"tags":[46909,168,25,24,280,282,2467,8385,205,4920,620,798,292,281,23,167],"class_list":{"0":"post-157007","1":"post","2":"type-post","3":"status-publish","4":"format-standard","5":"has-post-thumbnail","7":"category-futbol","8":"tag-araquistain","9":"tag-deportes","10":"tag-es","11":"tag-espana","12":"tag-football","13":"tag-futbol","14":"tag-jose","15":"tag-llora","16":"tag-madrid","17":"tag-muerte","18":"tag-portero","19":"tag-real","20":"tag-sexta","21":"tag-soccer","22":"tag-spain","23":"tag-sports"},"share_on_mastodon":{"url":"","error":""},"_links":{"self":[{"href":"https:\/\/www.europesays.com\/es\/wp-json\/wp\/v2\/posts\/157007","targetHints":{"allow":["GET"]}}],"collection":[{"href":"https:\/\/www.europesays.com\/es\/wp-json\/wp\/v2\/posts"}],"about":[{"href":"https:\/\/www.europesays.com\/es\/wp-json\/wp\/v2\/types\/post"}],"author":[{"embeddable":true,"href":"https:\/\/www.europesays.com\/es\/wp-json\/wp\/v2\/users\/2"}],"replies":[{"embeddable":true,"href":"https:\/\/www.europesays.com\/es\/wp-json\/wp\/v2\/comments?post=157007"}],"version-history":[{"count":0,"href":"https:\/\/www.europesays.com\/es\/wp-json\/wp\/v2\/posts\/157007\/revisions"}],"wp:featuredmedia":[{"embeddable":true,"href":"https:\/\/www.europesays.com\/es\/wp-json\/wp\/v2\/media\/157008"}],"wp:attachment":[{"href":"https:\/\/www.europesays.com\/es\/wp-json\/wp\/v2\/media?parent=157007"}],"wp:term":[{"taxonomy":"category","embeddable":true,"href":"https:\/\/www.europesays.com\/es\/wp-json\/wp\/v2\/categories?post=157007"},{"taxonomy":"post_tag","embeddable":true,"href":"https:\/\/www.europesays.com\/es\/wp-json\/wp\/v2\/tags?post=157007"}],"curies":[{"name":"wp","href":"https:\/\/api.w.org\/{rel}","templated":true}]}}