{"id":157022,"date":"2025-10-04T20:24:07","date_gmt":"2025-10-04T20:24:07","guid":{"rendered":"https:\/\/www.europesays.com\/es\/157022\/"},"modified":"2025-10-04T20:24:07","modified_gmt":"2025-10-04T20:24:07","slug":"activistas-de-la-flotilla-denuncian-que-greta-thunberg-fue-torturada-en-israel-la-golpearon-y-arrastraron","status":"publish","type":"post","link":"https:\/\/www.europesays.com\/es\/157022\/","title":{"rendered":"Activistas de la Flotilla denuncian que Greta Thunberg fue torturada en Israel: \u00abLa golpearon y arrastraron\u00bb"},"content":{"rendered":"<p class=\"L6-news-detail__text\">Activistas de la<b> Flotilla Global Sumud<\/b> han criticado en <b><a title=\"Turqu\u00eda\" href=\"https:\/\/www.lasexta.com\/temas\/turquia-1\" target=\"_blank\" rel=\"nofollow noopener\">Turqu\u00eda<\/a><\/b> las condiciones de su detenci\u00f3n en Israel, donde, aseguran, <b>se les priv\u00f3 de comida y agua. <\/b>Adem\u00e1s, han denunciado que la activista sueca <b><a title=\"Greta Thunberg\" href=\"https:\/\/www.lasexta.com\/temas\/greta_thunberg-1\" target=\"_blank\" rel=\"nofollow noopener\">Greta Thunberg<\/a><\/b><b>fue torturada<\/b>, con golpes y un trato degradante.<\/p>\n<p class=\"L6-news-detail__text\">Un total de 137 activistas, 36 turcos y 101 de otras nacionalidades, aterrizaron en Estambul este s\u00e1bado a bordo de un avi\u00f3n de Turkish Airlines, procedente de Israel. A su llegada,<b> se quitaron el uniforme que<\/b>, seg\u00fan dijeron, las autoridades israel\u00edes <b>les obligaron a vestir<\/b>, y corearon consignas como \u00abPalestina libre\u00bb al bajar del avi\u00f3n.<\/p>\n<p class=\"L6-news-detail__text\">En declaraciones a medios locales desde el aeropuerto, varios activistas han criticado las condiciones de su detenci\u00f3n, afirmando que estuvieron con las manos atadas a la espalda, <b>sin recibir agua ni comida durante entre 36 y 40 horas<\/b>, y que incluso intentaron beber agua del inodoro ante la falta de l\u00edquidos.<\/p>\n<p class=\"L6-news-detail__text\">La activista turca Aycin Kantoglu ha se\u00f1alado que cuando a varias mujeres les quitaron sus pa\u00f1uelos, otras compa\u00f1eras que no los llevaban se quitaron las camisetas para ayudarlas a cubrirse la cabeza. Adem\u00e1s, tambi\u00e9n ha asegurado que <b>a Thunberg la esposaron<\/b>, le pusieron una bandera israel\u00ed en las manos a la fuerza <b>y \u00abla golpearon\u00bb<\/b>.<\/p>\n<p class=\"L6-news-detail__text\"><b>\u00abNos hicieron registros corporales una vez tras otra, incluso nos revisaron los dientes<\/b>, pero no lograron intimidarnos\u00bb, ha declarado al canal &#8216;NTV&#8217;, a lo que ha a\u00f1adido: \u00abEn prisi\u00f3n vi paredes con lemas como &#8216;Palestina libre&#8217;, y nosotros <b>seguimos gritando consignas mientras nos maltrataban<\/b>\u00ab.<\/p>\n<p class=\"L6-news-detail__text\">Por su parte, el activista y periodista turco Ersin Celik, ha afirmado en declaraciones a &#8216;CNNT\u00fcrk&#8217; que \u00ab<b>Greta fue torturada de forma grave, la arrastraron por el suelo<\/b>, e intentaron forzarla a besar la bandera israel\u00ed\u00bb. \u00abGreta es solo una ni\u00f1a, pero la atacaron deliberadamente. Trataron de criminalizar a toda la flotilla a trav\u00e9s de ella\u00bb, ha lamentado.<\/p>\n<p>\u00abEstuvimos 24 horas en prisi\u00f3n sin agua ni comida\u00bb<\/p>\n<p class=\"L6-news-detail__text\">Adem\u00e1s, el activista Bekir Develi ha denunciado que, tras ser detenidos, fueron esposados con las manos a la espalda y les dejaron expuestos al sol durante m\u00e1s de cuatro horas. \u00ab<b>Estuvimos 24 horas en prisi\u00f3n sin agua ni comida<\/b>. Nos trataron con brutalidad\u00bb, ha expresado a &#8216;CNNT\u00fcrk&#8217;.<\/p>\n<p class=\"L6-news-detail__text\">Otro testimonio ha se\u00f1alado que durante la madrugada <b>irrumpieron en sus habitaciones con perros <\/b>y guardias armados, impidi\u00e9ndoles dormir con constantes interrupciones.<\/p>\n<p class=\"L6-news-detail__text\">Durante el recibimiento en Estambul, los activistas leyeron en voz alta los nombres de los ciudadanos turcos que a\u00fan permanecen detenidos en Israel, y <b>exigieron su repatriaci\u00f3n inmediata<\/b>. Seg\u00fan las autoridades turcas, otros 14 ciudadanos turcos siguen en territorio israel\u00ed y ser\u00e1n devueltos tan pronto concluyan los tr\u00e1mites correspondientes.<\/p>\n<p class=\"L6-news-detail__text\">Los barcos de la Flotilla con ayuda humanitaria <b><a title=\"fueron interceptados en aguas internacionales\" href=\"https:\/\/www.lasexta.com\/noticias\/internacional\/israel-intercepta-ultimo-barco-global-sumud-flotilla-que-mantenia-rumbo-gaza_2025100368df88ed2aac281a5cbb78f5.html\" target=\"_blank\" rel=\"nofollow noopener\">fueron interceptados en aguas internacionales<\/a><\/b>, a unas 70 millas n\u00e1uticas de la costa de Gaza, una zona donde la Armada israel\u00ed patrulla, aunque no tiene jurisdicci\u00f3n legal.<\/p>\n<p class=\"L6-news-detail__text\">El Ej\u00e9rcito israel\u00ed justific\u00f3 la operaci\u00f3n alegando que las embarcaciones se dirig\u00edan a \u00abuna zona de combate activa\u00bb. As\u00ed, las autoridades israel\u00edes trasladaron y <b>recluyeron a los alrededor de 450 activistas <\/b>que viajaban en la Flotilla en la prisi\u00f3n de Saharonim, en el desierto.<\/p>\n<p class=\"L6-news-detail__text\"><b><a title=\"*Sigue a laSexta en Google. Toda la actualidad y el mejor contenido aqu\u00ed.\" href=\"https:\/\/profile.google.com\/cp\/CgkvbS8wZG5xejA\" target=\"_blank\" rel=\"nofollow noopener\">*Sigue a laSexta en Google. Toda la actualidad y el mejor contenido aqu\u00ed.<\/a><\/b><\/p>\n<p class=\"L6-support-news-video__title\">Contra el desahucio<\/p>\n<p>            <a href=\"https:\/\/www.lasexta.com\/noticias\/sociedad\/vecinos-viviendas-seguridad-social-denuncian-que-sus-hogares-van-ser-subastados-gobierno-nos-desahucia_2025100468e178062aac281a5cbda6de.html\" class=\"L6-news__link\" rel=\"nofollow noopener\" target=\"_blank\"><br \/>\n                Los vecinos de unas viviendas de la Seguridad Social denuncian la subasta de sus hogares: \u00abEl Gobierno nos desahucia\u00bb<\/p>\n<p class=\"recirculation-video-desc\">El contexto Pese a los reproches de quienes intentaban pujar por ellas, han contado con el apoyo del Sindicato de Inquilinas, que tambi\u00e9n protesta contra la incoherencia del Ejecutivo, el cual es favorable a prohibir hacer negocio con la vivienda p\u00fablica.<\/p>\n<p>            <\/a><\/p>\n","protected":false},"excerpt":{"rendered":"Activistas de la Flotilla Global Sumud han criticado en Turqu\u00eda las condiciones de su detenci\u00f3n en Israel, donde,&hellip;\n","protected":false},"author":2,"featured_media":157023,"comment_status":"","ping_status":"","sticky":false,"template":"","format":"standard","meta":{"footnotes":""},"categories":[42],"tags":[17,18,13,14,11,61,62,63,64,19,20,9,10,15,16,12,21,22,65,66,67],"class_list":{"0":"post-157022","1":"post","2":"type-post","3":"status-publish","4":"format-standard","5":"has-post-thumbnail","7":"category-internacional","8":"tag-breaking-news","9":"tag-breakingnews","10":"tag-featured-news","11":"tag-featurednews","12":"tag-headlines","13":"tag-internacional","14":"tag-international","15":"tag-international-news","16":"tag-internationalnews","17":"tag-latest-news","18":"tag-latestnews","19":"tag-news","20":"tag-noticias","21":"tag-noticias-destacadas","22":"tag-noticiasdestacadas","23":"tag-titulares","24":"tag-ultimas-noticias","25":"tag-ultimasnoticias","26":"tag-world","27":"tag-world-news","28":"tag-worldnews"},"share_on_mastodon":{"url":"","error":""},"_links":{"self":[{"href":"https:\/\/www.europesays.com\/es\/wp-json\/wp\/v2\/posts\/157022","targetHints":{"allow":["GET"]}}],"collection":[{"href":"https:\/\/www.europesays.com\/es\/wp-json\/wp\/v2\/posts"}],"about":[{"href":"https:\/\/www.europesays.com\/es\/wp-json\/wp\/v2\/types\/post"}],"author":[{"embeddable":true,"href":"https:\/\/www.europesays.com\/es\/wp-json\/wp\/v2\/users\/2"}],"replies":[{"embeddable":true,"href":"https:\/\/www.europesays.com\/es\/wp-json\/wp\/v2\/comments?post=157022"}],"version-history":[{"count":0,"href":"https:\/\/www.europesays.com\/es\/wp-json\/wp\/v2\/posts\/157022\/revisions"}],"wp:featuredmedia":[{"embeddable":true,"href":"https:\/\/www.europesays.com\/es\/wp-json\/wp\/v2\/media\/157023"}],"wp:attachment":[{"href":"https:\/\/www.europesays.com\/es\/wp-json\/wp\/v2\/media?parent=157022"}],"wp:term":[{"taxonomy":"category","embeddable":true,"href":"https:\/\/www.europesays.com\/es\/wp-json\/wp\/v2\/categories?post=157022"},{"taxonomy":"post_tag","embeddable":true,"href":"https:\/\/www.europesays.com\/es\/wp-json\/wp\/v2\/tags?post=157022"}],"curies":[{"name":"wp","href":"https:\/\/api.w.org\/{rel}","templated":true}]}}