{"id":157024,"date":"2025-10-04T20:25:15","date_gmt":"2025-10-04T20:25:15","guid":{"rendered":"https:\/\/www.europesays.com\/es\/157024\/"},"modified":"2025-10-04T20:25:15","modified_gmt":"2025-10-04T20:25:15","slug":"alba-munoz-expareja-de-antonio-tejado-se-casa-por-sorpresa-en-una-romantica-boda-en-la-playa","status":"publish","type":"post","link":"https:\/\/www.europesays.com\/es\/157024\/","title":{"rendered":"Alba Mu\u00f1oz, expareja de Antonio Tejado, se casa por sorpresa en una rom\u00e1ntica boda en la playa"},"content":{"rendered":"<p>Nadie lo esperaba. Mientras todo el mundo hablaba de la gran boda en Sevilla de Cayetano Mart\u00ednez de Irujo y B\u00e1rbara Mirjan, hab\u00eda otro enlace que ha tenido lugar este s\u00e1bado. <strong>Alba Mu\u00f1oz, expareja de Antonio Tejado, ha sorprendido a todos<\/strong> al casarse por sorpresa. Ha sido el programa &#8216;Fiesta&#8217; quien ha informado de noticia tan inesperada.<\/p>\n<p>Horas antes de este acto, Alba compart\u00eda en sus stories una imagen de una pizarra del restaurante donde se le\u00eda su nombre y el de su chico, as\u00ed como la fecha.\u00a0Esta misma ma\u00f1ana ha subido una instant\u00e1nea de ella misma <strong>prepar\u00e1ndose antes de enfundarse en su precioso vestido.\u00a0<\/strong>Precisamente,\u00a0Laura, la reportera del programa de Emma Garc\u00eda, ha acompa\u00f1ado a Alba mientras se preparaba para este enlace.<\/p>\n<p><img loading=\"lazy\" decoding=\"async\"   src=\"https:\/\/www.europesays.com\/es\/wp-content\/uploads\/2025\/10\/alba-munoz_91bff668_251004173202_1200x672.webp.webp\" alt=\"Alba Mu\u00f1oz\" class=\"lazyload\" width=\"1200\" height=\"672\" data-aspectratio=\"1200\/672\"\/><\/p>\n<p>Alba Mu\u00f1oz se ha arreglado con la reportera de &#8216;Fiesta&#8217; para su boda.<\/p>\n<p>&#13;Telecinco<\/p>\n<p>\u00a0<\/p>\n<p><img decoding=\"async\" src=\"https:\/\/www.europesays.com\/es\/wp-content\/uploads\/2025\/10\/cayetano-martinez-de-irujo-y-barbara-mirjan_a4b57b57_251004170127_800x800.webp.webp\" alt=\"Cayetano Mart\u00ednez de Irujo y B\u00e1rbara Mirjan\" class=\"image lazyload\"\/><img loading=\"lazy\" decoding=\"async\" src=\"https:\/\/www.europesays.com\/es\/wp-content\/uploads\/2025\/10\/cayetano-martinez-de-irujo-y-barbara-mirjan_a4b57b57_251004170131_1280x720.webp.webp\" alt=\"Todas las fotos de la boda de Cayetano Mart\u00ednez de Irujo y B\u00e1rbara Mirjan: de los looks de las invitadas al inesperado abrazo entre hermanos\" class=\"image lazyload\" width=\"1280\" height=\"720\" data-aspectratio=\"1280\/720\"\/><\/p>\n<p>\u00ab<strong>Estoy muy nerviosa, como un flan. <\/strong>Es el hombre de mi vida, sin duda\u00bb, ha dicho, muy feliz. Despu\u00e9s, han puesto rumbo al chiringuito de la playa de Chiclana donde han querido celebrarlo.\u00a0Telas blancas en forma de arco y flores de la misma tonalidad adornaban el espacio.<\/p>\n<p><img loading=\"lazy\" decoding=\"async\"   src=\"https:\/\/www.europesays.com\/es\/wp-content\/uploads\/2025\/10\/alba-munoz_cb5a6dc6_251004165115_1200x667.webp.webp\" alt=\"Alba Mu\u00f1oz\" class=\"lazyload\" width=\"1200\" height=\"667\" data-aspectratio=\"1200\/667\"\/><\/p>\n<p>El programa &#8216;Fiesta&#8217; ha desvelado la boda de Alba Mu\u00f1oz, expareja de Antonio Tejado, con su novio.<\/p>\n<p>&#13;Telecinco<\/p>\n<p>Adem\u00e1s, han pedido a los invitados que se vistieran de este mismo color por lo que la imagen ha sido preciosa. En cuanto al vestido de novia, Alba\u00a0ha escogido un <strong>espectacular dise\u00f1o de escote halter y de l\u00edneas rectas\u00a0<\/strong>para esta segunda boda. \u00abLa ceremonia ha sido intima y familiar, pero cargada de detalles. Nada m\u00e1s terminar la ceremonia, los invitados se han puesto a bailar\u00bb, ha informado la periodista.<\/p>\n<p><img loading=\"lazy\" decoding=\"async\"   src=\"https:\/\/www.europesays.com\/es\/wp-content\/uploads\/2025\/10\/alba-munoz-y-su-marido-david_a089f192_251004173246_1200x578.webp.webp\" alt=\"Alba Mu\u00f1oz y su marido, David\" class=\"lazyload\" width=\"1200\" height=\"578\" data-aspectratio=\"1200\/578\"\/><\/p>\n<p>Alba Mu\u00f1oz y su marido, David, se han fundido en un tierno beso tras intercambiar los votos.<\/p>\n<p>&#13;Telecinco<\/p>\n<p>Nada m\u00e1s intercambiar los votos, la reportera del programa se ha dirigido a ellos para saber qu\u00e9 hab\u00edan sentido. \u00ab<strong>Ha sido muy familiar y la hemos disfrutado mucho. <\/strong>Ha sido palpable lo que nos queremos\u00bb, ha dicho Mu\u00f1oz.<\/p>\n<p>Su ya marido ha intervenido en ese momento: \u00abVoy a dejarme la vida por hacerla feliz porque tiene la sonrisa m\u00e1s bonita\u00bb.\u00a0No se quedaba ah\u00ed. David est\u00e1 muy enamorado de Alba y ha querido dejarlo claro. \u00ab<strong>Ella es una mujer incre\u00edble, una valiente<\/strong> y se merece que le pasen cosas bonitas\u00bb, ha expresado el joven.<\/p>\n<p><img loading=\"lazy\" decoding=\"async\"   src=\"https:\/\/www.europesays.com\/es\/wp-content\/uploads\/2025\/10\/alba-munoz-y-su-marido-david_a4bf8138_251004173336_1200x669.webp.webp\" alt=\"Alba Mu\u00f1oz y su marido, David\" class=\"lazyload\" width=\"1200\" height=\"669\" data-aspectratio=\"1200\/669\"\/><\/p>\n<p>Alba Mu\u00f1oz se ha sincerado con el programa &#8216;Fiesta&#8217; sobre c\u00f3mo ha ido su boda con su ya marido, David.<\/p>\n<p>&#13;<\/p>\n<p>Era entonces cuando Alba anunciaba su deseo de ser madre de nuevo. \u00abDespu\u00e9s de esta boda, me apetece volver a formar una familia. Repetir la maternidad. Soy muy joven\u00bb, ha manifestado.\u00a0<strong>Una propuesta que ha pillado a David de sorpresa<\/strong>, pero ante la que se ha mostrado muy feliz: \u00abYo\u00a0encantado. Es una noticia incre\u00edble. No me la esperaba, pero feliz\u00bb, ha apostillado.<\/p>\n<p>Su v\u00ednculo con Antonio Tejado<\/p>\n<p>Alba Mu\u00f1oz salt\u00f3 a la palestra informativa por el noviazgo que mantuvo con Kiko Rivera. Tras romper con \u00e9l, <strong>la joven empez\u00f3 a salir con Antonio Tejado con quien se cas\u00f3 en 2011<\/strong> en el monasterio de la Virgen del Loreto, en Sevilla. En aquella ocasi\u00f3n, Alba eligi\u00f3 un vestido de Rosa Clar\u00e1, de estilo griego con escote palabra de honor y dos tirantes en tul.<\/p>\n<p><img loading=\"lazy\" decoding=\"async\"   src=\"https:\/\/www.europesays.com\/es\/wp-content\/uploads\/2025\/10\/alba-munoz-y-antonio-tejado_b4f05510_251004165010_1200x800.webp.webp\" alt=\"Alba Mu\u00f1oz y Antonio Tejado\" class=\"lazyload\" width=\"1200\" height=\"800\" data-aspectratio=\"1200\/800\"\/><\/p>\n<p>Alba Mu\u00f1oz se cas\u00f3 con Antonio Tejado en 2011 en Sevilla.<\/p>\n<p>&#13;GTRES<\/p>\n<p>De su uni\u00f3n naci\u00f3 su \u00fanica hija en com\u00fan, en la que Mu\u00f1oz ha volcado todo sus esfuerzos estos a\u00f1os. De hecho, cuando sali\u00f3 a la luz <strong>la presunta implicaci\u00f3n de Antonio en el robo con fuerza<\/strong> a la casa de su t\u00eda, Mar\u00eda del Monte, Alba se mostraba preocupada sobre c\u00f3mo esto pod\u00eda afectar a la peque\u00f1a.<\/p>\n<p>\u00abSi se ha equivocado, tendr\u00e1 que ir a verlo [a la c\u00e1rcel]. Me niego a que mi hija deje de ver a su padre por esto. [&#8230;] Eso s\u00ed, no voy a permitir que vaya a un sitio as\u00ed con alguien con quien no tiene confianza. Ni con su abuela, ni con su t\u00edo, ni con la novia de su padre. En ese momento, <strong>debe estar acompa\u00f1ada de su madre<\/strong>\u00ab, <a href=\"https:\/\/www.lecturas.com\/actualidad\/alba-munoz-ex-antonio-tejado-su-madre-dice-que-su-hijo-es-victima-y-que-maria-monte-solo-quiere-dinero_181649\" target=\"_self\" rel=\"nofollow noopener\">dec\u00eda en las p\u00e1ginas de la revista Lecturas.<\/a><\/p>\n<p>En 2016, la pareja decidi\u00f3 poner punto y final a su relaci\u00f3n tras varios altibajos que acabaron con el amor que les hab\u00eda unido. Ahora, <strong>Alba ha rehecho su vida con David<\/strong>, ese hombre misterioso con el que se ha dado en &#8216;s\u00ed quiero&#8217;. Una nueva etapa vital cargada de felicidad e ilusi\u00f3n.<\/p>\n","protected":false},"excerpt":{"rendered":"Nadie lo esperaba. Mientras todo el mundo hablaba de la gran boda en Sevilla de Cayetano Mart\u00ednez de&hellip;\n","protected":false},"author":2,"featured_media":157025,"comment_status":"","ping_status":"","sticky":false,"template":"","format":"standard","meta":{"footnotes":""},"categories":[8],"tags":[17,18,25,24,13,14,11,19,20,9,10,15,16,23,12,21,22],"class_list":{"0":"post-157024","1":"post","2":"type-post","3":"status-publish","4":"format-standard","5":"has-post-thumbnail","7":"category-espana","8":"tag-breaking-news","9":"tag-breakingnews","10":"tag-es","11":"tag-espana","12":"tag-featured-news","13":"tag-featurednews","14":"tag-headlines","15":"tag-latest-news","16":"tag-latestnews","17":"tag-news","18":"tag-noticias","19":"tag-noticias-destacadas","20":"tag-noticiasdestacadas","21":"tag-spain","22":"tag-titulares","23":"tag-ultimas-noticias","24":"tag-ultimasnoticias"},"share_on_mastodon":{"url":"","error":""},"_links":{"self":[{"href":"https:\/\/www.europesays.com\/es\/wp-json\/wp\/v2\/posts\/157024","targetHints":{"allow":["GET"]}}],"collection":[{"href":"https:\/\/www.europesays.com\/es\/wp-json\/wp\/v2\/posts"}],"about":[{"href":"https:\/\/www.europesays.com\/es\/wp-json\/wp\/v2\/types\/post"}],"author":[{"embeddable":true,"href":"https:\/\/www.europesays.com\/es\/wp-json\/wp\/v2\/users\/2"}],"replies":[{"embeddable":true,"href":"https:\/\/www.europesays.com\/es\/wp-json\/wp\/v2\/comments?post=157024"}],"version-history":[{"count":0,"href":"https:\/\/www.europesays.com\/es\/wp-json\/wp\/v2\/posts\/157024\/revisions"}],"wp:featuredmedia":[{"embeddable":true,"href":"https:\/\/www.europesays.com\/es\/wp-json\/wp\/v2\/media\/157025"}],"wp:attachment":[{"href":"https:\/\/www.europesays.com\/es\/wp-json\/wp\/v2\/media?parent=157024"}],"wp:term":[{"taxonomy":"category","embeddable":true,"href":"https:\/\/www.europesays.com\/es\/wp-json\/wp\/v2\/categories?post=157024"},{"taxonomy":"post_tag","embeddable":true,"href":"https:\/\/www.europesays.com\/es\/wp-json\/wp\/v2\/tags?post=157024"}],"curies":[{"name":"wp","href":"https:\/\/api.w.org\/{rel}","templated":true}]}}