{"id":157026,"date":"2025-10-04T20:26:18","date_gmt":"2025-10-04T20:26:18","guid":{"rendered":"https:\/\/www.europesays.com\/es\/157026\/"},"modified":"2025-10-04T20:26:18","modified_gmt":"2025-10-04T20:26:18","slug":"la-fia-descalifica-a-carlos-sainz-y-albon-por-una-ilegalidad-en-sus-coches-tras-la-clasificacion-de-singapur","status":"publish","type":"post","link":"https:\/\/www.europesays.com\/es\/157026\/","title":{"rendered":"La FIA descalifica a Carlos Sainz y Albon por una ilegalidad en sus coches tras la clasificaci\u00f3n de Singapur"},"content":{"rendered":"<p data-gtm-element-container=\"modulo-texto-link\" class=\"paragraph\">Malas noticias para <strong>Carlos Sainz<\/strong> y su compa\u00f1ero en <strong>Williams<\/strong>, <strong>Alex Albon<\/strong>. Si ya de por s\u00ed ten\u00edan complicado puntuar en Singapur despu\u00e9s de que el tailand\u00e9s fuese 12\u00ba en clasificaci\u00f3n, ante un <a href=\"https:\/\/www.mundodeportivo.com\/motor\/f1\/20251004\/1004000961\/sainz-espero-podamos-jugar-estrategias.html\" target=\"_blank\" rel=\"nofollow noopener\">Sainz que fue 13<\/a>\u00ba, lo tendr\u00e1n a\u00fan m\u00e1s dif\u00edcil en la carrera de este domingo, en la que ser\u00e1 muy dif\u00edcil adelantar,<strong> debido a la descalificaci\u00f3n de ambos de la &#8216;qualy&#8217; disputada este s\u00e1bado,<\/strong> como anunci\u00f3 la FIA en sus documentos oficiales.\u00a0<\/p>\n<p data-gtm-element-container=\"modulo-texto-link\" class=\"paragraph\">Todo ello, por una infracci\u00f3n que detect\u00f3 la <strong>Federaci\u00f3n Internacional de Automovilismo<\/strong> en el <strong>DRS <\/strong>de los dos coches de <strong>Grove <\/strong>(elemento del aler\u00f3n trasero que se abre para ganar velocidad en recta).\u00a0<\/p>\n<p data-gtm-element-container=\"modulo-texto-link\" class=\"paragraph\"><strong>\u00abSe revisaron las posiciones ajustables del elemento superior del aler\u00f3n trasero en los coches 23 y 55. Ambos coches superaron el l\u00edmite m\u00e1ximo de 85 mm en ambos lados del \u00e1rea exterior del aler\u00f3n trasero\u00bb,<\/strong> apunt\u00f3 la FIA en su documento oficial.\u00a0<\/p>\n<p data-gtm-element-container=\"modulo-texto-link\" class=\"paragraph\">En estos casos, el anuncio de una investigaci\u00f3n suele ser sin\u00f3nimo de una posterior sanci\u00f3n asegurada, ya que se trata de algo no debatible: se supera el l\u00edmite o no se supera. Y as\u00ed ocurri\u00f3. Horas despu\u00e9s, se conoci\u00f3 la descalificaci\u00f3n oficial de los coches azules de la &#8216;qualy&#8217;.\u00a0 En este caso, el DRS del coche era ilegal y eso implicaba la eliminaci\u00f3n de los resultados de <strong>Albon <\/strong>y <strong>Sainz<\/strong>.\u00a0<\/p>\n<p data-gtm-element-container=\"modulo-texto-link\" class=\"paragraph\">As\u00ed, ambos deber\u00e1n salir desde las dos \u00faltimas posiciones (o desde el pit lane, pudiendo aplicar cambios en sus coches) a la carrera de este domingo. <strong>Carlos <\/strong>tiene ante s\u00ed una misi\u00f3n casi imposible para puntuar.\u00a0<\/p>\n","protected":false},"excerpt":{"rendered":"Malas noticias para Carlos Sainz y su compa\u00f1ero en Williams, Alex Albon. Si ya de por s\u00ed ten\u00edan&hellip;\n","protected":false},"author":2,"featured_media":157027,"comment_status":"","ping_status":"","sticky":false,"template":"","format":"standard","meta":{"footnotes":""},"categories":[5],"tags":[17,18,25,24,13,14,11,19,20,9,10,15,16,23,12,21,22],"class_list":{"0":"post-157026","1":"post","2":"type-post","3":"status-publish","4":"format-standard","5":"has-post-thumbnail","7":"category-titulares","8":"tag-breaking-news","9":"tag-breakingnews","10":"tag-es","11":"tag-espana","12":"tag-featured-news","13":"tag-featurednews","14":"tag-headlines","15":"tag-latest-news","16":"tag-latestnews","17":"tag-news","18":"tag-noticias","19":"tag-noticias-destacadas","20":"tag-noticiasdestacadas","21":"tag-spain","22":"tag-titulares","23":"tag-ultimas-noticias","24":"tag-ultimasnoticias"},"share_on_mastodon":{"url":"","error":""},"_links":{"self":[{"href":"https:\/\/www.europesays.com\/es\/wp-json\/wp\/v2\/posts\/157026","targetHints":{"allow":["GET"]}}],"collection":[{"href":"https:\/\/www.europesays.com\/es\/wp-json\/wp\/v2\/posts"}],"about":[{"href":"https:\/\/www.europesays.com\/es\/wp-json\/wp\/v2\/types\/post"}],"author":[{"embeddable":true,"href":"https:\/\/www.europesays.com\/es\/wp-json\/wp\/v2\/users\/2"}],"replies":[{"embeddable":true,"href":"https:\/\/www.europesays.com\/es\/wp-json\/wp\/v2\/comments?post=157026"}],"version-history":[{"count":0,"href":"https:\/\/www.europesays.com\/es\/wp-json\/wp\/v2\/posts\/157026\/revisions"}],"wp:featuredmedia":[{"embeddable":true,"href":"https:\/\/www.europesays.com\/es\/wp-json\/wp\/v2\/media\/157027"}],"wp:attachment":[{"href":"https:\/\/www.europesays.com\/es\/wp-json\/wp\/v2\/media?parent=157026"}],"wp:term":[{"taxonomy":"category","embeddable":true,"href":"https:\/\/www.europesays.com\/es\/wp-json\/wp\/v2\/categories?post=157026"},{"taxonomy":"post_tag","embeddable":true,"href":"https:\/\/www.europesays.com\/es\/wp-json\/wp\/v2\/tags?post=157026"}],"curies":[{"name":"wp","href":"https:\/\/api.w.org\/{rel}","templated":true}]}}