{"id":15703,"date":"2025-07-31T06:38:08","date_gmt":"2025-07-31T06:38:08","guid":{"rendered":"https:\/\/www.europesays.com\/es\/15703\/"},"modified":"2025-07-31T06:38:08","modified_gmt":"2025-07-31T06:38:08","slug":"kamala-harris-no-se-postulara-para-gobernadora-de-california-en-2026","status":"publish","type":"post","link":"https:\/\/www.europesays.com\/es\/15703\/","title":{"rendered":"Kamala Harris no se postular\u00e1 para gobernadora de California en 2026"},"content":{"rendered":"<p>      CNN<br \/>\n        \u00a0\u2014\u00a0<\/p>\n<p class=\"paragraph inline-placeholder vossi-paragraph\" data-uri=\"es.cms.cnn.com\/_components\/paragraph\/instances\/cmdqd3gpy0005356naan7in2d@published\" data-editable=\"text\" data-component-name=\"paragraph\" data-article-gutter=\"true\">\n            La exvicepresidenta Kamala Harris anunci\u00f3 este mi\u00e9rcoles que no se postular\u00e1 para gobernadora de California en 2026, lo que pone fin a las preguntas sobre su inter\u00e9s en el cargo, pero genera nuevas dudas sobre los planes futuros de la designada dem\u00f3crata a la presidencia en 2024.\n    <\/p>\n<p class=\"paragraph inline-placeholder vossi-paragraph\" data-uri=\"es.cms.cnn.com\/_components\/paragraph\/instances\/cmdqd3gpz0006356nksq30mi5@published\" data-editable=\"text\" data-component-name=\"paragraph\" data-article-gutter=\"true\">\n            \u201cPor ahora, mi liderazgo \u2014y servicio p\u00fablico\u2014 no ser\u00e1 en un cargo electo\u201d, dijo en un comunicado difundido este mi\u00e9rcoles. \u201cEspero volver a salir y escuchar al pueblo estadounidense, ayudar a elegir dem\u00f3cratas en todo el pa\u00eds que luchen sin miedo, y compartir m\u00e1s detalles en los pr\u00f3ximos meses sobre mis propios planes\u201d.\n    <\/p>\n<p class=\"paragraph inline-placeholder vossi-paragraph\" data-uri=\"es.cms.cnn.com\/_components\/paragraph\/instances\/cmdqd3gpz0007356n7j3n13mw@published\" data-editable=\"text\" data-component-name=\"paragraph\" data-article-gutter=\"true\">\n            Tras su derrota ante el presidente Donald Trump, Harris y su equipo <a href=\"https:\/\/nam11.safelinks.protection.outlook.com\/?url=https%3A%2F%2Fwww.cnn.com%2F2025%2F05%2F18%2Fpolitics%2Fharris-political-future&amp;data=05%7C02%7Cnomaan.merchant%40cnn.com%7Ca35d88adbb5847cabc8a08ddcf95194e%7C0eb48825e8714459bc72d0ecd68f1f39%7C0%7C0%7C638894961459750412%7CUnknown%7CTWFpbGZsb3d8eyJFbXB0eU1hcGkiOnRydWUsIlYiOiIwLjAuMDAwMCIsIlAiOiJXaW4zMiIsIkFOIjoiTWFpbCIsIldUIjoyfQ%3D%3D%7C0%7C%7C%7C&amp;sdata=zZt%2B7dOrnOTzDv%2FT87f5TesrHJq9ogv4h4I0zDKdJtY%3D&amp;reserved=0\" target=\"_blank\" rel=\"nofollow noopener\">indicaron <\/a>que se tomar\u00eda un tiempo para evaluar sus pr\u00f3ximos pasos, lo que inclu\u00eda considerar una candidatura a la gobernaci\u00f3n de California o, posiblemente, otra candidatura presidencial en 2028.\n    <\/p>\n<p class=\"paragraph inline-placeholder vossi-paragraph\" data-uri=\"es.cms.cnn.com\/_components\/paragraph\/instances\/cmdqd3gpz0008356nwa71qsi5@published\" data-editable=\"text\" data-component-name=\"paragraph\" data-article-gutter=\"true\">\n            Harris era vista como la gran favorita en el posible campo de candidatos en California, que a\u00fan incluye a otros dem\u00f3cratas prominentes como la exrepresentante Katie Porter, el exalcalde de Los \u00c1ngeles Antonio Villaraigosa y el exsecretario de Salud y Servicios Humanos Xavier Becerra. Se espera que el partido retenga el cargo en este estado de tendencia dem\u00f3crata.\n    <\/p>\n<p class=\"paragraph inline-placeholder vossi-paragraph\" data-uri=\"es.cms.cnn.com\/_components\/paragraph\/instances\/cmdqd3gpz0009356nxmobm2wq@published\" data-editable=\"text\" data-component-name=\"paragraph\" data-article-gutter=\"true\">\n            Sin embargo, Harris tambi\u00e9n enfrentaba escepticismo de algunos dem\u00f3cratas locales, preocupados por el lastre de su fallida campa\u00f1a presidencial y el posible impacto negativo en los distritos clave de la C\u00e1mara de Representantes de EE.UU. en el estado, que podr\u00edan ser decisivos en las elecciones intermedias.\n    <\/p>\n<p class=\"paragraph inline-placeholder vossi-paragraph\" data-uri=\"es.cms.cnn.com\/_components\/paragraph\/instances\/cmdqd3gpz000a356n5ck4z6z9@published\" data-editable=\"text\" data-component-name=\"paragraph\" data-article-gutter=\"true\">\n            Durante las prolongadas deliberaciones, Harris se comunic\u00f3 con exgobernadores de California para preguntar qu\u00e9 podr\u00eda lograr en el cargo y pidi\u00f3 a sus asesores investigaciones y memorandos que describieran otras opciones.\n    <\/p>\n<p class=\"paragraph inline-placeholder vossi-paragraph\" data-uri=\"es.cms.cnn.com\/_components\/paragraph\/instances\/cmdqd3gpz000b356nh7r3anpa@published\" data-editable=\"text\" data-component-name=\"paragraph\" data-article-gutter=\"true\">\n            Entre esas opciones: crear una organizaci\u00f3n 501(c)(4) centrada en el ecosistema de la informaci\u00f3n y en c\u00f3mo empoderar a los votantes j\u00f3venes mientras se replantean las instituciones clave para la democracia, crear un comit\u00e9 de acci\u00f3n pol\u00edtica para recaudar fondos para otros candidatos y realizar una gira de escucha por los estados del sur con miras a una posible candidatura presidencial en 2028.\n    <\/p>\n<p class=\"paragraph inline-placeholder vossi-paragraph\" data-uri=\"es.cms.cnn.com\/_components\/paragraph\/instances\/cmdqd3gpz000c356n57ktghb8@published\" data-editable=\"text\" data-component-name=\"paragraph\" data-article-gutter=\"true\">\n            Harris quer\u00eda tomar la decisi\u00f3n sobre su candidatura antes de que se anunciara una esperada gira de promoci\u00f3n de su libro en oto\u00f1o. Ese anuncio llegar\u00e1 pronto.\n    <\/p>\n<p class=\"paragraph inline-placeholder vossi-paragraph\" data-uri=\"es.cms.cnn.com\/_components\/paragraph\/instances\/cmdqd3gpz000d356ntnljte0h@published\" data-editable=\"text\" data-component-name=\"paragraph\" data-article-gutter=\"true\">\n            Seg\u00fan una persona familiarizada con sus deliberaciones, su pensamiento era que tendr\u00eda tiempo para todas estas cosas si no se postulaba para gobernadora.\n    <\/p>\n<p class=\"paragraph inline-placeholder vossi-paragraph\" data-uri=\"es.cms.cnn.com\/_components\/paragraph\/instances\/cmdqd3gpz000e356nnnpi63rj@published\" data-editable=\"text\" data-component-name=\"paragraph\" data-article-gutter=\"true\">\n            \u201cTengo una admiraci\u00f3n y respeto extraordinarios por quienes dedican su vida al servicio p\u00fablico: al servicio de sus comunidades y de nuestra naci\u00f3n\u201d, dijo en su comunicado de este mi\u00e9rcoles. \u201cAl mismo tiempo, debemos reconocer que nuestra pol\u00edtica, nuestro gobierno y nuestras instituciones han fallado con demasiada frecuencia al pueblo estadounidense, culminando en este momento de crisis. De cara al futuro, debemos estar dispuestos a buscar el cambio mediante nuevos m\u00e9todos y un pensamiento renovado, comprometidos con nuestros mismos valores y principios, pero sin estar atados al mismo manual\u201d.\n    <\/p>\n<p class=\"paragraph inline-placeholder vossi-paragraph\" data-uri=\"es.cms.cnn.com\/_components\/paragraph\/instances\/cmdqd0hcz0000356nonra7kww@published\" data-editable=\"text\" data-component-name=\"paragraph\" data-article-gutter=\"true\">\n            Dos personas que hablaron con Harris enfatizaron que el anuncio no debe interpretarse como una se\u00f1al definitiva de que volver\u00e1 a postularse para la presidencia.\n    <\/p>\n<p class=\"paragraph inline-placeholder vossi-paragraph\" data-uri=\"es.cms.cnn.com\/_components\/paragraph\/instances\/cmdqd3gpz000g356nsz662ydr@published\" data-editable=\"text\" data-component-name=\"paragraph\" data-article-gutter=\"true\">\n            Harris tom\u00f3 la decisi\u00f3n anunciada este mi\u00e9rcoles tras regresar de un viaje al Reino Unido la semana pasada para asistir a la boda de la hija de su amiga y donante de larga data, Laurene Powell Jobs.\n    <\/p>\n<p class=\"paragraph inline-placeholder vossi-paragraph\" data-uri=\"es.cms.cnn.com\/_components\/paragraph\/instances\/cmdqd3gpz000h356nuo5b12xe@published\" data-editable=\"text\" data-component-name=\"paragraph\" data-article-gutter=\"true\">\n            Durante semanas, hab\u00eda dado la impresi\u00f3n a quienes hablaban con ella de que se alejaba de la idea de postularse. Le dijo a una persona que sent\u00eda que pod\u00eda tener el mayor impacto liderando \u201cdesde fuera\u201d.\n    <\/p>\n<p class=\"paragraph inline-placeholder vossi-paragraph\" data-uri=\"es.cms.cnn.com\/_components\/paragraph\/instances\/cmdqd3gpz000i356nysulibfu@published\" data-editable=\"text\" data-component-name=\"paragraph\" data-article-gutter=\"true\">\n            Harris y varios amigos cercanos tem\u00edan que se viera atrapada en los detalles de una campa\u00f1a para gobernadora, especialmente porque pensaban que tendr\u00eda que esforzarse mucho para demostrar que no daba la carrera por sentada, y eso la alejar\u00eda de discusiones m\u00e1s importantes en las que a\u00fan quiere participar.\n    <\/p>\n<p class=\"paragraph inline-placeholder vossi-paragraph\" data-uri=\"es.cms.cnn.com\/_components\/paragraph\/instances\/cmdqd3gpz000j356nb7is45ar@published\" data-editable=\"text\" data-component-name=\"paragraph\" data-article-gutter=\"true\">\n            \u201cPara postularse a gobernadora, hay que ser m\u00e1s espec\u00edfico y detallado respecto a lo que trabaja la legislatura, y ella es necesaria en la conversaci\u00f3n nacional\u201d, dijo a CNN la primera persona que habl\u00f3 con ella. Sobre una nueva candidatura presidencial, \u201ceso significa que no tiene que tomar una decisi\u00f3n ahora, pero puede dedicar tiempo a liderar\u201d.\n    <\/p>\n<p class=\"paragraph inline-placeholder vossi-paragraph\" data-uri=\"es.cms.cnn.com\/_components\/paragraph\/instances\/cmdqd3gpz000k356ng2kis2z3@published\" data-editable=\"text\" data-component-name=\"paragraph\" data-article-gutter=\"true\">\n            Parte de lo que Harris quiere hacer es ayudar a los dem\u00f3cratas en las elecciones intermedias del pr\u00f3ximo a\u00f1o. Eso podr\u00eda incluir hacer campa\u00f1a directamente, pero tambi\u00e9n ser\u00eda un enfoque del PAC que est\u00e1 considerando crear.\n    <\/p>\n<p class=\"paragraph inline-placeholder vossi-paragraph\" data-uri=\"es.cms.cnn.com\/_components\/paragraph\/instances\/cmdqd3gpz000l356nef5jfi44@published\" data-editable=\"text\" data-component-name=\"paragraph\" data-article-gutter=\"true\">\n            Solo en California, hay m\u00e1s esca\u00f1os competitivos en la C\u00e1mara de Representantes que la actual diferencia de los republicanos en la C\u00e1mara. Ese n\u00famero podr\u00eda aumentar si el gobernador Gavin Newsom sigue adelante con la redistribuci\u00f3n de distritos a mitad de d\u00e9cada que dice que impulsar\u00e1 si Texas cambia sus propios l\u00edmites para beneficiar a los republicanos. Pero despu\u00e9s de la campa\u00f1a presidencial del a\u00f1o pasado, Harris podr\u00eda tener influencia mucho m\u00e1s all\u00e1 de California.\n    <\/p>\n","protected":false},"excerpt":{"rendered":"CNN \u00a0\u2014\u00a0 La exvicepresidenta Kamala Harris anunci\u00f3 este mi\u00e9rcoles que no se postular\u00e1 para gobernadora de California en&hellip;\n","protected":false},"author":2,"featured_media":15704,"comment_status":"","ping_status":"","sticky":false,"template":"","format":"standard","meta":{"footnotes":""},"categories":[42],"tags":[17,18,643,13,14,11,61,62,63,64,4330,19,20,9,10,15,16,952,12,21,22,65,66,67],"class_list":{"0":"post-15703","1":"post","2":"type-post","3":"status-publish","4":"format-standard","5":"has-post-thumbnail","7":"category-internacional","8":"tag-breaking-news","9":"tag-breakingnews","10":"tag-california","11":"tag-featured-news","12":"tag-featurednews","13":"tag-headlines","14":"tag-internacional","15":"tag-international","16":"tag-international-news","17":"tag-internationalnews","18":"tag-kamala-harris","19":"tag-latest-news","20":"tag-latestnews","21":"tag-news","22":"tag-noticias","23":"tag-noticias-destacadas","24":"tag-noticiasdestacadas","25":"tag-politica","26":"tag-titulares","27":"tag-ultimas-noticias","28":"tag-ultimasnoticias","29":"tag-world","30":"tag-world-news","31":"tag-worldnews"},"share_on_mastodon":{"url":"","error":""},"_links":{"self":[{"href":"https:\/\/www.europesays.com\/es\/wp-json\/wp\/v2\/posts\/15703","targetHints":{"allow":["GET"]}}],"collection":[{"href":"https:\/\/www.europesays.com\/es\/wp-json\/wp\/v2\/posts"}],"about":[{"href":"https:\/\/www.europesays.com\/es\/wp-json\/wp\/v2\/types\/post"}],"author":[{"embeddable":true,"href":"https:\/\/www.europesays.com\/es\/wp-json\/wp\/v2\/users\/2"}],"replies":[{"embeddable":true,"href":"https:\/\/www.europesays.com\/es\/wp-json\/wp\/v2\/comments?post=15703"}],"version-history":[{"count":0,"href":"https:\/\/www.europesays.com\/es\/wp-json\/wp\/v2\/posts\/15703\/revisions"}],"wp:featuredmedia":[{"embeddable":true,"href":"https:\/\/www.europesays.com\/es\/wp-json\/wp\/v2\/media\/15704"}],"wp:attachment":[{"href":"https:\/\/www.europesays.com\/es\/wp-json\/wp\/v2\/media?parent=15703"}],"wp:term":[{"taxonomy":"category","embeddable":true,"href":"https:\/\/www.europesays.com\/es\/wp-json\/wp\/v2\/categories?post=15703"},{"taxonomy":"post_tag","embeddable":true,"href":"https:\/\/www.europesays.com\/es\/wp-json\/wp\/v2\/tags?post=15703"}],"curies":[{"name":"wp","href":"https:\/\/api.w.org\/{rel}","templated":true}]}}