{"id":157036,"date":"2025-10-04T20:36:14","date_gmt":"2025-10-04T20:36:14","guid":{"rendered":"https:\/\/www.europesays.com\/es\/157036\/"},"modified":"2025-10-04T20:36:14","modified_gmt":"2025-10-04T20:36:14","slug":"angelica-rivera-sorprende-con-su-respuesta-al-ser-cuestionada-por-la-boda-de-cristian-castro","status":"publish","type":"post","link":"https:\/\/www.europesays.com\/es\/157036\/","title":{"rendered":"Ang\u00e9lica Rivera sorprende con su respuesta al ser cuestionada por la boda de Cristian Castro"},"content":{"rendered":"<p id=\"e2925dCasz\" data-wc=\"101\">En m\u00e1s de una ocasi\u00f3n, <strong>Ang\u00e9lica Rivera\u00a0<\/strong>y <strong>Cristian Castro\u00a0<\/strong>han dejado en claro <a class=\"hm-link ho-link\" href=\"https:\/\/www.hola.com\/us-es\/celebrities\/20250817850599\/angelica-rivera-cristian-castro-reencuentro\/\" data-mrf-recirculation=\"article-body-link\" rel=\"nofollow noopener\" target=\"_blank\">la cercan\u00eda que los une<\/a>, una relaci\u00f3n que va m\u00e1s all\u00e1 de la formalidad familiar y que se refleja en gestos de cari\u00f1o y complicidad. Esta conexi\u00f3n volvi\u00f3 a ser evidente cuando la prensa cuestion\u00f3 a la actriz sobre la pr\u00f3xima boda del cantante, primo de sus hijas, con <strong>Mariela S\u00e1nchez<\/strong>, programada para el 2 de febrero en la Bas\u00edlica de Guadalupe. La noticia gener\u00f3 gran expectativa entre los seguidores, quienes siguen de cerca tanto la relaci\u00f3n entre ambos como los preparativos de este enlace tan esperado.<\/p>\n<p> <img src=\"https:\/\/www.europesays.com\/es\/wp-content\/uploads\/2025\/10\/7db0d9c0c82d-485886362184935561940605605417259104753576322n.jpg\"   width=\"819\" height=\"1024\" loading=\"lazy\" decoding=\"async\" alt=\"Cristian Castro y su novia Mariela S\u00e1nchez durante un viaje a Nueva York.\" fetchpriority=\"auto\" class=\"image ho-image\"\/>\u00a9 Instagram @sanchez.marielaCristian Castro y su novia Mariela S\u00e1nchez se casar\u00e1n el pr\u00f3ximo 2 de febrero en la Ciudad de M\u00e9xico<\/p>\n<p id=\"eLNaabDrXVs\" data-wc=\"55\">Al ser preguntada sobre su asistencia al evento, la int\u00e9rprete respondi\u00f3 con picard\u00eda y humor: \u201cAh, yo pens\u00e9 que hablaban de mi boda. Dicen: \u2018\u00bfYa lista para la boda?\u2019 Y yo digo: \u2018S\u00ed, ya estoy lista para mi boda\u2019\u201d, declar\u00f3, seg\u00fan Ventaneando, dejando entrever su naturalidad y la confianza que existe entre ella y Cristian.<\/p>\n<p> <img src=\"https:\/\/www.europesays.com\/es\/wp-content\/uploads\/2025\/08\/dace6def4306-imagen1.jpg\"   width=\"576\" height=\"1024\" loading=\"lazy\" decoding=\"async\" alt=\"Ang\u00e9lica Rivera y Cristian Castro se dejaron ver cercanos y muy felices juntos\" fetchpriority=\"auto\" class=\"image ho-image\"\/>\u00a9 IG: @angelicariverahoficialAng\u00e9lica Rivera y Cristian Castro se han dejado ver cercanos y muy felices juntos recientemente<\/p>\n<p id=\"eKrOVPObOKw\" data-wc=\"62\">Hace unas semanas, el propio cantante confirm\u00f3 los detalles del enlace: \u201cS\u00ed, claro que s\u00ed (hay planes de boda) nos casamos este 2 de febrero. As\u00ed que estamos afinando los detalles, lo tenemos que hacer ac\u00e1 en la de Guadalupe, \u00bfverdad? En la Bas\u00edlica (de Guadalupe)\u201c, dijo a medios como De Primera Mano, anticipando un momento familiar lleno de cercan\u00eda y emoci\u00f3n.<\/p>\n<p> <img src=\"https:\/\/www.europesays.com\/es\/wp-content\/uploads\/2025\/10\/7e94b473f8f6-cristianmarielamonaco.jpg\"   width=\"768\" height=\"1024\" loading=\"lazy\" decoding=\"async\" alt=\"Cristian Castro y Mariela S\u00e1nchez\" fetchpriority=\"auto\" class=\"image ho-image\"\/>\u00a9 IG: @sanchez.marielaCristian Castro y Mariela S\u00e1nchez<br \/>\nLa cercan\u00eda de Cristian y Ang\u00e9lica<\/p>\n<p id=\"eDJuj9GVpTo\" data-wc=\"70\">Los recientes encuentrod entre Ang\u00e9lica Rivera y Cristian Castro han despertado la atenci\u00f3n del p\u00fablico, pues de esta forma han desmintido cualquier rumor de distanciamiento familiar. Durante meses se hab\u00eda especulado sobre posibles tensiones, especialmente tras la ausencia de Ver\u00f3nica Castro en la boda de Sof\u00eda Castro, pero la complicidad entre Ang\u00e9lica y Cristian qued\u00f3 clara: gestos cari\u00f1osos y sonrisas compartidas evidencian que la relaci\u00f3n sigue siendo fuerte y afectuosa.<\/p>\n<p id=\"e671bWWlGdI\" data-wc=\"96\">Tal y como sucedi\u00f3 hace unas semanas, cunado la actrioz dio cuenta de su encuentro con el cantante en sus redes sociales, donde public\u00f3 una historia en la que aparece sonriente mientras Cristian le besa la mejilla. Ang\u00e9lica musicaliz\u00f3 la imagen con la canci\u00f3n Azul, uno de los temas m\u00e1s emblem\u00e1ticos de Cristian, y al pie de la imagen escribi\u00f3: \u201cPorque nuestro amor siempre ser\u00e1 azul\u2026 Te quiero\u201d. Un mensaje breve pero lleno de emoci\u00f3n que refleja la importancia de los v\u00ednculos familiares y la cercan\u00eda que mantiene con el cantante, justo antes de su boda.<\/p>\n<p id=\"e8XGcLa4Yfb\" data-wc=\"0\">\u00a0<\/p>\n","protected":false},"excerpt":{"rendered":"En m\u00e1s de una ocasi\u00f3n, Ang\u00e9lica Rivera\u00a0y Cristian Castro\u00a0han dejado en claro la cercan\u00eda que los une, una&hellip;\n","protected":false},"author":2,"featured_media":55121,"comment_status":"","ping_status":"","sticky":false,"template":"","format":"standard","meta":{"footnotes":""},"categories":[174],"tags":[517,23909,255,23908,146,147,25,24,256,23],"class_list":{"0":"post-157036","1":"post","2":"type-post","3":"status-publish","4":"format-standard","5":"has-post-thumbnail","7":"category-famosos","8":"tag-actualidad","9":"tag-angelica-rivera","10":"tag-celebrities","11":"tag-cristian-castro","12":"tag-entertainment","13":"tag-entretenimiento","14":"tag-es","15":"tag-espana","16":"tag-famosos","17":"tag-spain"},"share_on_mastodon":{"url":"","error":""},"_links":{"self":[{"href":"https:\/\/www.europesays.com\/es\/wp-json\/wp\/v2\/posts\/157036","targetHints":{"allow":["GET"]}}],"collection":[{"href":"https:\/\/www.europesays.com\/es\/wp-json\/wp\/v2\/posts"}],"about":[{"href":"https:\/\/www.europesays.com\/es\/wp-json\/wp\/v2\/types\/post"}],"author":[{"embeddable":true,"href":"https:\/\/www.europesays.com\/es\/wp-json\/wp\/v2\/users\/2"}],"replies":[{"embeddable":true,"href":"https:\/\/www.europesays.com\/es\/wp-json\/wp\/v2\/comments?post=157036"}],"version-history":[{"count":0,"href":"https:\/\/www.europesays.com\/es\/wp-json\/wp\/v2\/posts\/157036\/revisions"}],"wp:featuredmedia":[{"embeddable":true,"href":"https:\/\/www.europesays.com\/es\/wp-json\/wp\/v2\/media\/55121"}],"wp:attachment":[{"href":"https:\/\/www.europesays.com\/es\/wp-json\/wp\/v2\/media?parent=157036"}],"wp:term":[{"taxonomy":"category","embeddable":true,"href":"https:\/\/www.europesays.com\/es\/wp-json\/wp\/v2\/categories?post=157036"},{"taxonomy":"post_tag","embeddable":true,"href":"https:\/\/www.europesays.com\/es\/wp-json\/wp\/v2\/tags?post=157036"}],"curies":[{"name":"wp","href":"https:\/\/api.w.org\/{rel}","templated":true}]}}