{"id":157037,"date":"2025-10-04T20:38:10","date_gmt":"2025-10-04T20:38:10","guid":{"rendered":"https:\/\/www.europesays.com\/es\/157037\/"},"modified":"2025-10-04T20:38:10","modified_gmt":"2025-10-04T20:38:10","slug":"fishel-szlajen-publica-un-libro-que-pone-la-etica-en-el-centro-del-debate-sobre-inteligencia-artificial-y-biotecnologia","status":"publish","type":"post","link":"https:\/\/www.europesays.com\/es\/157037\/","title":{"rendered":"Fishel Szlajen publica un libro que pone la \u00e9tica en el centro del debate sobre inteligencia artificial y biotecnolog\u00eda"},"content":{"rendered":"<p><img alt=\"El Rabino Dr. Fishel Szlajen\" class=\"global-image\" decoding=\"async\" fetchpriority=\"high\" height=\"1080\" loading=\"eager\" src=\"https:\/\/www.europesays.com\/es\/wp-content\/uploads\/2025\/10\/AQGOQ6ZVWBDXNKCJZTOMTXYCYA.jpg\" width=\"1920\"\/>El Rabino Dr. Fishel Szlajen publica \u00ab\u00c9tica y Pol\u00edticas P\u00fablicas\u00bb, un manual clave para la bio\u00e9tica contempor\u00e1nea<\/p>\n<p class=\"paragraph\">La irrupci\u00f3n de la <b>inteligencia artificial<\/b>, el avance de la <b>biotecnolog\u00eda<\/b> y la fragilidad de las <b>democracias contempor\u00e1neas<\/b> han generado desaf\u00edos in\u00e9ditos para la gobernanza y la \u00e9tica p\u00fablica. En este contexto, el <b>Rabino Dr. Fishel Szlajen<\/b>, reconocido como uno de los bioeticistas m\u00e1s influyentes de Sudam\u00e9rica y miembro de la Pontificia Academia para la Vida en Roma, presenta una obra que busca ofrecer respuestas concretas a estos dilemas: <b>\u00c9tica y Pol\u00edticas P\u00fablicas: biotecnolog\u00eda, religi\u00f3n, derecho y sociedad<\/b>.<\/p>\n<p class=\"paragraph\">Con 750 p\u00e1ginas y m\u00e1s de 130 t\u00f3picos, el libro se erige como un manual de referencia para abordar la <b>gobernanza en la era tecnocr\u00e1tica<\/b> del siglo XXI. <b>Szlajen<\/b> integra en su an\u00e1lisis la bio\u00e9tica, la religi\u00f3n, el derecho y la pol\u00edtica, proponiendo soluciones aplicadas a \u00e1reas como la salud, la justicia, la cultura y la democracia, siempre bajo un enfoque \u00e9tico y humanista. La obra se distingue por su car\u00e1cter pr\u00e1ctico, permitiendo una lectura por cap\u00edtulos que funciona como br\u00fajula frente a los dilemas cotidianos y los grandes debates de la agenda p\u00fablica.<\/p>\n<p class=\"paragraph\">El texto se estructura en tres grandes ejes: <b>bio\u00e9tica y biotecnolog\u00eda<\/b>; <b>religi\u00f3n y sociedad<\/b>; y <b>pol\u00edtica, derecho y democracia<\/b>. A trav\u00e9s de estos apartados, <b>Szlajen <\/b>enfrenta preguntas urgentes que van desde la manipulaci\u00f3n gen\u00e9tica y el \u201cmejoramiento humano\u201d hasta los l\u00edmites \u00e9ticos en el uso de la inteligencia artificial en sectores como la salud, la educaci\u00f3n y el empleo. El autor tambi\u00e9n examina la corrupci\u00f3n pol\u00edtica, el fraude electoral, la crisis de representaci\u00f3n y el papel de los organismos multilaterales e internacionales, cuestionando si estos \u00faltimos son parte de la soluci\u00f3n o del problema.<\/p>\n<p><img alt=\"La obra aborda m\u00e1s de\" class=\"global-image\" decoding=\"async\" fetchpriority=\"low\" height=\"814\" loading=\"lazy\" src=\"https:\/\/www.europesays.com\/es\/wp-content\/uploads\/2025\/10\/YLRJOOSTNJELTAEAPE43GJDDRY.jpg\" width=\"1920\"\/>La obra aborda m\u00e1s de 130 t\u00f3picos sobre biotecnolog\u00eda, religi\u00f3n, derecho y sociedad en la era tecnocr\u00e1tica<\/p>\n<p class=\"paragraph\">Entre los interrogantes que plantea la obra, destacan: \u201c\u00bfHasta d\u00f3nde llegar con la manipulaci\u00f3n gen\u00e9tica y el \u2018mejoramiento humano\u2019?\u201d, \u201c\u00bfCu\u00e1les son los l\u00edmites \u00e9ticos en el uso de la inteligencia artificial en salud, educaci\u00f3n y empleo?\u201d, y \u201c\u00bfCu\u00e1l es el l\u00edmite entre la cibervigilancia y los derechos civiles?\u201d. Adem\u00e1s, <b>Szlajen <\/b>explora el lugar de la libertad de conciencia y la dignidad humana en tiempos de populismos y algoritmos, as\u00ed como la tensi\u00f3n entre derechos individuales y bienes colectivos.<\/p>\n<p class=\"paragraph\">El pr\u00f3logo, escrito por el <b>Pbro. Dr. Rub\u00e9n Revello<\/b>, director del <b>Instituto de Bio\u00e9tica de la UCA<\/b>, subraya la valent\u00eda y el rigor intelectual del autor.<\/p>\n<p class=\"paragraph\">El libro no se limita a la teor\u00eda, sino que constituye un ejercicio de \u00e9tica aplicada. Cada cap\u00edtulo confronta principios \u00e9ticos, jur\u00eddicos y religiosos con problemas actuales: desde la regulaci\u00f3n de la inteligencia artificial en salud, empleo, justicia y educaci\u00f3n, hasta el envejecimiento de la poblaci\u00f3n mundial y la protecci\u00f3n de la ancianidad. Tambi\u00e9n aborda la lucha contra la corrupci\u00f3n estructural, la crisis de representatividad pol\u00edtica y la defensa de la libertad de conciencia y de religi\u00f3n frente a los discursos de odio.<\/p>\n<p><img alt=\"Szlajen analiza dilemas como la\" class=\"global-image\" decoding=\"async\" fetchpriority=\"low\" height=\"2310\" loading=\"lazy\" src=\"https:\/\/www.europesays.com\/es\/wp-content\/uploads\/2025\/10\/ZR3JFXAGMBBZNFWBRNYPWWHHDM.jpeg\" width=\"1920\"\/>Szlajen analiza dilemas como la manipulaci\u00f3n gen\u00e9tica, la inteligencia artificial y la crisis de las democracias<\/p>\n<p class=\"paragraph\">En el \u00e1mbito de la biotecnolog\u00eda, la obra examina cuestiones como la manipulaci\u00f3n gen\u00e9tica, la edici\u00f3n de embriones, la creaci\u00f3n de quimeras para investigaci\u00f3n, los l\u00edmites del \u201cmejoramiento artificial humano\u201d, los bancos gen\u00f3micos, la autonom\u00eda, la eutanasia y la salud p\u00fablica y mental. <\/p>\n<p class=\"paragraph\">El an\u00e1lisis se extiende a fen\u00f3menos culturales, donde se examina el impacto de las ideolog\u00edas, la identidad en el poshumanismo, la destradicionalizaci\u00f3n, la educaci\u00f3n, la polarizaci\u00f3n pol\u00edtica, la \u00e9pica, los mitos y el mesianismo en pol\u00edtica, la institucionalidad y el papel de los medios de comunicaci\u00f3n. El resultado es <b>un mapa \u00e9tico integral<\/b> que conecta la vida cotidiana con las grandes tensiones de la agenda global.<\/p>\n<p class=\"paragraph\"><b>\u00c9tica y Pol\u00edticas P\u00fablicas<\/b> representa la novena obra en el acervo bibliogr\u00e1fico de <b>Fishel Szlajen<\/b> y recuerda un principio fundamental: sin \u00e9tica, no hay pol\u00edtica p\u00fablica que perdure ni democracia que resista.<\/p>\n","protected":false},"excerpt":{"rendered":"El Rabino Dr. Fishel Szlajen publica \u00ab\u00c9tica y Pol\u00edticas P\u00fablicas\u00bb, un manual clave para la bio\u00e9tica contempor\u00e1nea La&hellip;\n","protected":false},"author":2,"featured_media":157038,"comment_status":"","ping_status":"","sticky":false,"template":"","format":"standard","meta":{"footnotes":""},"categories":[172],"tags":[224,146,147,25,24,225,23],"class_list":{"0":"post-157037","1":"post","2":"type-post","3":"status-publish","4":"format-standard","5":"has-post-thumbnail","7":"category-libros","8":"tag-books","9":"tag-entertainment","10":"tag-entretenimiento","11":"tag-es","12":"tag-espana","13":"tag-libros","14":"tag-spain"},"share_on_mastodon":{"url":"","error":""},"_links":{"self":[{"href":"https:\/\/www.europesays.com\/es\/wp-json\/wp\/v2\/posts\/157037","targetHints":{"allow":["GET"]}}],"collection":[{"href":"https:\/\/www.europesays.com\/es\/wp-json\/wp\/v2\/posts"}],"about":[{"href":"https:\/\/www.europesays.com\/es\/wp-json\/wp\/v2\/types\/post"}],"author":[{"embeddable":true,"href":"https:\/\/www.europesays.com\/es\/wp-json\/wp\/v2\/users\/2"}],"replies":[{"embeddable":true,"href":"https:\/\/www.europesays.com\/es\/wp-json\/wp\/v2\/comments?post=157037"}],"version-history":[{"count":0,"href":"https:\/\/www.europesays.com\/es\/wp-json\/wp\/v2\/posts\/157037\/revisions"}],"wp:featuredmedia":[{"embeddable":true,"href":"https:\/\/www.europesays.com\/es\/wp-json\/wp\/v2\/media\/157038"}],"wp:attachment":[{"href":"https:\/\/www.europesays.com\/es\/wp-json\/wp\/v2\/media?parent=157037"}],"wp:term":[{"taxonomy":"category","embeddable":true,"href":"https:\/\/www.europesays.com\/es\/wp-json\/wp\/v2\/categories?post=157037"},{"taxonomy":"post_tag","embeddable":true,"href":"https:\/\/www.europesays.com\/es\/wp-json\/wp\/v2\/tags?post=157037"}],"curies":[{"name":"wp","href":"https:\/\/api.w.org\/{rel}","templated":true}]}}