{"id":157048,"date":"2025-10-04T20:47:09","date_gmt":"2025-10-04T20:47:09","guid":{"rendered":"https:\/\/www.europesays.com\/es\/157048\/"},"modified":"2025-10-04T20:47:09","modified_gmt":"2025-10-04T20:47:09","slug":"una-multitud-inunda-tel-aviv-para-presionar-por-la-liberacion-de-los-rehenes-netanyahu-es-ahora-o-nunca-internacional","status":"publish","type":"post","link":"https:\/\/www.europesays.com\/es\/157048\/","title":{"rendered":"Una multitud inunda Tel Aviv para presionar por la liberaci\u00f3n de los rehenes: \u201cNetanyahu, es ahora o nunca\u201d | Internacional"},"content":{"rendered":"<p class=\"\">El caso de Herut Nimrod es, probablemente, el m\u00e1s duro de todos los familiares de los 48 \u00faltimos rehenes en Gaza. Su hijo Tamir, con doble nacionalidad alemana-israel\u00ed, es uno de los dos \u00fanicos cautivos, junto con el nepal\u00ed Bipin Joshi, cuya suerte se desconoce. Su \u00fanica pista es el v\u00eddeo de su captura, con vida, el 7 de octubre de 2023. Nada m\u00e1s desde entonces, salvo una cifra soltada por el presidente estadounidense, Donald Trump, que parec\u00eda indicar que los servicios secretos sab\u00edan que est\u00e1 muerto, pero no se lo dec\u00edan.<\/p>\n<p class=\"\">Israel sit\u00faa a 20 con vida (por informaci\u00f3n de inteligencia o porque el propio Ham\u00e1s los ha mostrado hablando en sus v\u00eddeos propagand\u00edsticos) y da por muertos a otros 26, as\u00ed que \u2014tras dos a\u00f1os de espera\u2014 a Herut se le llenan los ojos de l\u00e1grimas al imaginarse abrazando en unos d\u00edas a su hijo, gracias al plan para Gaza del presidente de EE UU, Donald Trump, que ha pisado el acelerador <a href=\"https:\/\/elpais.com\/internacional\/2025-10-03\/hamas-acepta-liberar-a-todos-los-rehenes-pero-pide-negociar-los-detalles-del-plan-de-paz-de-trump-para-gaza.html\" target=\"_self\" rel=\"nofollow noopener\" title=\"https:\/\/elpais.com\/internacional\/2025-10-03\/hamas-acepta-liberar-a-todos-los-rehenes-pero-pide-negociar-los-detalles-del-plan-de-paz-de-trump-para-gaza.html\">y convertido en una posibilidad real<\/a> (la liberaci\u00f3n inminente de todos los rehenes) lo que apenas dos semanas antes parec\u00eda una quimera. <\/p>\n<p class=\"\">\u201cYa hubo acuerdos antes, pero esta vez parece distinto\u201d, cuenta en la plaza de la protesta que este s\u00e1bado ha congregado a una multitud en Tel Aviv para presionar por la liberaci\u00f3n de los rehenes. \u201cS\u00ed, me puedo imaginar abrazando a Tamir. No s\u00e9 en qu\u00e9 condici\u00f3n est\u00e1, pero espero que haya sobrevivido y que sepa que estamos haciendo lo posible por liberarlo. De lo que estoy seguro es de que lo primero que querr\u00e1 es un abrazo de su madre\u201d.<\/p>\n<p><img decoding=\"auto\" class=\"_re lazyload a_m-h\" height=\"277\"  width=\"414\"  src=\"https:\/\/www.europesays.com\/es\/wp-content\/uploads\/2025\/10\/PQX6RSX47ZKCLGKKXOXPE4KQTA.jpg\" loading=\"lazy\"\/>Simpateizantes de los familiares de los rehenes en un momento de la manifestaci\u00f3n.<br \/>\nABIR SULTAN (EFE)<\/p>\n<p class=\"\">Nimrod admite que los socios ultranacionalistas de Netanyahu <a href=\"https:\/\/elpais.com\/internacional\/2025-03-19\/netanyahu-hunde-el-alto-el-fuego-para-apuntalar-su-supervivencia-politica.html\" target=\"_self\" rel=\"nofollow noopener\" title=\"https:\/\/elpais.com\/internacional\/2025-03-19\/netanyahu-hunde-el-alto-el-fuego-para-apuntalar-su-supervivencia-politica.html\">ya han intentado en el pasado<\/a> boicotear el fin de los bombardeos (en su b\u00fasqueda por vaciar Gaza de palestinos y recolonizarla con jud\u00edos), pero cree que Netanyahu \u201cmantendr\u00e1 su palabra\u201d, que una mayor\u00eda del Gobierno y de la sociedad israel\u00ed apoya el pacto y, sobre todo, que Trump ha decidido que suceder\u00e1. \u201cTodo el mundo \u00e1rabe est\u00e1 detr\u00e1s y espero que presione a Ham\u00e1s para aceptarlo. S\u00e9 que piden cambios, pero espero que los mediadores puedan resolver las diferencias y ver a nuestros hijos pronto de vuelta en casa\u201d, afirma. Simb\u00f3licamente, su nombre, Herut, significa en hebreo \u201clibertad\u201d. Su esperanza ahora es que esta manifestaci\u00f3n \u2014que se celebra cada s\u00e1bado cuando concluye la jornada sab\u00e1tica al caer el sol\u2014 sea la \u00faltima.<\/p>\n<p class=\"\">Todos parecen conscientes de la importancia del momento. Y nadie quiere decirlo tajantemente, por miedo a una nueva decepci\u00f3n, pero este s\u00e1bado un ambiente distinto marca la manifestaci\u00f3n. Una multitud inunda la plaza y los accesos. <a href=\"https:\/\/elpais.com\/internacional\/2025-10-04\/ultima-hora-del-conflicto-en-oriente-proximo-en-directo.html\" target=\"_self\" rel=\"nofollow noopener\" title=\"https:\/\/elpais.com\/internacional\/2025-10-04\/ultima-hora-del-conflicto-en-oriente-proximo-en-directo.html\">Son, seguro, decenas de miles<\/a>, m\u00e1s que en anteriores ocasiones. Por megafon\u00eda aseguran que la polic\u00eda calcula 200.000 asistentes, un \u00e9xito en un pa\u00eds de 10 millones de habitantes. <\/p>\n<p class=\"\">La sensaci\u00f3n imperante es que esta vez s\u00ed es la definitiva. Y que \u201ctodos\u201d (uno de los c\u00e1nticos que todos corean en la protesta junto con la palabra \u201cahora\u201d) <a href=\"https:\/\/elpais.com\/internacional\/2025-09-30\/el-plan-para-gaza-de-trump-y-netanyahu-una-encerrona-a-hamas-sin-plazos-ni-garantias.html\" target=\"_self\" rel=\"nofollow noopener\" title=\"https:\/\/elpais.com\/internacional\/2025-09-30\/el-plan-para-gaza-de-trump-y-netanyahu-una-encerrona-a-hamas-sin-plazos-ni-garantias.html\">volver\u00e1n a casa en los pr\u00f3ximos d\u00edas,<\/a> aunque la mayor\u00eda sea ya en ata\u00fades, solo para que sus seres queridos puedan velarlos. \u201cEs ahora o nunca. Y tiene que ser ahora, se\u00f1or primer ministro\u201d, lanza a Netanyahu desde el estrado Lior Ashkenazi, un popular actor implicado en la causa desde el principio. En las pancartas se puede leer \u201cSocorro, ya van dos a\u00f1os\u201d o \u201cAmamos a Trump\u201d.<\/p>\n<p class=\"\">Einav Zangauker, la \u201cpesadilla\u201d de Netanyahu \u2014como ella mismo se defini\u00f3 al entender c\u00f3mo le hab\u00eda mentido sobre su voluntad de traer a su hijo Matan\u2014 se llev\u00f3 un largo aplauso al subir al escenario. Se ha convertido en un s\u00edmbolo y dispara contra el primer ministro, cuyo nombre abuchea el p\u00fablico. \u201cHam\u00e1s ha aceptado el acuerdo. El fin de nuestro sufrimiento depende y recae en los hombros de una sola persona: Netanyahu, \u00a1devuelve a todos, ahora!\u201d.<\/p>\n<p><img decoding=\"auto\" class=\"_re lazyload a_m-h\" height=\"276\"  width=\"414\"  src=\"https:\/\/www.europesays.com\/es\/wp-content\/uploads\/2025\/10\/ETYH2GWMZRAW7N5QPWB4WBPIPI.jpeg\" loading=\"lazy\"\/>Einav Zangauker, a la derecha, durante su discurso en la manifestaci\u00f3n.Paulina Patimer<\/p>\n<p class=\"\">Aqu\u00ed, el jefe de Gobierno israel\u00ed es el malo que ha venido evitando el acuerdo. En los discursos trasluce el miedo a que ceda a sus socios de Gobierno ultraderechistas (que critican el acuerdo, pero al menos de momento permanecer\u00e1n en la coalici\u00f3n) y torpedee el di\u00e1logo sobre la implementaci\u00f3n del acuerdo, <a href=\"https:\/\/elpais.com\/internacional\/2025-10-04\/israel-se-prepara-para-la-liberacion-de-los-rehenes-y-ordena-a-su-ejercito-reducir-los-bombardeos-en-gaza.html\" target=\"_self\" rel=\"nofollow noopener\" title=\"https:\/\/elpais.com\/internacional\/2025-10-04\/israel-se-prepara-para-la-liberacion-de-los-rehenes-y-ordena-a-su-ejercito-reducir-los-bombardeos-en-gaza.html\">que empezar\u00e1 este mismo lunes en Egipto.<\/a><\/p>\n<p class=\"\">El bueno es, sin duda, Trump. Se plasma en carteles con la palabra gracias en ingl\u00e9s y banderas de EE UU. La sensaci\u00f3n general es que solo \u00e9l, aunque sea para ganar su ansiado Nobel de la paz y con sus formas exc\u00e9ntricas y autoritarias, ha logrado lo que no hizo su predecesor, Joe Biden. Ashkenazi le agradece desde el estrado haber \u201clogrado un consenso entre izquierda y derecha\u201d en torno al asunto de los rehenes.<\/p>\n<p>\u201cNada de esto habr\u00eda pasado\u201d<\/p>\n<p class=\"\">El ex reh\u00e9n argentino-israel\u00ed en Gaza Luis Har, uno de los pocos rescatados en una operaci\u00f3n militar, ha acudido a la manifestaci\u00f3n a mostrar su apoyo y solo tiene palabras de agradecimiento a Trump. \u201cSi no fuese por \u00e9l, nada de esto habr\u00eda pasado!\u201d, asegura entre abrazos y saludos.<\/p>\n<p class=\"\">Har conoce el riesgo de vender la piel del oso antes de cazarlo: se qued\u00f3 fuera de un primer canje, en 2023, en el que salieron las tres familiares mujeres con las que fueron capturados, todos con doble nacionalidad argentina e israel\u00ed. As\u00ed que aboga por \u201cesperar un poco para no ilusionarse\u201d. E insiste en que va a ser un regreso \u201cmuy duro para todos\u201d. \u00c9l estuvo cinco meses privado de libertad, pero en apartamentos y sin sufrir violencia f\u00edsica, <a href=\"https:\/\/elpais.com\/internacional\/2024-06-28\/luis-har-rehen-rescatado-en-gaza-lo-que-mas-miedo-daba-era-oir-los-aviones-israelies-no-sabiamos-donde-iban-a-bombardear.html\" target=\"_self\" rel=\"nofollow noopener\" title=\"https:\/\/elpais.com\/internacional\/2024-06-28\/luis-har-rehen-rescatado-en-gaza-lo-que-mas-miedo-daba-era-oir-los-aviones-israelies-no-sabiamos-donde-iban-a-bombardear.html\">seg\u00fan contaba el a\u00f1o pasado en una entrevista con este peri\u00f3dico.<\/a> Los \u00faltimos 20 rehenes vivos llevan, en cambio, dos a\u00f1os cautivos y han pasado m\u00e1s tiempo en t\u00faneles, en medio de una hambruna provocada por Netanyahu, lo que se ve en sus deteriorados cuerpos en los v\u00eddeos propagand\u00edsticos de Ham\u00e1s. <\/p>\n<p><img decoding=\"auto\" class=\"_re lazyload a_m-h\" height=\"233\"  width=\"414\"  src=\"https:\/\/www.europesays.com\/es\/wp-content\/uploads\/2025\/10\/BIJWQ3SSXRIR3MBUCJCISKZ6CA.jpg\" loading=\"lazy\"\/>Vista aerea de la manifestaci\u00f3n.Rei Ash (REUTERS)<\/p>\n<p class=\"\">Gil Dickman tendr\u00eda muchos motivos para odiar, pero concentra sus energ\u00edas en lograr la liberaci\u00f3n de los 48 rehenes restantes. \u201cNo quiero que ninguna otra familia viva lo que ha vivido la m\u00eda\u201d, resume. Su prima, Carmel Gat, estaba en la lista de rehenes vivas en 2024, durante las negociaciones de un alto el fuego que Netanyahu alargaba artificialmente para garantizar su supervivencia pol\u00edtica. En septiembre de ese a\u00f1o, los captores de Gat y de otros cinco rehenes los asesinaron a disparos, al detectar un conato de rescate de las fuerzas especiales israel\u00edes. Era un intento de Netanyahu de evitar las negociaciones y colgarse la medalla de otro rescate de pel\u00edcula.<a href=\"https:\/\/elpais.com\/internacional\/2024-09-01\/la-recuperacion-en-gaza-de-otros-seis-rehenes-israelies-sin-vida-despierta-la-indignacion-contra-netanyahu.html\" target=\"_self\" rel=\"nofollow noopener\" title=\"https:\/\/elpais.com\/internacional\/2024-09-01\/la-recuperacion-en-gaza-de-otros-seis-rehenes-israelies-sin-vida-despierta-la-indignacion-contra-netanyahu.html\"> Arreciaron las protestas.<\/a> En enero de 2025, Dickman vio salir con vida a las mujeres que compart\u00edan lista con su prima. \u201cY, de verdad\u201d, subraya, \u201cque no pod\u00eda estar m\u00e1s contento\u201d.<\/p>\n<p class=\"\">Dickman no echa las campanas al vuelo, pero no teme se\u00f1alar lo obvio por miedo a una futura decepci\u00f3n. \u201cNada est\u00e1 terminado hasta que est\u00e1 terminado, pero soy bastante optimista. Trump le ha dicho tanto a Netanyahu como a Ham\u00e1s que ha llegado el momento\u201d, afirma. \u201cEstoy muy contento y optimista. Eso s\u00ed, es una pena que no haya llegado antes. Y es algo que ni olvido ni perdono\u201d. <\/p>\n","protected":false},"excerpt":{"rendered":"El caso de Herut Nimrod es, probablemente, el m\u00e1s duro de todos los familiares de los 48 \u00faltimos&hellip;\n","protected":false},"author":2,"featured_media":157049,"comment_status":"","ping_status":"","sticky":false,"template":"","format":"standard","meta":{"footnotes":""},"categories":[42],"tags":[17,18,68,70,71,72,352,13,14,73,69,75,11,61,62,63,64,74,19,20,16735,9,10,15,16,77,76,12651,12,21,22,65,66,67],"class_list":{"0":"post-157048","1":"post","2":"type-post","3":"status-publish","4":"format-standard","5":"has-post-thumbnail","7":"category-internacional","8":"tag-breaking-news","9":"tag-breakingnews","10":"tag-conflicto-arabe-israeli","11":"tag-conflictos","12":"tag-conflictos-armados","13":"tag-conflictos-internacionales","14":"tag-donald-trump","15":"tag-featured-news","16":"tag-featurednews","17":"tag-franja-gaza","18":"tag-guerra","19":"tag-hamas","20":"tag-headlines","21":"tag-internacional","22":"tag-international","23":"tag-international-news","24":"tag-internationalnews","25":"tag-israel","26":"tag-latest-news","27":"tag-latestnews","28":"tag-manifestaciones","29":"tag-news","30":"tag-noticias","31":"tag-noticias-destacadas","32":"tag-noticiasdestacadas","33":"tag-oriente-proximo","34":"tag-palestina","35":"tag-rehenes","36":"tag-titulares","37":"tag-ultimas-noticias","38":"tag-ultimasnoticias","39":"tag-world","40":"tag-world-news","41":"tag-worldnews"},"share_on_mastodon":{"url":"","error":""},"_links":{"self":[{"href":"https:\/\/www.europesays.com\/es\/wp-json\/wp\/v2\/posts\/157048","targetHints":{"allow":["GET"]}}],"collection":[{"href":"https:\/\/www.europesays.com\/es\/wp-json\/wp\/v2\/posts"}],"about":[{"href":"https:\/\/www.europesays.com\/es\/wp-json\/wp\/v2\/types\/post"}],"author":[{"embeddable":true,"href":"https:\/\/www.europesays.com\/es\/wp-json\/wp\/v2\/users\/2"}],"replies":[{"embeddable":true,"href":"https:\/\/www.europesays.com\/es\/wp-json\/wp\/v2\/comments?post=157048"}],"version-history":[{"count":0,"href":"https:\/\/www.europesays.com\/es\/wp-json\/wp\/v2\/posts\/157048\/revisions"}],"wp:featuredmedia":[{"embeddable":true,"href":"https:\/\/www.europesays.com\/es\/wp-json\/wp\/v2\/media\/157049"}],"wp:attachment":[{"href":"https:\/\/www.europesays.com\/es\/wp-json\/wp\/v2\/media?parent=157048"}],"wp:term":[{"taxonomy":"category","embeddable":true,"href":"https:\/\/www.europesays.com\/es\/wp-json\/wp\/v2\/categories?post=157048"},{"taxonomy":"post_tag","embeddable":true,"href":"https:\/\/www.europesays.com\/es\/wp-json\/wp\/v2\/tags?post=157048"}],"curies":[{"name":"wp","href":"https:\/\/api.w.org\/{rel}","templated":true}]}}