{"id":157050,"date":"2025-10-04T20:48:10","date_gmt":"2025-10-04T20:48:10","guid":{"rendered":"https:\/\/www.europesays.com\/es\/157050\/"},"modified":"2025-10-04T20:48:10","modified_gmt":"2025-10-04T20:48:10","slug":"ocho-heridos-tras-la-explosion-de-un-barco-en-el-puerto-deportivo-de-fuengirola-malaga","status":"publish","type":"post","link":"https:\/\/www.europesays.com\/es\/157050\/","title":{"rendered":"Ocho heridos tras la explosi\u00f3n de un barco en el puerto deportivo de Fuengirola (M\u00e1laga)"},"content":{"rendered":"<p>Ocho personas han resultado heridas, tres de ellas de car\u00e1cter grave, en una <a href=\"https:\/\/theobjective.com\/etiqueta\/explosiones\/\" rel=\"nofollow noopener\" target=\"_blank\">explosi\u00f3n<\/a> de un barco en el puerto deportivo de Fuengirola (<a href=\"https:\/\/theobjective.com\/etiqueta\/malaga\/\" rel=\"nofollow noopener\" target=\"_blank\">M\u00e1laga<\/a>).<\/p>\n<p>Sobre las 12.20 horas de este s\u00e1bado se ha producido un incendio en una embarcaci\u00f3n que navegaba por el Puerto Deportivo, a la altura de la bocana, seg\u00fan ha informado el Ayuntamiento de Fuengirola, que ha precisado que por motivos que se desconocen se produjo una explosi\u00f3n y el barco comenz\u00f3 a arder. Inmediatamente ha actuado el Servicio de Salvamento y Socorrismo, los bomberos, Polic\u00eda Local y Guardia Civil.<\/p>\n<p>El Ayuntamiento ha destacado que en pocos minutos, socorristas del Servicio de Salvamento han llegado hasta los tripulantes para ponerlos a salvo. En total, iban embarcadas ocho personas. Todas resultaron heridas y tres de ellas de consideraci\u00f3n, que inmediatamente han sido puestas a disposici\u00f3n de los servicios m\u00e9dicos de emergencia.<\/p>\n<p>Fruto de la deflagraci\u00f3n, la embarcaci\u00f3n se ha hundido y los responsables de la Agencia Andaluza de Puertos est\u00e1n siguiendo la situaci\u00f3n de cerca para valorar la aplicaci\u00f3n de medidas antivertidos.<\/p>\n","protected":false},"excerpt":{"rendered":"Ocho personas han resultado heridas, tres de ellas de car\u00e1cter grave, en una explosi\u00f3n de un barco en&hellip;\n","protected":false},"author":2,"featured_media":157051,"comment_status":"","ping_status":"","sticky":false,"template":"","format":"standard","meta":{"footnotes":""},"categories":[8],"tags":[21081,17,18,25,24,33292,13,14,13330,11,11225,19,20,16220,9,10,15,16,23,12,21,22],"class_list":{"0":"post-157050","1":"post","2":"type-post","3":"status-publish","4":"format-standard","5":"has-post-thumbnail","7":"category-espana","8":"tag-barcos","9":"tag-breaking-news","10":"tag-breakingnews","11":"tag-es","12":"tag-espana","13":"tag-explosiones","14":"tag-featured-news","15":"tag-featurednews","16":"tag-fuengirola","17":"tag-headlines","18":"tag-heridos","19":"tag-latest-news","20":"tag-latestnews","21":"tag-mu00e1laga","22":"tag-news","23":"tag-noticias","24":"tag-noticias-destacadas","25":"tag-noticiasdestacadas","26":"tag-spain","27":"tag-titulares","28":"tag-ultimas-noticias","29":"tag-ultimasnoticias"},"share_on_mastodon":{"url":"","error":""},"_links":{"self":[{"href":"https:\/\/www.europesays.com\/es\/wp-json\/wp\/v2\/posts\/157050","targetHints":{"allow":["GET"]}}],"collection":[{"href":"https:\/\/www.europesays.com\/es\/wp-json\/wp\/v2\/posts"}],"about":[{"href":"https:\/\/www.europesays.com\/es\/wp-json\/wp\/v2\/types\/post"}],"author":[{"embeddable":true,"href":"https:\/\/www.europesays.com\/es\/wp-json\/wp\/v2\/users\/2"}],"replies":[{"embeddable":true,"href":"https:\/\/www.europesays.com\/es\/wp-json\/wp\/v2\/comments?post=157050"}],"version-history":[{"count":0,"href":"https:\/\/www.europesays.com\/es\/wp-json\/wp\/v2\/posts\/157050\/revisions"}],"wp:featuredmedia":[{"embeddable":true,"href":"https:\/\/www.europesays.com\/es\/wp-json\/wp\/v2\/media\/157051"}],"wp:attachment":[{"href":"https:\/\/www.europesays.com\/es\/wp-json\/wp\/v2\/media?parent=157050"}],"wp:term":[{"taxonomy":"category","embeddable":true,"href":"https:\/\/www.europesays.com\/es\/wp-json\/wp\/v2\/categories?post=157050"},{"taxonomy":"post_tag","embeddable":true,"href":"https:\/\/www.europesays.com\/es\/wp-json\/wp\/v2\/tags?post=157050"}],"curies":[{"name":"wp","href":"https:\/\/api.w.org\/{rel}","templated":true}]}}