{"id":157054,"date":"2025-10-04T20:50:09","date_gmt":"2025-10-04T20:50:09","guid":{"rendered":"https:\/\/www.europesays.com\/es\/157054\/"},"modified":"2025-10-04T20:50:09","modified_gmt":"2025-10-04T20:50:09","slug":"victoria-de-oficio-lobas-global-atac-oviedo","status":"publish","type":"post","link":"https:\/\/www.europesays.com\/es\/157054\/","title":{"rendered":"VICTORIA DE OFICIO | Lobas Global Atac Oviedo"},"content":{"rendered":"<p>El Lobas Global Atac Oviedo se trae de Galicia dos puntos muy valiosos. Las pupilas de Manolo D\u00edaz consiguieron imponerse por 26-29 en un dificil\u00edsimo choque contra el Carballal en el que tiraron del carro la capitana Celia Rojo en ataque y Aida Fern\u00e1ndez con sus paradas.<\/p>\n<p><a href=\"https:\/\/lobasglobalatacoviedo.com\/wp-content\/uploads\/2025\/10\/20251004-vigo.jpg\" rel=\"nofollow noopener\" target=\"_blank\"><img loading=\"lazy\" decoding=\"async\" data-attachment-id=\"10540\" data-permalink=\"https:\/\/lobasglobalatacoviedo.com\/2025\/10\/04\/victoria-de-oficio\/20251004-vigo\/\" data-orig-file=\"https:\/\/lobasglobalatacoviedo.com\/wp-content\/uploads\/2025\/10\/20251004-vigo.jpg\" data-orig-size=\"1024,704\" data-comments-opened=\"0\" data-image-meta=\"{&quot;aperture&quot;:&quot;4.5&quot;,&quot;credit&quot;:&quot;&quot;,&quot;camera&quot;:&quot;Canon EOS 1200D&quot;,&quot;caption&quot;:&quot;&quot;,&quot;created_timestamp&quot;:&quot;1759612659&quot;,&quot;copyright&quot;:&quot;&quot;,&quot;focal_length&quot;:&quot;105&quot;,&quot;iso&quot;:&quot;6400&quot;,&quot;shutter_speed&quot;:&quot;0.0025&quot;,&quot;title&quot;:&quot;&quot;,&quot;orientation&quot;:&quot;1&quot;}\" data-image-title=\"20251004-vigo\" data-image-description=\"\" data-image-caption=\"\" data-medium-file=\"https:\/\/lobasglobalatacoviedo.com\/wp-content\/uploads\/2025\/10\/20251004-vigo.jpg?w=300\" data-large-file=\"https:\/\/lobasglobalatacoviedo.com\/wp-content\/uploads\/2025\/10\/20251004-vigo.jpg?w=604\" width=\"1024\" height=\"704\" src=\"https:\/\/www.europesays.com\/es\/wp-content\/uploads\/2025\/10\/20251004-vigo.jpg\" alt=\"\" class=\"wp-image-10540\"\/><\/a><\/p>\n<p>El conjunto ovetense tuvo que lidiar en Vigo con un ensordecedor ambiente en el que le cost\u00f3 entrar en el partido. Las azules (hoy de dorado) comenzaron cometiendo muchos errores en ataque y el Carballal se hizo as\u00ed con el mando del choque hasta el ecuador del primer tiempo, cuando la capitana Celia Rojo neutraliz\u00f3 la ventaja local y Camila M\u00e9ndez puso por primera vez por delante a las carbayonas (7-8). Lisa Chiagozie, otra de las destacadas, permiti\u00f3 al Lobas Global Atac Oviedo coger un colch\u00f3n con tres goles consecutivos que pon\u00edan el 10-14 el electr\u00f3nico. Las gallegas apretaban en los \u00faltimos minutos del per\u00edodo pero las Lobas aguantaban el pulso y mandaban por 12-15 al descanso.<\/p>\n<p>El equipo ovetense firm\u00f3 un gran inicio de la segunda parte, en el que rubric\u00f3 un parcial de 0-3 que le permiti\u00f3 abrir brecha (12-18). El Carballal intentaba recortar distancias pero se estrellaba una y otra vez contra Aida Fern\u00e1ndez, que hasta detuvo dos penaltis. Sin embargo la insistencia del cuadro local le permitir\u00eda recobrar vida con un parcial de 4-0 que reduc\u00eda la diferencia a la m\u00ednima expresi\u00f3n (24-25) a falta de seis minutos para la conclusi\u00f3n. Marta da Silva y Carmen Garc\u00eda-Calvo devolvieron margen (25-27) al conjunto carbay\u00f3n, que aguant\u00f3 las embestidas de las gallegas en busca de la igualada. La tranquilidad definitiva llegaba con el 26-29 que anotaba Blanca S\u00e1nchez y que aseguraba el triunfo astur.<br \/>Segunda victoria liguera en dos jornadas para el Lobas Global Atac Oviedo. El pr\u00f3ximo s\u00e1bado (20:00 horas) las carbayonas recibir\u00e1n en el Florida Arena al Lanzarote Puerto del Carmen.<\/p>\n<p><strong>A.D. Carballal (26): <\/strong>Lidia Portela, Nerea Arias (1), Helena Sancho (1), Naihara Costas (4), Daniela Carranza, Ant\u00eda Seijo (9), Sabela V\u00e1zquez -siete inicial-, Patricia Mallo (2), Andrea Amarilla (2), Luc\u00eda Villamar\u00edn, Paula G\u00f3mez, Alejandra Montenegro (1), Ux\u00eda Fern\u00e1ndez (2), Salma Aakcha, Laura R\u00faa (1) y Yaiza Alonso (3).<br \/><strong>Lobas Global Atac Oviedo (29): <\/strong>Aida Fern\u00e1ndez, Luc\u00eda M\u00e9ndez (3), Carmen Garc\u00eda-Calvo (1), Marta da Silva (6), Celia Rojo (7), Lisa Chiagozie (7), Camila M\u00e9ndez (1) -siete inicial-, Paula Molano (2), Teresa Rodr\u00edguez, Paloma Calvo (1), Blanca S\u00e1nchez (1), Raquel \u00c1lvarez, Sof\u00eda Gull y Jimena Merino.<br \/><strong>\u00c1rbitros:<\/strong> Ra\u00fal L\u00f3pez Burgue\u00f1o y \u00c1lvaro Garc\u00eda San Jos\u00e9. Exclusiones a por parte local a Daniela Carranza y Luc\u00eda Villamar\u00edn, y por parte visitante a Luc\u00eda M\u00e9ndez, Paloma Calvo, Paula Molano y al entrenador Manolo D\u00edaz (2).<br \/><strong>Parciales: <\/strong>2-0, 5-4, 7-6, 8-10, 9-12, 12-15 (descanso), 13-19, 17-21, 19-24, 20-25, 25-27 y 26-29.<br \/><strong>Incidencias: <\/strong>Pabell\u00f3n Municipal Carballal, 250 espectadores.<\/p>\n","protected":false},"excerpt":{"rendered":"El Lobas Global Atac Oviedo se trae de Galicia dos puntos muy valiosos. Las pupilas de Manolo D\u00edaz&hellip;\n","protected":false},"author":2,"featured_media":157055,"comment_status":"","ping_status":"","sticky":false,"template":"","format":"standard","meta":{"footnotes":""},"categories":[278],"tags":[376,168,25,24,375,23,167],"class_list":{"0":"post-157054","1":"post","2":"type-post","3":"status-publish","4":"format-standard","5":"has-post-thumbnail","7":"category-balonmano","8":"tag-balonmano","9":"tag-deportes","10":"tag-es","11":"tag-espana","12":"tag-handball","13":"tag-spain","14":"tag-sports"},"share_on_mastodon":{"url":"","error":""},"_links":{"self":[{"href":"https:\/\/www.europesays.com\/es\/wp-json\/wp\/v2\/posts\/157054","targetHints":{"allow":["GET"]}}],"collection":[{"href":"https:\/\/www.europesays.com\/es\/wp-json\/wp\/v2\/posts"}],"about":[{"href":"https:\/\/www.europesays.com\/es\/wp-json\/wp\/v2\/types\/post"}],"author":[{"embeddable":true,"href":"https:\/\/www.europesays.com\/es\/wp-json\/wp\/v2\/users\/2"}],"replies":[{"embeddable":true,"href":"https:\/\/www.europesays.com\/es\/wp-json\/wp\/v2\/comments?post=157054"}],"version-history":[{"count":0,"href":"https:\/\/www.europesays.com\/es\/wp-json\/wp\/v2\/posts\/157054\/revisions"}],"wp:featuredmedia":[{"embeddable":true,"href":"https:\/\/www.europesays.com\/es\/wp-json\/wp\/v2\/media\/157055"}],"wp:attachment":[{"href":"https:\/\/www.europesays.com\/es\/wp-json\/wp\/v2\/media?parent=157054"}],"wp:term":[{"taxonomy":"category","embeddable":true,"href":"https:\/\/www.europesays.com\/es\/wp-json\/wp\/v2\/categories?post=157054"},{"taxonomy":"post_tag","embeddable":true,"href":"https:\/\/www.europesays.com\/es\/wp-json\/wp\/v2\/tags?post=157054"}],"curies":[{"name":"wp","href":"https:\/\/api.w.org\/{rel}","templated":true}]}}