{"id":157056,"date":"2025-10-04T20:51:08","date_gmt":"2025-10-04T20:51:08","guid":{"rendered":"https:\/\/www.europesays.com\/es\/157056\/"},"modified":"2025-10-04T20:51:08","modified_gmt":"2025-10-04T20:51:08","slug":"rui-fernandes-y-diego-ventura-a-hombros-en-la-feria-taurina-de-zafra","status":"publish","type":"post","link":"https:\/\/www.europesays.com\/es\/157056\/","title":{"rendered":"Rui Fernandes y Diego Ventura, a hombros en la Feria Taurina de Zafra"},"content":{"rendered":"<p class=\"v-mdl-ath__p v-mdl-ath__p--6\">\nS\u00e1bado, 4 de octubre 2025, 22:06<\/p>\n<p class=\"v-p\">Los rejonadores Rui Fernandes y Diego Ventura abrieron la puerta grande en Zafra tras cortar tres y cuatro orejas respectivamente en la primera corrida de las programadas dentro de las ferias taurinas de Zafra, en la cual el p\u00fablico asistente se divirti\u00f3 con la gran doma de los caballos de los rejonadores. Sin embargo, hubo que lamentar un percance, la rotura de una pata por parte de un caballo de Leonardo Hern\u00e1ndez y un fuerte golpe de Leonardo Hern\u00e1ndez contra un burladero, aunque todo se qued\u00f3 en un susto. <\/p>\n<p class=\"v-p\">Asimismo, en la \u00faltima pega realizada al sexto de la tarde, un forcado de Lisboa sufri\u00f3 un fuerte golpe en la pega quedando inconsciente en el ruedo, aunque tras ser trasladado a la enfermer\u00eda recuper\u00f3 la conciencia y fue trasladado al hospital para una valoraci\u00f3n radiol\u00f3gica.<\/p>\n<ul class=\"v-u\">\n<li class=\"v-u__l\">\n<p class=\"v-p\">\n<p>Primera corrida de la Feria Catalina de Zafra<\/p>\n<p>Se lidiaron seis toros de la ganader\u00eda portuguesa de Guiomar de Moura. Bien presentados y de buen juego en l\u00edneas generales.\n<\/p>\n<\/li>\n<li class=\"v-u__l\">\n<p class=\"v-p\">\n<p>Para los rejoneadores<\/p>\n<p>Rui Fern\u00e1ndez, oreja y dos orejas; Diego Ventura dos orejas y dos orejas; y Leonardo Hern\u00e1ndez silencio y silencio.\n<\/p>\n<\/li>\n<li class=\"v-u__l\">\n<p class=\"v-p\">\n<p>Plaza<\/p>\n<p>La plaza registr\u00f3 casi lleno. Actuaron los forcados de Moita y Lisboa.\n<\/p>\n<\/li>\n<\/ul>\n<p class=\"v-p\">El rejonador portugu\u00e9s Rui Fernandes cuaj\u00f3 una tarde completa en Zafra realizando un toreo en el que se dej\u00f3 llevar mucho los toros hacia su caballo aunque muy seguro de su doma. En ambos toros clav\u00f3 bien, aunque fuen en el segundo de su lote en el que le cost\u00f3 llegar al p\u00fablico por varios fallos a la hora de poner banderillas. <\/p>\n<p class=\"v-p\">El rejoneador natural de Puebla del R\u00edo, Diego Venturo, volvi\u00f3 a mostrar en Zafra que ahora mismo es el n\u00famero 1 de el rejoneo, cuajando dos faenas de mucha entrega y verdad y haciendo diabluras con los caballos. Destac\u00f3 el segundo de su lote, con el caballo Quitasue\u00f1os, con el que clav\u00f3 tres banderillas al quiebro, en un espacio inveros\u00edmil entre el toro y el caballo. Mat\u00f3 bien en su primer toro y cort\u00f3 dos orejas. En su segundo tuvo que entrar en dos ocasiones pero tambi\u00e9n fue premiado con las dos orejas.<\/p>\n<p class=\"v-p\">Por \u00faltimo, el rejoneador extreme\u00f1o Leonardo Hern\u00e1ndez realiz\u00f3 un rejoneo muy campero. Logr\u00f3 clavar en lo alto y con buena ejecuci\u00f3n, aunque en sus dos toros el mal uso del rej\u00f3n de muerte le priv\u00f3 de cortar trofeos. <\/p>\n<p class=\"v-p\">Este domingo continuar\u00e1 la feria con una corrida de toros en la que est\u00e1n anunciados Morante de la Puebla y Emilio de Justo, aunque este \u00faltimo no vendr\u00e1 por su <a href=\"https:\/\/www.hoy.es\/culturas\/toros\/emilio-justo-finalizada-temporada-tras-fracturarse-dos-20251004131907-nt.html\" data-voc-vtm-id=\"in-text-traffic\" title=\"percance sufrido en Las Ventas\" data-mrf-link=\"www.hoy.es\" rel=\"nofollow noopener\" target=\"_blank\">percance sufrido en Las Ventas<\/a>. Todo apunta a que ser\u00e1 sustituido por el torero extreme\u00f1o Gin\u00e9s Mar\u00edn. Cerrar\u00e1 el cartel el diestro sevillano Juan Ortega. <\/p>\n<p>Reporta un error<\/p>\n","protected":false},"excerpt":{"rendered":"S\u00e1bado, 4 de octubre 2025, 22:06 Los rejonadores Rui Fernandes y Diego Ventura abrieron la puerta grande en&hellip;\n","protected":false},"author":2,"featured_media":157057,"comment_status":"","ping_status":"","sticky":false,"template":"","format":"standard","meta":{"footnotes":""},"categories":[277],"tags":[373,168,15477,25,24,599,7806,11916,41118,23,167,600,374,9897,46919],"class_list":{"0":"post-157056","1":"post","2":"type-post","3":"status-publish","4":"format-standard","5":"has-post-thumbnail","7":"category-toreo","8":"tag-bullfighting","9":"tag-deportes","10":"tag-diego","11":"tag-es","12":"tag-espana","13":"tag-feria","14":"tag-fernandes","15":"tag-hombros","16":"tag-rui","17":"tag-spain","18":"tag-sports","19":"tag-taurina","20":"tag-toreo","21":"tag-ventura","22":"tag-zafra"},"share_on_mastodon":{"url":"","error":""},"_links":{"self":[{"href":"https:\/\/www.europesays.com\/es\/wp-json\/wp\/v2\/posts\/157056","targetHints":{"allow":["GET"]}}],"collection":[{"href":"https:\/\/www.europesays.com\/es\/wp-json\/wp\/v2\/posts"}],"about":[{"href":"https:\/\/www.europesays.com\/es\/wp-json\/wp\/v2\/types\/post"}],"author":[{"embeddable":true,"href":"https:\/\/www.europesays.com\/es\/wp-json\/wp\/v2\/users\/2"}],"replies":[{"embeddable":true,"href":"https:\/\/www.europesays.com\/es\/wp-json\/wp\/v2\/comments?post=157056"}],"version-history":[{"count":0,"href":"https:\/\/www.europesays.com\/es\/wp-json\/wp\/v2\/posts\/157056\/revisions"}],"wp:featuredmedia":[{"embeddable":true,"href":"https:\/\/www.europesays.com\/es\/wp-json\/wp\/v2\/media\/157057"}],"wp:attachment":[{"href":"https:\/\/www.europesays.com\/es\/wp-json\/wp\/v2\/media?parent=157056"}],"wp:term":[{"taxonomy":"category","embeddable":true,"href":"https:\/\/www.europesays.com\/es\/wp-json\/wp\/v2\/categories?post=157056"},{"taxonomy":"post_tag","embeddable":true,"href":"https:\/\/www.europesays.com\/es\/wp-json\/wp\/v2\/tags?post=157056"}],"curies":[{"name":"wp","href":"https:\/\/api.w.org\/{rel}","templated":true}]}}