{"id":157058,"date":"2025-10-04T20:56:09","date_gmt":"2025-10-04T20:56:09","guid":{"rendered":"https:\/\/www.europesays.com\/es\/157058\/"},"modified":"2025-10-04T20:56:09","modified_gmt":"2025-10-04T20:56:09","slug":"andy-cowell-director-de-aston-martin-se-moja-sobre-la-posible-retirada-de-fernando-alonso","status":"publish","type":"post","link":"https:\/\/www.europesays.com\/es\/157058\/","title":{"rendered":"Andy Cowell, director de Aston Martin, se moja sobre la posible retirada de Fernando Alonso"},"content":{"rendered":"<p data-gtm-element-container=\"modulo-texto-link\" class=\"paragraph\"><strong>Andy Cowell<\/strong>, director de equipo de <strong>Aston Martin<\/strong>, se ha mostrado <strong>satisfecho <\/strong>hoy en la rueda de prensa despu\u00e9s de que <strong>Fernando Alonso<\/strong> haya terminado en primera posici\u00f3n en la primera sesi\u00f3n de entrenamientos. El brit\u00e1nico ha expresado que<strong> las caracter\u00edsticas del circuito de Singapur se adaptan mejor a su coche<\/strong> que otros trazados de mayor velocidad como Bak\u00fa, y de aqu\u00ed el buen resultado. Sin embargo, ha llamado a la calma, a sabiendas de que <strong>\u00ablos viernes no se dan puntos\u00bb<\/strong>.\u00a0<\/p>\n<p data-gtm-element-container=\"modulo-texto-link\" class=\"paragraph\">Pese al magn\u00edfico resultado del piloto asturiano, su compa\u00f1ero, <strong>Lance Stroll<\/strong>, ha quedado decimoctavo en la misma sesi\u00f3n. Cowell ha declarado que <strong>tendr\u00edan que investigar <\/strong>la configuraci\u00f3n del coche del canadiense, ya que<strong> \u00abel objetivo es que ambos coches est\u00e9n muy juntos en las primeras posiciones\u00bb<\/strong>.<\/p>\n<p data-gtm-element-container=\"modulo-texto-link\" class=\"paragraph\">Por otro lado, el director del equipo ingl\u00e9s ha reaccionado a las palabras de <strong>Fernando Alonso sobre su futuro<\/strong>. El piloto ovetense afirm\u00f3 que <strong>ten\u00eda m\u00e1s posibilidades de retirarse en 2026 si las cosas iban bien que si iban mal<\/strong>, a lo que Cowell ha respondido que, pese a que Fernando es una parte muy importante y \u00fatil del equipo, <strong>que su \u00faltima carrera sea en el escal\u00f3n m\u00e1s alto del podio es \u00ablo que todos so\u00f1amos\u00bb<\/strong>.\u00a0<\/p>\n<p>    Lee tambi\u00e9n<\/p>\n<p data-gtm-element-container=\"modulo-texto-link\" class=\"paragraph\">Respecto al objetivo de esta temporada, <strong>la meta est\u00e1 fijada en el quinto puesto <\/strong>del campeonato (actualmente van s\u00e9ptimos). \u00ab<strong>Nos encantar\u00eda terminar por delante de James Vowels y Williams<\/strong>, pero su podio en la \u00faltima carrera hace\u00a0que nuestro sue\u00f1o de terminar quintos sea m\u00e1s dif\u00edcil. Igualmente <strong>seguiremos luchando por ello<\/strong>\u00ab, ha declarado el brit\u00e1nico.<\/p>\n<p data-gtm-element-container=\"modulo-texto-link\" class=\"paragraph\">Otro de los temas del momento es el posible <strong>regreso de Christian Horner, ex director de Red Bull, al\u00a0paddock de Formula 1<\/strong>; ya sea en un equipo existente o encabezando una hipot\u00e9tica doceava escuder\u00eda. Andy Cowell ha hecho saber que, despu\u00e9s de hablar con <strong>Lawrence Stroll<\/strong> (due\u00f1o del equipo),\u00a0<strong>no hay planes para que Horner participe en Aston Martin<\/strong> en el futuro, ni en funciones operativas ni en inversi\u00f3n.<\/p>\n<p data-gtm-element-container=\"modulo-texto-link\" class=\"paragraph\">De cara a las pr\u00f3ximas temporadas, el ingl\u00e9s ha manifestado que la incorporaci\u00f3n de <strong>Adrian Newey<\/strong> al equipo ha resultado <strong>muy \u00fatil en la relaci\u00f3n y el trabajo con Honda<\/strong>, ya que, como ya trabaj\u00f3 con la marca japonesa en Red Bull, \u00abya <strong>existe un entendimiento natural <\/strong>sobre lo que se puede impulsar y lo que no\u00bb.\u00a0<\/p>\n","protected":false},"excerpt":{"rendered":"Andy Cowell, director de equipo de Aston Martin, se ha mostrado satisfecho hoy en la rueda de prensa&hellip;\n","protected":false},"author":2,"featured_media":157059,"comment_status":"","ping_status":"","sticky":false,"template":"","format":"standard","meta":{"footnotes":""},"categories":[270],"tags":[168,25,24,306,271,272,23,167],"class_list":{"0":"post-157058","1":"post","2":"type-post","3":"status-publish","4":"format-standard","5":"has-post-thumbnail","7":"category-formula-1","8":"tag-deportes","9":"tag-es","10":"tag-espana","11":"tag-f1","12":"tag-formula-1","13":"tag-formula1","14":"tag-spain","15":"tag-sports"},"share_on_mastodon":{"url":"","error":""},"_links":{"self":[{"href":"https:\/\/www.europesays.com\/es\/wp-json\/wp\/v2\/posts\/157058","targetHints":{"allow":["GET"]}}],"collection":[{"href":"https:\/\/www.europesays.com\/es\/wp-json\/wp\/v2\/posts"}],"about":[{"href":"https:\/\/www.europesays.com\/es\/wp-json\/wp\/v2\/types\/post"}],"author":[{"embeddable":true,"href":"https:\/\/www.europesays.com\/es\/wp-json\/wp\/v2\/users\/2"}],"replies":[{"embeddable":true,"href":"https:\/\/www.europesays.com\/es\/wp-json\/wp\/v2\/comments?post=157058"}],"version-history":[{"count":0,"href":"https:\/\/www.europesays.com\/es\/wp-json\/wp\/v2\/posts\/157058\/revisions"}],"wp:featuredmedia":[{"embeddable":true,"href":"https:\/\/www.europesays.com\/es\/wp-json\/wp\/v2\/media\/157059"}],"wp:attachment":[{"href":"https:\/\/www.europesays.com\/es\/wp-json\/wp\/v2\/media?parent=157058"}],"wp:term":[{"taxonomy":"category","embeddable":true,"href":"https:\/\/www.europesays.com\/es\/wp-json\/wp\/v2\/categories?post=157058"},{"taxonomy":"post_tag","embeddable":true,"href":"https:\/\/www.europesays.com\/es\/wp-json\/wp\/v2\/tags?post=157058"}],"curies":[{"name":"wp","href":"https:\/\/api.w.org\/{rel}","templated":true}]}}