{"id":157060,"date":"2025-10-04T20:58:21","date_gmt":"2025-10-04T20:58:21","guid":{"rendered":"https:\/\/www.europesays.com\/es\/157060\/"},"modified":"2025-10-04T20:58:21","modified_gmt":"2025-10-04T20:58:21","slug":"el-atletico-astorga-necesitaba-una-victoria-asi","status":"publish","type":"post","link":"https:\/\/www.europesays.com\/es\/157060\/","title":{"rendered":"\u00abEl Atl\u00e9tico Astorga necesitaba una victoria as\u00ed\u00bb"},"content":{"rendered":"<p class=\"paragraph\">El Atl\u00e9tico Astorga estren\u00f3 en Valladolid su casillero de puntos en la Segunda Federaci\u00f3n. Un d\u00eda que quedar\u00e1 grabado para el recuerdo como los de sus ascensos a Segunda B y el m\u00e1s reciente a la Segunda Federaci\u00f3n hace unos pocos meses. No en vano son los primeros en la recien estrenada categor\u00eda del f\u00fatbol espa\u00f1ol. Ha sido al cuarto intento, pero la espera ha valido la pena.<\/p>\n<p class=\"paragraph\">Para aficionados, jugadores, directivos y el entrenador Jos\u00e9 Luis Lago. Precisamente este valoraba la victoria frente al filial blanquivioleta destacando el buen hacer del equipo. \u00abLa verdad es que estoy satisfecho por la labor de todo el conjunto. Supimos leer muy bien el partido, cerrando bien los espacios y evitando de que jugaran por dentro, d\u00e1ndole campo por fuera\u00bb.<\/p>\n<p>            <a href=\"#\" title=\"\"><\/p>\n<p>                    <img loading=\"lazy\" decoding=\"async\" data-index=\"\" width=\"140\" height=\"140\" alt=\"\" data-full=\"[object Object]\" data-original=\"[object Object]\" src=\"https:\/\/imagenes.diariodeleon.es\/files\/related_image\/uploads\/2025\/09\/29\/68daeccd5b0fd.jpeg\" data-full-src=\"https:\/\/www.europesays.com\/es\/wp-content\/uploads\/2025\/10\/68daeccd5b0fd.jpeg\"\/><\/p>\n<p>            <\/a><\/p>\n<p class=\"paragraph\">\u00abEn la primera parte no recuerdo ninguna ocasi\u00f3n de nuestro rival. En los primeros 15 minutos de partido hemos jugado muy directos y tambi\u00e9n tuvimos momentos para bajar el bal\u00f3n al piso y presionar a nuestro rival. Tenemos arriba jugadores r\u00e1pidos que supieron desequilibrar\u00bb, precis\u00f3 el entrenador de los maragatos.<\/p>\n<p class=\"paragraph\">\u00abSin embargo, en la segunda parte entramos un poco fr\u00edos Sergio Pel\u00e1ez, que ven\u00eda arrastrando problemas f\u00edsicos, sufri\u00f3 en el lateral y le sacaron tarjeta. Tuvimos que cambiarlo y ese penalti de Manso que los meten en el partido. Ellos se volcaron mucho y nosotros buscamos refresco en ataque con jugadores que buscasen ese espacio en transici\u00f3n, y de ah\u00ed hemos sacado el tercer gol\u00bb, a\u00f1adi\u00f3.<\/p>\n<p class=\"paragraph\">Lago reconoce que les ha costado mucho en entrar en juego en esta competici\u00f3n: \u00abNos cost\u00f3 en estas tres primeras jornadas empezar ganando. En el partido de Salamanca tuvimos dos ocasiones clar\u00edsimas, que no marcamos. Ante el Coruxo tuvimos un par de acciones para que pudieran acabar en gol. Esta victoria es muy importante para trabajar desde la tranquilidad\u00bb, concluye.<\/p>\n<p class=\"paragraph\">El pr\u00f3ximo rival del Atl\u00e9tico Astorga ser\u00e9 el s\u00e1bado a las 17.30 horas en el estadio de La Eragudina el l\u00edder Fabril.<\/p>\n","protected":false},"excerpt":{"rendered":"El Atl\u00e9tico Astorga estren\u00f3 en Valladolid su casillero de puntos en la Segunda Federaci\u00f3n. Un d\u00eda que quedar\u00e1&hellip;\n","protected":false},"author":2,"featured_media":157061,"comment_status":"","ping_status":"","sticky":false,"template":"","format":"standard","meta":{"footnotes":""},"categories":[268],"tags":[46920,168,1564,25,24,280,282,43146,281,23,167,1607],"class_list":{"0":"post-157060","1":"post","2":"type-post","3":"status-publish","4":"format-standard","5":"has-post-thumbnail","7":"category-futbol","8":"tag-atletico-astorga","9":"tag-deportes","10":"tag-directivos","11":"tag-es","12":"tag-espana","13":"tag-football","14":"tag-futbol","15":"tag-segunda-division-b","16":"tag-soccer","17":"tag-spain","18":"tag-sports","19":"tag-valladolid"},"share_on_mastodon":{"url":"","error":""},"_links":{"self":[{"href":"https:\/\/www.europesays.com\/es\/wp-json\/wp\/v2\/posts\/157060","targetHints":{"allow":["GET"]}}],"collection":[{"href":"https:\/\/www.europesays.com\/es\/wp-json\/wp\/v2\/posts"}],"about":[{"href":"https:\/\/www.europesays.com\/es\/wp-json\/wp\/v2\/types\/post"}],"author":[{"embeddable":true,"href":"https:\/\/www.europesays.com\/es\/wp-json\/wp\/v2\/users\/2"}],"replies":[{"embeddable":true,"href":"https:\/\/www.europesays.com\/es\/wp-json\/wp\/v2\/comments?post=157060"}],"version-history":[{"count":0,"href":"https:\/\/www.europesays.com\/es\/wp-json\/wp\/v2\/posts\/157060\/revisions"}],"wp:featuredmedia":[{"embeddable":true,"href":"https:\/\/www.europesays.com\/es\/wp-json\/wp\/v2\/media\/157061"}],"wp:attachment":[{"href":"https:\/\/www.europesays.com\/es\/wp-json\/wp\/v2\/media?parent=157060"}],"wp:term":[{"taxonomy":"category","embeddable":true,"href":"https:\/\/www.europesays.com\/es\/wp-json\/wp\/v2\/categories?post=157060"},{"taxonomy":"post_tag","embeddable":true,"href":"https:\/\/www.europesays.com\/es\/wp-json\/wp\/v2\/tags?post=157060"}],"curies":[{"name":"wp","href":"https:\/\/api.w.org\/{rel}","templated":true}]}}