{"id":157063,"date":"2025-10-04T21:01:09","date_gmt":"2025-10-04T21:01:09","guid":{"rendered":"https:\/\/www.europesays.com\/es\/157063\/"},"modified":"2025-10-04T21:01:09","modified_gmt":"2025-10-04T21:01:09","slug":"seba-alfaro-elige-sus-tres-libros-favoritos-en-la-previa-de-su-show-en-la-14o-primavera-del-libro","status":"publish","type":"post","link":"https:\/\/www.europesays.com\/es\/157063\/","title":{"rendered":"Seba Alfaro elige sus tres libros favoritos, en la previa de su show en la 14\u00ba Primavera del Libro"},"content":{"rendered":"<p>Uno de los solistas m\u00e1s inquietos de este lado del planeta, que cada cierto tiempo sorprende con algunas buenas canciones o un acogedor EP, es Seba Alfaro, due\u00f1o de una pluma que saca provecho de una mirada profunda sobre las cosas y un buen sentido del humor.<\/p>\n<p>Este m\u00fasico llevar\u00e1 sus creaciones este domingo 4 de octubre, a las 20:00 horas, en el cierre de la <strong>14\u00ba Primavera del Libro<\/strong>, evento que re\u00fane a m\u00e1s de un centenar de editoriales con una serie de actividades, como charlas, lanzamientos y shows en vivo, y que se realiza durante todo este fin de semana en el Parque Estadio Nacional. Conversamos con Alfaro sobre sus \u00faltimos movimientos y su gusto por los cl\u00e1sicos y los manga.<\/p>\n<p>\u00bfQu\u00e9 tan importante es la literatura y la lectura para tu vida y tu carrera como m\u00fasico?<\/p>\n<p>Para mi como cantautor es mega importante la literatura o el lenguaje en general, onda, creo que las cosas que digo, o el como las digo es mi forma de poder conectar con quienes me escuchen. Obviamente me imagino que la m\u00fasica en s\u00ed o la interpretaci\u00f3n influyen, pero el cantautor, al ser un formato tan minimalista, exige atenci\u00f3n en la letra, digamos. En el colegio y en la U le\u00eda harta poes\u00eda, pero ya trabajando leo pocazo la verdad. Lo que s\u00ed, colecciono y leo novelas gr\u00e1ficas o mangas. Y bueno, escucho harta m\u00fasica tambi\u00e9n, y me fijo obvio harto en las letras.<\/p>\n<p>\u00bfCu\u00e1les son tus tres libros favoritos y el por qu\u00e9 de cada uno?<\/p>\n<p>El primer libro que me marc\u00f3 fue el <strong>\u201cPoemas y antipoemas\u201d de Nicanor Parra<\/strong>, porque me inspir\u00f3 y ense\u00f1\u00f3 mucho respecto como de \u201cla belleza del lenguaje\u201d, independiente de que fuera coloquial, hab\u00eda como una fon\u00e9tica atractiva, una est\u00e9tica que se repet\u00eda y que, a pesar de parecer un juego, no era al lote, hab\u00eda una l\u00ednea, un estilo.<\/p>\n<p>\u2060Segundo, el <strong>\u201cLobo Estepario\u201d de Herman Hesse<\/strong>, porque nah, lo le\u00ed como a mediados de la U, en un per\u00edodo medio oscuro, y napos, y no s\u00e9 si decir que \u201cme acompa\u00f1\u00f3\u201d o me v\u00ed reflejado y me hundi\u00f3 m\u00e1s jajaj, pero lo recuerdo como una lectura muy intensa.<\/p>\n<p>Tercero, <strong>\u201cEl hombre sin talento\u201d,<\/strong> que es un manga de <strong>Sukezo Sukegawa.<\/strong> Es mi manga favorito. Los dibujos no son tan buenos, pero la trama es buen\u00edsima, y con un humor medio nihilista que me representa mucho jaja. Se trata de un tipo que fracasa en varios oficios, y termina vendiendo piedras, y se va en una vol\u00e1 muy profunda y graciosa sobre algo tan\u2026 nada, como las piedras, ve\u00eda belleza en ellas, no solo con un objetivo comercial o ego\u00edsta, pasando por una cr\u00edtica al capitalismo y la p\u00e9rdida de los valores orientales, todo como en medio de la transici\u00f3n de Jap\u00f3n hacia el capitalismo, nah, muy bueno. El libro tiene una frase muy buena que siento que resume la idea \u201cSi pudiera vender todas las piedras de este r\u00edo, ser\u00eda millonario\u201d, te habla de lo infinito del universo y de la ambici\u00f3n de la \u00e9poca moderna.<\/p>\n<p><img loading=\"lazy\" decoding=\"async\" class=\"aligncenter size-full wp-image-100001\" src=\"https:\/\/www.europesays.com\/es\/wp-content\/uploads\/2025\/10\/seba-alfaro-foto-por-sebastian-rojas.jpg\" alt=\"\" width=\"1000\" height=\"625\"  \/><\/p>\n<p><strong>\u00bfC\u00f3mo ha sido este 2025? Sacaste un EP en el invierno pasado\u2026<\/strong><\/p>\n<p>La verdad es que este 2025 me tom\u00e9 una pausa de tocar en vivo como de 9 meses jaja. Volv\u00ed a tocar en septiembre. Es que el a\u00f1o pasado estuvo demasiado intenso para mi con lo del disco nuevo, la promo, la gira. Este a\u00f1o, como dices, estuve grabando un EP nuevo con unas canciones que compuse en mis vacaciones, medio conceptual, medio souvenir, algo piola, para liberarme de presiones, y nada, en general m\u00e1s centrado en reflexionar sobre como llevar esta carrera de manera m\u00e1s c\u00f3moda y sana (risas).<\/p>\n<p>\u00bfC\u00f3mo ha sido llegar con tu m\u00fasica a distintos rincones de nuestro pa\u00eds en estos meses?<\/p>\n<p>Siempre se siente bien, pero con el tiempo prefiero bajarle el perfil. O sea, me escucha gente, pero nunca es tanta, jsjsjs. Pero buena onda, obvio, bac\u00e1n poder conectar.<\/p>\n<p>\u00bfQu\u00e9 viajes se vienen en estos meses?<\/p>\n<p>Voy a hacer una gira en noviembre para presentar el EP nuevo, que no te hab\u00eda dicho, pero se llama <strong><a href=\"https:\/\/www.youtube.com\/watch?v=7WU_uTTibCc&amp;t=11s\" target=\"_blank\" rel=\"noopener nofollow\">\u201cSur\u201d<\/a>,<\/strong> entonces el viaje se va a tratar de replicar m\u00e1s o menos el setlist del EP. Onda, parto en <strong>Talca<\/strong>, por una canci\u00f3n que se llama \u201cR\u00edo Achubueno\u201d; toco en Conce, por una que se llama \u201cCobquecura\u201d; despu\u00e9s en Temuco por una que se llama \u201cCunco\u201d y cierro la gira en Valdivia\u201d por el sencillo del EP que se llama \u201cPanguipulli\u201d. Y claro, no toco en los lugares que inspiraron las canciones, porque la idea es que vaya p\u00fablico (risas), entonces me centr\u00e9 en ciudades cercanas o capitales de regi\u00f3n porque sipo, ah\u00ed ya he ido y s\u00e9 que va gente a verme. Despu\u00e9s hago un par m\u00e1s de fechas en Valpo y Santiago y creo que cierro el a\u00f1o, al menos en shows autogestionados. Quiero seguir componiendo.<\/p>\n<p>\u00bfC\u00f3mo planeas armar este show en la Primavera del Libro, en un lugar agradable para compartir canciones como es el Parque Estadio Nacional?<\/p>\n<p>Mira, la verdad siempre hab\u00eda querido que me invitaran a tocar a una feria del libro, jajaja. Lo quiero aprovechar para mostrar los cl\u00e1sicos, obvio, pero tambi\u00e9n temitas del EP nuevo, para ir prob\u00e1ndolos en vivo tambi\u00e9n antes de la gira. Adem\u00e1s que voy en formato d\u00fao, con el <strong>Jejo Velasco<\/strong>, acordeonista sanantonino, lo que refresca el show, es que le pone el Jejo.<br \/>Respecto de que sea en el Parque Estadio Nacional, buen\u00edsimo. Ah\u00ed me paso el rollo de que es mi primer acercamiento a un concierto en el Estadio Nacional, ante 60 mil almas coreando mis canciones, JAJAJA.<\/p>\n","protected":false},"excerpt":{"rendered":"Uno de los solistas m\u00e1s inquietos de este lado del planeta, que cada cierto tiempo sorprende con algunas&hellip;\n","protected":false},"author":2,"featured_media":157064,"comment_status":"","ping_status":"","sticky":false,"template":"","format":"standard","meta":{"footnotes":""},"categories":[172],"tags":[224,146,147,25,24,225,23],"class_list":{"0":"post-157063","1":"post","2":"type-post","3":"status-publish","4":"format-standard","5":"has-post-thumbnail","7":"category-libros","8":"tag-books","9":"tag-entertainment","10":"tag-entretenimiento","11":"tag-es","12":"tag-espana","13":"tag-libros","14":"tag-spain"},"share_on_mastodon":{"url":"","error":""},"_links":{"self":[{"href":"https:\/\/www.europesays.com\/es\/wp-json\/wp\/v2\/posts\/157063","targetHints":{"allow":["GET"]}}],"collection":[{"href":"https:\/\/www.europesays.com\/es\/wp-json\/wp\/v2\/posts"}],"about":[{"href":"https:\/\/www.europesays.com\/es\/wp-json\/wp\/v2\/types\/post"}],"author":[{"embeddable":true,"href":"https:\/\/www.europesays.com\/es\/wp-json\/wp\/v2\/users\/2"}],"replies":[{"embeddable":true,"href":"https:\/\/www.europesays.com\/es\/wp-json\/wp\/v2\/comments?post=157063"}],"version-history":[{"count":0,"href":"https:\/\/www.europesays.com\/es\/wp-json\/wp\/v2\/posts\/157063\/revisions"}],"wp:featuredmedia":[{"embeddable":true,"href":"https:\/\/www.europesays.com\/es\/wp-json\/wp\/v2\/media\/157064"}],"wp:attachment":[{"href":"https:\/\/www.europesays.com\/es\/wp-json\/wp\/v2\/media?parent=157063"}],"wp:term":[{"taxonomy":"category","embeddable":true,"href":"https:\/\/www.europesays.com\/es\/wp-json\/wp\/v2\/categories?post=157063"},{"taxonomy":"post_tag","embeddable":true,"href":"https:\/\/www.europesays.com\/es\/wp-json\/wp\/v2\/tags?post=157063"}],"curies":[{"name":"wp","href":"https:\/\/api.w.org\/{rel}","templated":true}]}}