{"id":157065,"date":"2025-10-04T21:05:11","date_gmt":"2025-10-04T21:05:11","guid":{"rendered":"https:\/\/www.europesays.com\/es\/157065\/"},"modified":"2025-10-04T21:05:11","modified_gmt":"2025-10-04T21:05:11","slug":"97-79-un-brillante-regreso-a-la-liga-endesa-san-pablo-burgos","status":"publish","type":"post","link":"https:\/\/www.europesays.com\/es\/157065\/","title":{"rendered":"97-79. Un brillante regreso a la Liga Endesa \/ San Pablo Burgos"},"content":{"rendered":"<p style=\"text-align:justify\">El Recoletas Salud San Pablo Burgos firma un brillante regreso a la Liga Endesa. El equipo dirigido por Bruno Savignani conquist\u00f3 su primera victoria frente a B\u00e0squet Girona en el estreno de la temporada de acb. Los burgaleses, con un gran desempe\u00f1o coral, rompieron el partido en el tercer cuarto con un enorme parcial de 18-0. La ventaja acumulada permiti\u00f3 a los castellanos sellar un triunfo con el que disfrut\u00f3 toda la grada del Coliseum, en el mejor debut posible en esta segunda etapa en la m\u00e1xima categor\u00eda del baloncesto espa\u00f1ol.<\/p>\n<p style=\"text-align:justify\">Los burgaleses dominaban el encuentro en el retorno de la Liga Endesa al Coliseum (8-3) y crec\u00edan, alentados por la afici\u00f3n local, hasta establecer su mejor renta en ocho puntos (14-6), que manten\u00eda conforme avanzaba el cuarto (18-10). El B\u00e0squet Girona buscaba sus opciones con un 0-6 de parcial, pero los de Savignani volv\u00edan a abrir la distancia al cierre del primer periodo (22-16).<\/p>\n<p style=\"text-align:justify\">Manten\u00eda las riendas del electr\u00f3nico el Recoletas Salud San Pablo Burgos, que se divert\u00eda con su juego coral y elevaba sus m\u00e1ximas ventajas, primero a los nueve puntos (27-18) y despu\u00e9s hasta los diez (39-29). Con Pep Busquets, los de Moncho Fern\u00e1ndez peleaban por reducir las diferencias (44-35), pero los locales a\u00fan se marchaban por delante al descanso (49-41).<\/p>\n<p>\n            <img decoding=\"async\" src=\"https:\/\/www.europesays.com\/es\/wp-content\/uploads\/2025\/10\/5443_2_2.jpg\" alt=\"\" width=\"683\"\/><\/p>\n<p style=\"text-align:justify\">El intercambio de canastas conservaba la distancia en el marcador del Coliseum (58-51). Superado el ecuador del tercer cuarto, el Recoletas Salud San Pablo Burgos sumaba esfuerzos en defensa, disfrutaba en grande con su juego y completaba un 18-0 de parcial que hac\u00eda las delicias de la afici\u00f3n del Coliseum y estiraba hasta 25 puntos la mejor renta (76-51), antes de que finalizara el periodo (76-53).<\/p>\n<p style=\"text-align:justify\">No frenaban los locales en su empe\u00f1o de firmar un gran estreno de temporada de Liga Endesa y continuaban dominando claramente el duelo con 26 puntos de m\u00e1xima ventaja (84-58). Los intentos visitantes de aproximarse en el electr\u00f3nico (84-64) se ve\u00edan frenados por Savignani con un tiempo muerto. Los castellanos manejaban con soltura los compases finales de su compromiso de la primera jornada, en la que consegu\u00edan estrenar su casillero de victorias con un gran triunfo colectivo en el Coliseum, que terminaba coreando: \u201c\u00a1Burgos es acb!\u201d (97-79).<\/p>\n<p style=\"text-align:justify\">El equipo burgal\u00e9s disputar\u00e1 su pr\u00f3ximo partido de Liga Endesa ante Surne Bilbao Basket, el domingo 12 de octubre, desde las 18:00 horas, en el Bilbao Arena.<\/p>\n<p style=\"text-align:center\"><strong>Ficha t\u00e9cnica<\/strong><\/p>\n<p style=\"text-align:justify\"><strong>97 \u2013 San Pablo Burgos:<\/strong> J\u00f3n Axel Gudmundsson (13), Jhivvan Jackson (17), Leo Meindl (18), Jermaine Samuels Jr (9) y Luke Fischer (9) \u2013cinco inicial\u2013 Raul Neto (7), Gonzalo Corbal\u00e1n (13), Dani D\u00edez (7), Pablo Almaz\u00e1n (-), Yannick Nzosa (2), Silvio De Sousa (2), Sergi Garc\u00eda (-). Termin\u00f3 eliminado por cinco faltas personales J\u00f3n Axel Gudmundsson.<\/p>\n<p style=\"text-align:justify\"><strong>79 \u2013 B\u00e0squet Girona:<\/strong> Derek Needham (3), Mark Hughes (8), Otis Livingston II (13), Martinas Geben (2) y Sergi Mart\u00ednez (5) \u2013cinco inicial\u2013 Maxi Fjellerup (), Pep Busquets (26), Guillem Ferrando (-), Pepe Vildoza (5), Juan Fern\u00e1ndez (11), Nikola Maric (2), Mindaugas Susinskas (4), Sander Hollanders (-). Termin\u00f3 eliminado por cinco faltas personales Martinas Geben.<\/p>\n<p style=\"text-align:justify\"><strong>Cuartos<\/strong>: 22-16; 27-25; 27-12; 21-26.<\/p>\n<p style=\"text-align:justify\"><strong>\u00c1rbitros:<\/strong> Antonio Conde, Joaqu\u00edn Garc\u00eda Gonz\u00e1lez e Iy\u00e1n Gonz\u00e1lez G\u00e1lvez.<\/p>\n<p style=\"text-align:justify\"><strong>Incidencias:<\/strong> Partido correspondiente a la primera jornada de Liga Endesa disputado en el Coliseum ante 8579 espectadores. El encuentro estuvo parado durante un par de minutos en el \u00faltimo cuarto por el arreglo de una red.<\/p>\n<p style=\"text-align:center\"><strong>Rueda de prensa pospartido Bruno Savignani<\/strong><\/p>\n<p style=\"text-align:center\">\n<p>              Your browser does not support the audio element.<\/p>\n<p style=\"text-align:center\"><strong>Rueda de prensa pospartido Leo Meindl<\/strong><\/p>\n<p style=\"text-align:center\">\n<p>              Your browser does not support the audio element.<\/p>\n<p style=\"text-align:center\"><strong>Rueda de prensa pospartido Moncho Fern\u00e1ndez<\/strong><\/p>\n<p style=\"text-align:center\">\n<p>              Your browser does not support the audio element.<\/p>\n<p style=\"text-align:center\"><strong>Ruedas de prensa pospartido (en YouTube)<\/strong><\/p>\n<p style=\"text-align:center\"><a href=\"https:\/\/www.youtube.com\/live\/zu-5q2pavaE\" style=\"color:#0033cc\" target=\"_blank\" rel=\"nofollow noopener\">https:\/\/www.youtube.com\/live\/zu-5q2pavaE<\/a><\/p>\n","protected":false},"excerpt":{"rendered":"El Recoletas Salud San Pablo Burgos firma un brillante regreso a la Liga Endesa. El equipo dirigido por&hellip;\n","protected":false},"author":2,"featured_media":157066,"comment_status":"","ping_status":"","sticky":false,"template":"","format":"standard","meta":{"footnotes":""},"categories":[93],"tags":[168,25,24,23,167],"class_list":{"0":"post-157065","1":"post","2":"type-post","3":"status-publish","4":"format-standard","5":"has-post-thumbnail","7":"category-deportes","8":"tag-deportes","9":"tag-es","10":"tag-espana","11":"tag-spain","12":"tag-sports"},"share_on_mastodon":{"url":"","error":""},"_links":{"self":[{"href":"https:\/\/www.europesays.com\/es\/wp-json\/wp\/v2\/posts\/157065","targetHints":{"allow":["GET"]}}],"collection":[{"href":"https:\/\/www.europesays.com\/es\/wp-json\/wp\/v2\/posts"}],"about":[{"href":"https:\/\/www.europesays.com\/es\/wp-json\/wp\/v2\/types\/post"}],"author":[{"embeddable":true,"href":"https:\/\/www.europesays.com\/es\/wp-json\/wp\/v2\/users\/2"}],"replies":[{"embeddable":true,"href":"https:\/\/www.europesays.com\/es\/wp-json\/wp\/v2\/comments?post=157065"}],"version-history":[{"count":0,"href":"https:\/\/www.europesays.com\/es\/wp-json\/wp\/v2\/posts\/157065\/revisions"}],"wp:featuredmedia":[{"embeddable":true,"href":"https:\/\/www.europesays.com\/es\/wp-json\/wp\/v2\/media\/157066"}],"wp:attachment":[{"href":"https:\/\/www.europesays.com\/es\/wp-json\/wp\/v2\/media?parent=157065"}],"wp:term":[{"taxonomy":"category","embeddable":true,"href":"https:\/\/www.europesays.com\/es\/wp-json\/wp\/v2\/categories?post=157065"},{"taxonomy":"post_tag","embeddable":true,"href":"https:\/\/www.europesays.com\/es\/wp-json\/wp\/v2\/tags?post=157065"}],"curies":[{"name":"wp","href":"https:\/\/api.w.org\/{rel}","templated":true}]}}