{"id":15707,"date":"2025-07-31T06:40:13","date_gmt":"2025-07-31T06:40:13","guid":{"rendered":"https:\/\/www.europesays.com\/es\/15707\/"},"modified":"2025-07-31T06:40:13","modified_gmt":"2025-07-31T06:40:13","slug":"imputan-a-nico-e-inaki-williams-por-la-presunta-apropiacion-indebida-de-un-deportivo-de-79-000-euros","status":"publish","type":"post","link":"https:\/\/www.europesays.com\/es\/15707\/","title":{"rendered":"Imputan a Nico e I\u00f1aki Williams por la presunta apropiaci\u00f3n indebida de un deportivo de 79.000 euros"},"content":{"rendered":"<p class=\"c-paragraph\"><b><a href=\"https:\/\/www.20minutos.es\/tags\/personas\/nico-williams.html\" title=\"Nico Williams\" rel=\"nofollow noopener\" target=\"_blank\">Nico Williams<\/a> e <\/b><a href=\"https:\/\/www.20minutos.es\/tags\/deportes\/inaki-williams.html\" title=\"I\u00f1aki Williams\" rel=\"nofollow noopener\" target=\"_blank\"><b>I\u00f1aki Williams<\/b> <\/a>han ocupado las p\u00e1ginas deportivas en los \u00faltimos d\u00edas por las \u00faltimas declaraciones del mayor sobre el calvario sufrido por el menor en su &#8216;no fichaje&#8217; por el Bar\u00e7a. Este mi\u00e9rcoles, sin embargo, el apellido de los futbolistas copa la \u00faltima hora de la informaci\u00f3n de tribunales, pues ambos deber\u00e1n comparecer ante la Justicia en calidad de investigados por un presunto delito de apropiaci\u00f3n indebida de un <b>veh\u00edculo de alta gama valorado en 79.000 euros.<\/b><\/p>\n<p class=\"c-paragraph\">As\u00ed se ha conocido a partir de una querella a la que ha tenido acceso el <a href=\"https:\/\/www.abc.es\/deportes\/juzgado-cita-investigados-hermanos-williams-delito-apropiacion-20250730095731-nt.html\" rel=\"nofollow ugc noopener\" target=\"_blank\">diario ABC <\/a>en la que la juez\u00a0\u00a0Amaya Morea detalla la operaci\u00f3n llevada a cabo por los dos jugadores con \u00abel prop\u00f3sito criminal de quedarse con el veh\u00edculo de la entidad querellante sin realizar contraprestaci\u00f3n de ning\u00fan tipo\u00bb.<\/p>\n<p class=\"c-paragraph\">La &#8216;trama&#8217; se remonta a octubre de 2024 e involucra a la empresa Omnigesti\u00f3n 24 SLU \u2014dedicada a la compraventa de veh\u00edculos\u2014, que ha demandado a los futbolistas por una estaba que comienza, entonces, con el inter\u00e9s mostrado por<b> Nico Williams<\/b> en la compra de un Mercedes AMG E63 y la reuni\u00f3n mantenida entre el due\u00f1o de la empresa y un intermediario de la familia Williams: <b>Houssni Talhaoui<\/b>, tambi\u00e9n investigado.<\/p>\n<p class=\"c-paragraph\">El primer paso fue, tras la reuni\u00f3n, la adquisici\u00f3n del veh\u00edculo en B\u00e9lgica por un montante de 77.000 euros realizada por la empresa. <b>Cumplida su parte, solo faltaba el pago por parte de Nico Williams<\/b>, que ya hab\u00eda asumido los costes de matriculaci\u00f3n en Espa\u00f1a. Ah\u00ed empiezan los &#8216;problemas&#8217;, pues los hermanos proponen, en vez del pago, la permuta por otro Mercedes, un CLA 45 que ya pose\u00edan.\u00a0<\/p>\n<p class=\"c-paragraph\">Es en ese instante cuando comienza lo descrito por la jueza como\u00a0un plan con \u00abel prop\u00f3sito criminal de quedarse\u00a0con el veh\u00edculo\u00bb en el texto al que tuvo acceso el medio antes mencionado. Dejaron probar el coche al empresario y le invitaron al palco del Athletic Club en un partido para estrechar lazos y <b>\u00abuna vez ganada su confianza, ejecutaron su prop\u00f3sito criminal\u00bb<\/b>, detalla el texto.\u00a0<\/p>\n<p class=\"c-paragraph\">Los hermanos pidieron realizar la transacci\u00f3n \u00aba trav\u00e9s de la figura de la compra venta simulada\u00bb y que el coche se pusiera a nombre de su t\u00eda, Mary Princie Fripomaah. Con esa maniobra, el coche \u00abpodr\u00eda ser transmitido con posterioridad a terceras personas impidiendo al querellante recuperar el veh\u00edculo\u00a0o cobrar su valor equivalente a trav\u00e9s de la interposici\u00f3n de acciones judiciales, ya que (\u2026) Mary Princie, a diferencia de sus sobrinos, <b>es del todo insolvente<\/b>\u00ab, explica el abogado de la empresa en dicha querella.<\/p>\n<p class=\"c-paragraph\">La estrategia parece clara, pero la estafa va m\u00e1s all\u00e1. A pesar de que los futbolistas aseguraron que tardar\u00edan varios d\u00edas en entregar su veh\u00edculo en lo que llevaban a cabo el papeleo para el cambio de nombre, el empresario, confiado en la operaci\u00f3n, cumpli\u00f3 su parte del trato y entreg\u00f3 el Mercedes AMG E63.\u00a0 Desde entonces, \u00abdej\u00f3 de tener noticias de los querellados, quienes en ning\u00fan momento hicieron el cambio de titularidad ni, por ende, entregaron el veh\u00edculo a la mercantil querellante y, mucho menos, realizaron otro tipo de contraprestaci\u00f3n por el Mercedes E63\u00bb.<\/p>\n<p class=\"c-paragraph\">Los hermanos Williams est\u00e1n llamados a declarar el pr\u00f3ximo\u00a0\u00a027 de enero ante un juzgado de instrucci\u00f3n de la localidad navarra de Aoiz por un caso en el que<b> presuntamente se habr\u00edan hecho \u00aba coste cero\u00bb<\/b> con un \u00abveh\u00edculo de alto valor econ\u00f3mico\u00bb, es decir, \u00abun beneficio il\u00edcito que es a conciencia del enga\u00f1o provocado al querellante\u00bb, determina el texto judicial.<\/p>\n","protected":false},"excerpt":{"rendered":"Nico Williams e I\u00f1aki Williams han ocupado las p\u00e1ginas deportivas en los \u00faltimos d\u00edas por las \u00faltimas declaraciones&hellip;\n","protected":false},"author":2,"featured_media":15708,"comment_status":"","ping_status":"","sticky":false,"template":"","format":"standard","meta":{"footnotes":""},"categories":[5],"tags":[17,18,10378,25,24,13,14,11,10377,6616,19,20,9,1446,10,15,16,23,12,21,22,308],"class_list":{"0":"post-15707","1":"post","2":"type-post","3":"status-publish","4":"format-standard","5":"has-post-thumbnail","7":"category-titulares","8":"tag-breaking-news","9":"tag-breakingnews","10":"tag-e","11":"tag-es","12":"tag-espana","13":"tag-featured-news","14":"tag-featurednews","15":"tag-headlines","16":"tag-imputan","17":"tag-inaki","18":"tag-latest-news","19":"tag-latestnews","20":"tag-news","21":"tag-nico","22":"tag-noticias","23":"tag-noticias-destacadas","24":"tag-noticiasdestacadas","25":"tag-spain","26":"tag-titulares","27":"tag-ultimas-noticias","28":"tag-ultimasnoticias","29":"tag-williams"},"share_on_mastodon":{"url":"","error":""},"_links":{"self":[{"href":"https:\/\/www.europesays.com\/es\/wp-json\/wp\/v2\/posts\/15707","targetHints":{"allow":["GET"]}}],"collection":[{"href":"https:\/\/www.europesays.com\/es\/wp-json\/wp\/v2\/posts"}],"about":[{"href":"https:\/\/www.europesays.com\/es\/wp-json\/wp\/v2\/types\/post"}],"author":[{"embeddable":true,"href":"https:\/\/www.europesays.com\/es\/wp-json\/wp\/v2\/users\/2"}],"replies":[{"embeddable":true,"href":"https:\/\/www.europesays.com\/es\/wp-json\/wp\/v2\/comments?post=15707"}],"version-history":[{"count":0,"href":"https:\/\/www.europesays.com\/es\/wp-json\/wp\/v2\/posts\/15707\/revisions"}],"wp:featuredmedia":[{"embeddable":true,"href":"https:\/\/www.europesays.com\/es\/wp-json\/wp\/v2\/media\/15708"}],"wp:attachment":[{"href":"https:\/\/www.europesays.com\/es\/wp-json\/wp\/v2\/media?parent=15707"}],"wp:term":[{"taxonomy":"category","embeddable":true,"href":"https:\/\/www.europesays.com\/es\/wp-json\/wp\/v2\/categories?post=15707"},{"taxonomy":"post_tag","embeddable":true,"href":"https:\/\/www.europesays.com\/es\/wp-json\/wp\/v2\/tags?post=15707"}],"curies":[{"name":"wp","href":"https:\/\/api.w.org\/{rel}","templated":true}]}}