{"id":157075,"date":"2025-10-04T21:10:09","date_gmt":"2025-10-04T21:10:09","guid":{"rendered":"https:\/\/www.europesays.com\/es\/157075\/"},"modified":"2025-10-04T21:10:09","modified_gmt":"2025-10-04T21:10:09","slug":"netanyahu-espera-tener-de-vuelta-a-todos-los-rehenes-de-gaza-en-los-proximos-dias","status":"publish","type":"post","link":"https:\/\/www.europesays.com\/es\/157075\/","title":{"rendered":"Netanyahu espera tener de vuelta a todos los rehenes de Gaza \u00aben los pr\u00f3ximos d\u00edas\u00bb"},"content":{"rendered":"<p>    <img src=\"https:\/\/www.europesays.com\/es\/wp-content\/uploads\/2025\/10\/1759612209_620_2025-10-03T093A003A46Z-90108371.jpg\" width=\"1024\" height=\"576\" alt=\"\" loading=\"eager\" decoding=\"sync\" fetchpriority=\"high\"\/><\/p>\n<p>            afp_tickers        <\/p>\n<p>        Este contenido fue publicado en    <\/p>\n<p>        04 octubre 2025 &#8211; 22:33\n<\/p>\n<p>El primer ministro israel\u00ed, Benjamin Netanyahu, dijo el s\u00e1bado que espera que todos los rehenes retenidos en Gaza puedan volver a sus casas \u00aben los pr\u00f3ximos d\u00edas\u00bb.<\/p>\n<p>\u00abEspero que en los pr\u00f3ximos d\u00edas podamos traer de vuelta a todos nuestros rehenes (\u2026) durante la festividad de Sucot\u00bb, afirm\u00f3 Netanyahu en una declaraci\u00f3n televisada, y asegur\u00f3 que \u00abla presi\u00f3n militar y diplom\u00e1tica\u00bb hab\u00eda obligado a Ham\u00e1s a aceptar la liberaci\u00f3n de los cautivos.<\/p>\n<p>La festividad jud\u00eda de Sucot comienza el lunes y dura hasta el lunes siguiente.<\/p>\n<p>Netanyahu dijo que dio instrucciones a los negociadores para viajar a Egipto y mantener conversaciones sobre un acuerdo.<\/p>\n<p>\u00abHam\u00e1s ser\u00e1 desarmado (\u2026) esto ocurrir\u00e1 ya sea diplom\u00e1ticamente por el plan de Trump o militarmente por nosotros\u00bb, a\u00f1adi\u00f3.<\/p>\n<p>Dos emisarios del presidente estadounidense Donald Trump se dirigen el s\u00e1bado a Egipto para concluir las conversaciones sobre la liberaci\u00f3n de rehenes en la Franja de Gaza, indic\u00f3 la Casa Blanca tras el anuncio de Ham\u00e1s de que estaba dispuesto a liberarlos.<\/p>\n<p>Al mismo tiempo el ej\u00e9rcito israel\u00ed anunci\u00f3 que continuar\u00eda sus operaciones en el territorio palestino, a pesar de los llamamientos de Trump y de las familias de los rehenes para cesar de inmediato los bombardeos.<\/p>\n<p>El enviado Steve Witkoff y el yerno de Donald Trump, Jared Kushner, se dirigen a Egipto, mediador en la guerra de Gaza, para ultimar las modalidades de la liberaci\u00f3n de los rehenes, declar\u00f3 a la AFP un funcionario de la Casa Blanca bajo condici\u00f3n de anonimato.<\/p>\n<p>Trump advirti\u00f3 el s\u00e1bado a Ham\u00e1s que no \u00abtolerar\u00eda ning\u00fan retraso\u00bb en la aplicaci\u00f3n de su plan.<\/p>\n<p>El s\u00e1bado un medio vinculado al servicio de inteligencia de Egipto confirm\u00f3 conversaciones indirectas entre Ham\u00e1s e Israel el domingo y el lunes en El Cairo.\u00a0<\/p>\n<p>El objetivo ser\u00e1 \u00abdebatir la organizaci\u00f3n de las condiciones sobre el terreno para el intercambio de todos los detenidos y presos, de acuerdo con la propuesta de Trump\u00bb, indic\u00f3 Al-Qahera News\u00a0<\/p>\n<p>El viernes, el movimiento islamista palestino se declar\u00f3 dispuesto a iniciar negociaciones inmediatas para la liberaci\u00f3n de los rehenes y el fin de la guerra que azota desde hace casi dos a\u00f1os la Franja de Gaza.<\/p>\n<p>El presidente estadounidense llam\u00f3 entonces a Israel a \u00abdetener inmediatamente los bombardeos en Gaza, para que podamos sacar a los rehenes de forma r\u00e1pida y segura\u00bb.<\/p>\n<p>Pero al menos 31 personas murieron el s\u00e1bado en ataques israel\u00edes en el territorio palestino, seg\u00fan Mohamed Abu Salmiya, director del hospital Al Chifa, en Ciudad de Gaza.<\/p>\n<p>Seg\u00fan \u00e9l, al menos 26 personas murieron en esta ciudad del norte del territorio, donde las fuerzas israel\u00edes lanzaron el 16 de septiembre una gran ofensiva que oblig\u00f3 a cientos de miles de personas a huir.<\/p>\n<p>El ej\u00e9rcito, que controla aproximadamente el 75 % de la Franja de Gaza, quiere apoderarse de Ciudad de Gaza, que considera el principal basti\u00f3n de Ham\u00e1s.<\/p>\n<p>En Israel, el Foro de Familias de Rehenes apoy\u00f3 la petici\u00f3n estadounidense de poner fin de inmediato a la guerra.<\/p>\n<p>En Gaza, los habitantes tambi\u00e9n celebraron el llamado del presidente estadounidense, \u00abel \u00fanico capaz de obligar a Israel a obedecer y poner fin a la guerra\u00bb, dijo Sami Adas, un hombre de unos 40 a\u00f1os que vive bajo una tienda con su familia en el oeste de Gaza.<\/p>\n<p>El plan estadounidense prev\u00e9 un alto el fuego, la liberaci\u00f3n de los rehenes en un plazo de 72 horas, la retirada gradual del ej\u00e9rcito israel\u00ed de Gaza, el desarme de Ham\u00e1s y el exilio de sus combatientes.<\/p>\n<p>Tambi\u00e9n contempla la creaci\u00f3n de una autoridad de transici\u00f3n formada por tecn\u00f3cratas bajo la supervisi\u00f3n de Donald Trump, y el despliegue de una fuerza internacional. Sin embargo excluye cualquier papel de Ham\u00e1s \u00aben la gobernanza de Gaza\u00bb.<\/p>\n<p>El primer ministro israel\u00ed, Benjamin Netanyahu, declar\u00f3 que apoya el plan Trump anunciado a finales de septiembre, pero despu\u00e9s afirm\u00f3 que su ej\u00e9rcito se mantendr\u00eda en la mayor parte del territorio palestino.<\/p>\n<p>En su comunicado del viernes, Ham\u00e1s se declar\u00f3 dispuesto a liberar a todos los rehenes vivos y a entregar los cuerpos de los fallecidos a cambio de prisioneros palestinos, as\u00ed como a iniciar negociaciones inmediatas sobre los \u00abdetalles\u00bb de las liberaciones.<\/p>\n<p>Los rehenes fueron secuestrados durante el ataque sin precedentes de Ham\u00e1s en suelo israel\u00ed el 7 de octubre de 2023, que desencaden\u00f3 la guerra en Gaza.\u00a0<\/p>\n<p>Israel jur\u00f3 destruir al movimiento islamista y le niega cualquier papel en el periodo posb\u00e9lico.<\/p>\n<p>El ataque del 7 de octubre provoc\u00f3 la muerte de 1.219 personas en el lado israel\u00ed, en su mayor\u00eda civiles, seg\u00fan un balance elaborado por la AFP a partir de datos oficiales. De las 251 personas secuestradas ese d\u00eda, 47 siguen siendo rehenes en Gaza, de las cuales 25 han muerto seg\u00fan el ej\u00e9rcito.<\/p>\n<p>La ofensiva de represalia israel\u00ed ha causado al menos 67.074 muertos en Gaza, en su mayor\u00eda civiles, seg\u00fan las cifras del Ministerio de Salud de Ham\u00e1s, consideradas fiables por la ONU.<\/p>\n<p>str-bur\/jvb\/pc\/eg\/dg<\/p>\n","protected":false},"excerpt":{"rendered":"afp_tickers Este contenido fue publicado en 04 octubre 2025 &#8211; 22:33 El primer ministro israel\u00ed, Benjamin Netanyahu, dijo&hellip;\n","protected":false},"author":2,"featured_media":157076,"comment_status":"","ping_status":"","sticky":false,"template":"","format":"standard","meta":{"footnotes":""},"categories":[42],"tags":[635,11642,17,18,636,11643,83,13,14,4437,11,61,62,63,86,64,19,20,9,10,15,16,88,90,12,21,22,65,66,67],"class_list":{"0":"post-157075","1":"post","2":"type-post","3":"status-publish","4":"format-standard","5":"has-post-thumbnail","7":"category-internacional","8":"tag-armed-conflict","9":"tag-armed-forces","10":"tag-breaking-news","11":"tag-breakingnews","12":"tag-conflict","13":"tag-defence","14":"tag-diplomacy","15":"tag-featured-news","16":"tag-featurednews","17":"tag-government","18":"tag-headlines","19":"tag-internacional","20":"tag-international","21":"tag-international-news","22":"tag-international-relations","23":"tag-internationalnews","24":"tag-latest-news","25":"tag-latestnews","26":"tag-news","27":"tag-noticias","28":"tag-noticias-destacadas","29":"tag-noticiasdestacadas","30":"tag-politics","31":"tag-ticker","32":"tag-titulares","33":"tag-ultimas-noticias","34":"tag-ultimasnoticias","35":"tag-world","36":"tag-world-news","37":"tag-worldnews"},"share_on_mastodon":{"url":"","error":""},"_links":{"self":[{"href":"https:\/\/www.europesays.com\/es\/wp-json\/wp\/v2\/posts\/157075","targetHints":{"allow":["GET"]}}],"collection":[{"href":"https:\/\/www.europesays.com\/es\/wp-json\/wp\/v2\/posts"}],"about":[{"href":"https:\/\/www.europesays.com\/es\/wp-json\/wp\/v2\/types\/post"}],"author":[{"embeddable":true,"href":"https:\/\/www.europesays.com\/es\/wp-json\/wp\/v2\/users\/2"}],"replies":[{"embeddable":true,"href":"https:\/\/www.europesays.com\/es\/wp-json\/wp\/v2\/comments?post=157075"}],"version-history":[{"count":0,"href":"https:\/\/www.europesays.com\/es\/wp-json\/wp\/v2\/posts\/157075\/revisions"}],"wp:featuredmedia":[{"embeddable":true,"href":"https:\/\/www.europesays.com\/es\/wp-json\/wp\/v2\/media\/157076"}],"wp:attachment":[{"href":"https:\/\/www.europesays.com\/es\/wp-json\/wp\/v2\/media?parent=157075"}],"wp:term":[{"taxonomy":"category","embeddable":true,"href":"https:\/\/www.europesays.com\/es\/wp-json\/wp\/v2\/categories?post=157075"},{"taxonomy":"post_tag","embeddable":true,"href":"https:\/\/www.europesays.com\/es\/wp-json\/wp\/v2\/tags?post=157075"}],"curies":[{"name":"wp","href":"https:\/\/api.w.org\/{rel}","templated":true}]}}