{"id":157077,"date":"2025-10-04T21:11:08","date_gmt":"2025-10-04T21:11:08","guid":{"rendered":"https:\/\/www.europesays.com\/es\/157077\/"},"modified":"2025-10-04T21:11:08","modified_gmt":"2025-10-04T21:11:08","slug":"la-espectacular-estancia-del-portaaviones-nuclear-mas-poderoso-de-estados-unidos-en-palma","status":"publish","type":"post","link":"https:\/\/www.europesays.com\/es\/157077\/","title":{"rendered":"La espectacular estancia del portaaviones nuclear m\u00e1s poderoso de Estados Unidos en Palma"},"content":{"rendered":"<p class=\"paragraph\">El portaaviones nuclear USS Gerald R. Ford, <a href=\"https:\/\/www.eldebate.com\/espana\/defensa\/20230304\/portaaviones-gerald-r-ford-lhd-trieste-fujian-pa-ng-batalla-decisiva-por-el-poder-naval_98031.html\" rel=\"nofollow noopener\" target=\"_blank\">el buque de guerra m\u00e1s moderno y con mayor capacidad operativa de la Marina de Estados Unidos<\/a>, ha llegado este viernes a la bah\u00eda de Palma, donde permanecer\u00e1 hasta el pr\u00f3ximo d\u00eda 8 en escala. El <b>USS Gerald R. Ford (CVN-78)<\/b> es el primero de su clase y desplaza m\u00e1s de 100.000 toneladas, tiene una eslora superior a los 330 metros y cuenta con propulsi\u00f3n nuclear, lo que le permite operar sin necesidad de repostar durante m\u00e1s de dos d\u00e9cadas.<\/p>\n<p class=\"paragraph\">Recibe su nombre en honor al 38.\u00ba presidente de los Estados Unidos, Gerald R. Ford, y fue incorporado a la flota en 2017. El buque alberga a bordo una tripulaci\u00f3n de unas 4.500 personas, incluyendo personal de vuelo y mantenimiento, y puede transportar hasta 90 aeronaves, entre cazas <b>F\/A-18E\/F Super Hornet<\/b>, aviones de alerta temprana <b>E-2D Hawkeye<\/b> y helic\u00f3pteros <b>MH-60R Seahawk<\/b>.<\/p>\n<p class=\"paragraph\">Se trata del portaaviones insignia estadounidense y encabeza un grupo de combate que suele estar compuesto por un <b>crucero lanzamisiles <\/b>y varios <b>destructores<\/b> de escolta. Su dise\u00f1o incorpora innovaciones tecnol\u00f3gicas en catapultas electromagn\u00e9ticas, sistemas de radar, eficiencia energ\u00e9tica y capacidad de lanzamiento de aeronaves, lo que lo convierte en la plataforma m\u00e1s moderna del poder naval estadounidense.<\/p>\n<p class=\"c-detail__media__subtitle composite_image\">\n<p>        El portaaviones nuclear estadounidense USS Gerald R. Ford es el m\u00e1s poderoso de la flota de la marina del pa\u00eds presidido por Donald TrumpEFE<\/p>\n<p class=\"paragraph\">La visita, que se enmarca en las operaciones habituales de una fuerza aliada en territorio de un pa\u00eds miembro de la OTAN, ha generado protestas de <b>Podemos<\/b> y grupos minoritarios radicales. Apenas unas decenas de personas se concentraron cuando fonde\u00f3 el portaaviones con pancartas y consignas contra la presencia del buque nuclear estadounidense. Entre los mensajes m\u00e1s repetidos se encontraban lemas como \u00abMallorca no es base militar, fuera barcos de guerra\u00bb, \u00abNuclear, no\u00bb o \u00abFuera bases del Mediterr\u00e1neo\u00bb.<\/p>\n<p>Protesta residual<\/p>\n<p class=\"paragraph\">Durante la minoritaria protesta, los asistentes corearon frases como \u00abno somos una base, somos una tierra\u00bb, en alusi\u00f3n al rechazo a la utilizaci\u00f3n de espacios portuarios baleares por parte de unidades de la OTAN o de Estados Unidos. La movilizaci\u00f3n transcurri\u00f3 sin incidentes y bajo un importante dispositivo de seguridad.<\/p>\n<p class=\"c-detail__media__subtitle composite_image\">\n<p>        Concentraci\u00f3n de rechazo por el fondeo del portaaviones nuclear estadounidense USS Gerald R. Ford este viernes en Palma de MallorcaEFE<\/p>\n<p class=\"paragraph\">El portavoz del Gobierno balear, <b>Antoni Costa<\/b>, defendi\u00f3 que la presencia de la embarcaci\u00f3n estadounidense debe entenderse como parte de la \u00abnormalidad\u00bb derivada de la pertenencia de Espa\u00f1a a la Alianza Atl\u00e1ntica.<\/p>\n<p class=\"paragraph\">\u00abSolo faltar\u00eda que no pudiera venir una embarcaci\u00f3n\u00bb, ha afirmado el portavoz, quien ha llamado a la poblaci\u00f3n a tomarse la visita \u00abcon tranquilidad\u00bb. Costa ha insistido en que este tipo de escalas forman parte de la cooperaci\u00f3n internacional en materia de defensa y seguridad mar\u00edtima.<\/p>\n<p class=\"c-detail__media__subtitle composite_image\">\n<p>        El USS Gerald R. Ford (CVN 78) transita por el Estrecho de Gibraltar rumbo a Baleares. El portaaviones ha recalado en PalmaUS Navy<\/p>\n<p class=\"paragraph\">El Gobierno balear no ha informado de ning\u00fan acto oficial con la dotaci\u00f3n del buque ni con representantes de la <b>embajada de Estados Unidos<\/b>, aunque fuentes portuarias han confirmado que el fondeo del USS Gerald R. Ford ha sido autorizado conforme a los procedimientos habituales para buques aliados.<\/p>\n<p class=\"paragraph\">La presencia de buques militares extranjeros en Mallorca ha generado en otras ocasiones <b>pol\u00e9micas y movilizaciones<\/b> ciudadanas, especialmente por parte de plataformas ecologistas y pacifistas que denuncian el uso del puerto de Palma para fines militares. En este caso, Podemos ha exigido al Gobierno central que impida la entrada del portaaviones USS Gerald R. Ford al puerto de Palma.<\/p>\n<p class=\"c-detail__media__subtitle composite_image\">\n<p>        El USS Gerald R. Ford (CVN 78)US Navy \/ Petty Officer 3rd Class Tajh Payne<\/p>\n<p class=\"paragraph\">En una nota de prensa, Podemos indic\u00f3 que han reclamado al Gobierno de Espa\u00f1a que no autorice la entrada del portaaviones nuclear estadounidense USS Gerald R. Ford en la bah\u00eda de Palma, prevista entre el 3 y el 8 de octubre, y ha recordado que el Estado es soberano, por lo que puede <b>denegar el uso de bases militares<\/b>, incluso en el marco de acuerdos internacionales.<\/p>\n<p class=\"paragraph\">La eurodiputada de Podemos, <b>Irene Montero<\/b>, ha reclamado al Gobierno que impida la entrada del portaaviones nuclear estadounidense en la bah\u00eda de Palma y ha advertido que esta escala \u00abevidencia la complicidad de Estados Unidos con el genocidio que se est\u00e1 cometiendo en Palestina y su voluntad de demostrar que tambi\u00e9n manda en Europa\u00bb.<\/p>\n","protected":false},"excerpt":{"rendered":"El portaaviones nuclear USS Gerald R. Ford, el buque de guerra m\u00e1s moderno y con mayor capacidad operativa&hellip;\n","protected":false},"author":2,"featured_media":157078,"comment_status":"","ping_status":"","sticky":false,"template":"","format":"standard","meta":{"footnotes":""},"categories":[8],"tags":[17,18,25,24,13,14,11,19,20,9,10,15,16,23,12,21,22],"class_list":{"0":"post-157077","1":"post","2":"type-post","3":"status-publish","4":"format-standard","5":"has-post-thumbnail","7":"category-espana","8":"tag-breaking-news","9":"tag-breakingnews","10":"tag-es","11":"tag-espana","12":"tag-featured-news","13":"tag-featurednews","14":"tag-headlines","15":"tag-latest-news","16":"tag-latestnews","17":"tag-news","18":"tag-noticias","19":"tag-noticias-destacadas","20":"tag-noticiasdestacadas","21":"tag-spain","22":"tag-titulares","23":"tag-ultimas-noticias","24":"tag-ultimasnoticias"},"share_on_mastodon":{"url":"","error":""},"_links":{"self":[{"href":"https:\/\/www.europesays.com\/es\/wp-json\/wp\/v2\/posts\/157077","targetHints":{"allow":["GET"]}}],"collection":[{"href":"https:\/\/www.europesays.com\/es\/wp-json\/wp\/v2\/posts"}],"about":[{"href":"https:\/\/www.europesays.com\/es\/wp-json\/wp\/v2\/types\/post"}],"author":[{"embeddable":true,"href":"https:\/\/www.europesays.com\/es\/wp-json\/wp\/v2\/users\/2"}],"replies":[{"embeddable":true,"href":"https:\/\/www.europesays.com\/es\/wp-json\/wp\/v2\/comments?post=157077"}],"version-history":[{"count":0,"href":"https:\/\/www.europesays.com\/es\/wp-json\/wp\/v2\/posts\/157077\/revisions"}],"wp:featuredmedia":[{"embeddable":true,"href":"https:\/\/www.europesays.com\/es\/wp-json\/wp\/v2\/media\/157078"}],"wp:attachment":[{"href":"https:\/\/www.europesays.com\/es\/wp-json\/wp\/v2\/media?parent=157077"}],"wp:term":[{"taxonomy":"category","embeddable":true,"href":"https:\/\/www.europesays.com\/es\/wp-json\/wp\/v2\/categories?post=157077"},{"taxonomy":"post_tag","embeddable":true,"href":"https:\/\/www.europesays.com\/es\/wp-json\/wp\/v2\/tags?post=157077"}],"curies":[{"name":"wp","href":"https:\/\/api.w.org\/{rel}","templated":true}]}}