{"id":157079,"date":"2025-10-04T21:12:12","date_gmt":"2025-10-04T21:12:12","guid":{"rendered":"https:\/\/www.europesays.com\/es\/157079\/"},"modified":"2025-10-04T21:12:12","modified_gmt":"2025-10-04T21:12:12","slug":"el-plogging-congress-del-port-olimpico-recoge-cerca-de-170-kilos-de-basura-sant-marti","status":"publish","type":"post","link":"https:\/\/www.europesays.com\/es\/157079\/","title":{"rendered":"El Plogging Congress del Port Ol\u00edmpico recoge cerca de 170 kilos de basura | Sant Mart\u00ed"},"content":{"rendered":"<p>El Plogging Congress, que organizan BSM y la Fundaci\u00f3n Climent Guitart, ha cerrado este s\u00e1bado su primera edici\u00f3n en Barcelona invitando a la ciudadan\u00eda a participar en una acci\u00f3n de limpieza de la playa de la Nova Ic\u00e0ria, junto al Port Ol\u00edmpic.<\/p>\n<p>La acci\u00f3n, que ha contado con la colaboraci\u00f3n de la Bluewave Alliance y\u00a0 Eurofilmes Foundation, ha reunido a medio centenar de voluntarios y voluntarias que, entre las 10 y las 12 horas, han peinado la arena de la playa y tambi\u00e9n el agua y el fondo en busca de cualquier tipo de residuo.<\/p>\n<p>A m\u00e1s ciudadanos y ciudadanas voluntario, en esta recogida de residuos tambi\u00e9n han participado miembros del Centro Municipal de Vela (CMV), la Barcelona Diving Club o el Club Deportivo Mossos D\u2019Esquadra (CEME), entre otros.<\/p>\n<p>En total, seg\u00fan un primer c\u00e1lculo estimativo, se han recogido 168 kilos de basura, sobre todo pl\u00e1sticos, botellas de pl\u00e1stico y toallitas. Entre los objetos m\u00e1s sorprendentes que se han encontrado hay un carro de supermercado.<\/p>\n<p>La jornada ha culminado con una nueva edici\u00f3n del S\u00e1bado Azul, la fiesta familiar del Puerto Ol\u00edmpico. Se han ofrecido talleres y actividades gratuitas, inspiradas en el mar y para todas las edades, adem\u00e1s de un espect\u00e1culo de m\u00fasica, baile y carcajadas a cargo de Xaxi Xixarrus.<\/p>\n","protected":false},"excerpt":{"rendered":"El Plogging Congress, que organizan BSM y la Fundaci\u00f3n Climent Guitart, ha cerrado este s\u00e1bado su primera edici\u00f3n&hellip;\n","protected":false},"author":2,"featured_media":157080,"comment_status":"","ping_status":"","sticky":false,"template":"","format":"standard","meta":{"footnotes":""},"categories":[5],"tags":[17,18,25,24,13,14,11,19,20,9,10,15,16,23,12,21,22],"class_list":{"0":"post-157079","1":"post","2":"type-post","3":"status-publish","4":"format-standard","5":"has-post-thumbnail","7":"category-titulares","8":"tag-breaking-news","9":"tag-breakingnews","10":"tag-es","11":"tag-espana","12":"tag-featured-news","13":"tag-featurednews","14":"tag-headlines","15":"tag-latest-news","16":"tag-latestnews","17":"tag-news","18":"tag-noticias","19":"tag-noticias-destacadas","20":"tag-noticiasdestacadas","21":"tag-spain","22":"tag-titulares","23":"tag-ultimas-noticias","24":"tag-ultimasnoticias"},"share_on_mastodon":{"url":"","error":""},"_links":{"self":[{"href":"https:\/\/www.europesays.com\/es\/wp-json\/wp\/v2\/posts\/157079","targetHints":{"allow":["GET"]}}],"collection":[{"href":"https:\/\/www.europesays.com\/es\/wp-json\/wp\/v2\/posts"}],"about":[{"href":"https:\/\/www.europesays.com\/es\/wp-json\/wp\/v2\/types\/post"}],"author":[{"embeddable":true,"href":"https:\/\/www.europesays.com\/es\/wp-json\/wp\/v2\/users\/2"}],"replies":[{"embeddable":true,"href":"https:\/\/www.europesays.com\/es\/wp-json\/wp\/v2\/comments?post=157079"}],"version-history":[{"count":0,"href":"https:\/\/www.europesays.com\/es\/wp-json\/wp\/v2\/posts\/157079\/revisions"}],"wp:featuredmedia":[{"embeddable":true,"href":"https:\/\/www.europesays.com\/es\/wp-json\/wp\/v2\/media\/157080"}],"wp:attachment":[{"href":"https:\/\/www.europesays.com\/es\/wp-json\/wp\/v2\/media?parent=157079"}],"wp:term":[{"taxonomy":"category","embeddable":true,"href":"https:\/\/www.europesays.com\/es\/wp-json\/wp\/v2\/categories?post=157079"},{"taxonomy":"post_tag","embeddable":true,"href":"https:\/\/www.europesays.com\/es\/wp-json\/wp\/v2\/tags?post=157079"}],"curies":[{"name":"wp","href":"https:\/\/api.w.org\/{rel}","templated":true}]}}