{"id":157083,"date":"2025-10-04T21:14:08","date_gmt":"2025-10-04T21:14:08","guid":{"rendered":"https:\/\/www.europesays.com\/es\/157083\/"},"modified":"2025-10-04T21:14:08","modified_gmt":"2025-10-04T21:14:08","slug":"dos-orejas-para-david-galvan-en-el-festival-de-olias","status":"publish","type":"post","link":"https:\/\/www.europesays.com\/es\/157083\/","title":{"rendered":"Dos orejas para David Galv\u00e1n en el festival de Ol\u00edas\u00a0"},"content":{"rendered":"<p>            <a href=\"https:\/\/www.lascosasdeltoro.com\/wp-content\/uploads\/2025\/10\/Dos-orejas-para-David-Galvan-en-el-festival-de-Olias-scaled.jpg\" data-caption=\"\" rel=\"nofollow noopener\" target=\"_blank\"><img loading=\"lazy\" decoding=\"async\" width=\"696\" height=\"464\" class=\"entry-thumb td-modal-image\" src=\"https:\/\/www.europesays.com\/es\/wp-content\/uploads\/2025\/10\/Dos-orejas-para-David-Galvan-en-el-festival-de-Olias-696x464.jpg\"   alt=\"\" title=\"Dos orejas para David Galv\u00e1n en el festival de Ol\u00edas\"\/><\/a><\/p>\n<p>Arrancaba el tradicional festival de Ol\u00edas del Rey. Recibi\u00f3 Galv\u00e1n a su oponente de Ferm\u00edn Bohorquez a la Ver\u00f3nica con mucho poder y transmisi\u00f3n rematando con una torera media. Ya con la muleta, andar\u00edn y reponedor el de Boh\u00f3rquez que no se lo puso nada f\u00e1cil a Galv\u00e1n, le plante\u00f3 una faena de menos a m\u00e1s en la que destacaron las \u00faltimas series al natural rob\u00e1ndole naturales de importante factura de uno en uno con mucho gusto. Mat\u00f3 de gran estocada. Dos orejas<\/p>\n<p>Suma y sigue David Galv\u00e1n en su cuarto festival de la temporada, sumando un total de 8 orejas y 3 rabos.<\/p>\n<p><a href=\"#\"><img decoding=\"async\" src=\"https:\/\/www.lascosasdeltoro.com\/wp-content\/uploads\/2016\/10\/rec728.jpg\"\/><\/a>        <\/p>\n","protected":false},"excerpt":{"rendered":"Arrancaba el tradicional festival de Ol\u00edas del Rey. Recibi\u00f3 Galv\u00e1n a su oponente de Ferm\u00edn Bohorquez a la&hellip;\n","protected":false},"author":2,"featured_media":157084,"comment_status":"","ping_status":"","sticky":false,"template":"","format":"standard","meta":{"footnotes":""},"categories":[277],"tags":[373,168,25,24,23,167,374],"class_list":{"0":"post-157083","1":"post","2":"type-post","3":"status-publish","4":"format-standard","5":"has-post-thumbnail","7":"category-toreo","8":"tag-bullfighting","9":"tag-deportes","10":"tag-es","11":"tag-espana","12":"tag-spain","13":"tag-sports","14":"tag-toreo"},"share_on_mastodon":{"url":"","error":""},"_links":{"self":[{"href":"https:\/\/www.europesays.com\/es\/wp-json\/wp\/v2\/posts\/157083","targetHints":{"allow":["GET"]}}],"collection":[{"href":"https:\/\/www.europesays.com\/es\/wp-json\/wp\/v2\/posts"}],"about":[{"href":"https:\/\/www.europesays.com\/es\/wp-json\/wp\/v2\/types\/post"}],"author":[{"embeddable":true,"href":"https:\/\/www.europesays.com\/es\/wp-json\/wp\/v2\/users\/2"}],"replies":[{"embeddable":true,"href":"https:\/\/www.europesays.com\/es\/wp-json\/wp\/v2\/comments?post=157083"}],"version-history":[{"count":0,"href":"https:\/\/www.europesays.com\/es\/wp-json\/wp\/v2\/posts\/157083\/revisions"}],"wp:featuredmedia":[{"embeddable":true,"href":"https:\/\/www.europesays.com\/es\/wp-json\/wp\/v2\/media\/157084"}],"wp:attachment":[{"href":"https:\/\/www.europesays.com\/es\/wp-json\/wp\/v2\/media?parent=157083"}],"wp:term":[{"taxonomy":"category","embeddable":true,"href":"https:\/\/www.europesays.com\/es\/wp-json\/wp\/v2\/categories?post=157083"},{"taxonomy":"post_tag","embeddable":true,"href":"https:\/\/www.europesays.com\/es\/wp-json\/wp\/v2\/tags?post=157083"}],"curies":[{"name":"wp","href":"https:\/\/api.w.org\/{rel}","templated":true}]}}