{"id":157085,"date":"2025-10-04T21:19:07","date_gmt":"2025-10-04T21:19:07","guid":{"rendered":"https:\/\/www.europesays.com\/es\/157085\/"},"modified":"2025-10-04T21:19:07","modified_gmt":"2025-10-04T21:19:07","slug":"otros-estan-haciendo-un-mejor-trabajo","status":"publish","type":"post","link":"https:\/\/www.europesays.com\/es\/157085\/","title":{"rendered":"Otros est\u00e1n haciendo un mejor trabajo"},"content":{"rendered":"<p class=\"L6-news-detail__text\">Est\u00e1 siendo una temporada complicada para <b><a title=\"Lando Norris\" href=\"https:\/\/www.lasexta.com\/noticias\/deportes\/motor\/formula1\/duro-dardo-norris-verstappen-red-bull-siempre-quejan-todo-asi_2025100468e14f78771e4a2d532dfd5d.html\" target=\"_blank\" rel=\"nofollow noopener\">Lando Norris<\/a><\/b>. El brit\u00e1nico ha sido durante en los \u00faltimos a\u00f1os el cabeza de lista de McLaren. Sin embargo, esta temporada un tal <b><a title=\"Oscar Piastri\" href=\"https:\/\/www.lasexta.com\/noticias\/deportes\/motor\/formula1\/serio-aviso-mclaren-piastri-norris-red-bull-verstappen-han-encontrado_2025092668d67ec1f10d3f0678139f99.html\" target=\"_blank\" rel=\"nofollow noopener\">Oscar Piastri<\/a><\/b> est\u00e1 gan\u00e1ndole la partida en el a\u00f1o m\u00e1s importante de su carrera deportiva.<\/p>\n<p class=\"L6-news-detail__text\">Con un monoplaza capaz de ganar el Mundial, Norris est\u00e1 segundo, a m\u00e1s de una carrera de diferencia de Piastri. Sin embargo, <b>los de Woking ya no tienen ese coche tan dominador<\/b> como al comienzo de la temporada.<\/p>\n<p class=\"L6-news-detail__text\"><b><a title=\"Red Bull\" href=\"https:\/\/www.lasexta.com\/noticias\/deportes\/motor\/formula1\/duro-dardo-norris-verstappen-red-bull-siempre-quejan-todo-asi_2025100468e14f78771e4a2d532dfd5d.html\" target=\"_blank\" rel=\"nofollow noopener\">Red Bull<\/a><\/b>, y en especial <b>Verstappen<\/b>, lleva dos victorias consecutivas. <b>Mercedes <\/b>les ha ganado la partida en Singapur.<b> Lando Norris partir\u00e1 5\u00ba en este Gran Premio<\/b>, por detr\u00e1s de todos sus contrincantes. Son muchas las decepciones del brit\u00e1nico este a\u00f1o, que no parece estar del todo c\u00f3modo.<\/p>\n<p class=\"L6-news-detail__text\">\u00abLa pista ha cambiado mucho con el asfalto nuevo y ha empeorado mucho con el viejo. <b>Quiz\u00e1 otros est\u00e9n haciendo un mejor trabajo<\/b> para ser primero. <b>El coche sigue siendo el mismo, sigue siendo bueno<\/b>, es el que ha sido el mejor coche de la temporada, pero es una pista diferente y <b>otros est\u00e1n haciendo un mejor trabajo<\/b>\u00ab, se\u00f1al\u00f3.<\/p>\n<p class=\"L6-news-detail__text\">\u00ab<b>Tenemos trabajo que hacer, es tarde en la temporada para decir esto,<\/b> pero hay cosas que debemos mejorar para el a\u00f1o que viene\u00bb, agreg\u00f3. Veremos de qu\u00e9 es capaz de hacer en la carrera del domingo, donde tendr\u00e1 que darlo todo para remontar posiciones.<\/p>\n<p class=\"L6-support-news-video__title\">Entrevista &#8216;Jugones&#8217;<\/p>\n<p>            <a href=\"https:\/\/www.lasexta.com\/noticias\/deportes\/motor\/marc-marquez-lograr-noveno-mundial-volver-quedar-paz-conmigo-mismo_2025092968dadd0af10d3f0678252184.html\" class=\"L6-news__link\" rel=\"nofollow noopener\" target=\"_blank\"><br \/>\n                Marc M\u00e1rquez, tras lograr el noveno mundial: \u00abVolver para quedar en paz conmigo mismo&#8230;\u00bb<\/p>\n<p class=\"recirculation-video-desc\">Marc atiende a &#8216;Jugones&#8217; despu\u00e9s de proclamarse campe\u00f3n de MotoGP en el Gran Premio de Jap\u00f3n. Este martes entrevista completa a partir de las 15.10 en laSexta.<\/p>\n<p>            <\/a><\/p>\n","protected":false},"excerpt":{"rendered":"Est\u00e1 siendo una temporada complicada para Lando Norris. El brit\u00e1nico ha sido durante en los \u00faltimos a\u00f1os el&hellip;\n","protected":false},"author":2,"featured_media":157086,"comment_status":"","ping_status":"","sticky":false,"template":"","format":"standard","meta":{"footnotes":""},"categories":[270],"tags":[168,25,24,306,271,272,23,167],"class_list":{"0":"post-157085","1":"post","2":"type-post","3":"status-publish","4":"format-standard","5":"has-post-thumbnail","7":"category-formula-1","8":"tag-deportes","9":"tag-es","10":"tag-espana","11":"tag-f1","12":"tag-formula-1","13":"tag-formula1","14":"tag-spain","15":"tag-sports"},"share_on_mastodon":{"url":"","error":""},"_links":{"self":[{"href":"https:\/\/www.europesays.com\/es\/wp-json\/wp\/v2\/posts\/157085","targetHints":{"allow":["GET"]}}],"collection":[{"href":"https:\/\/www.europesays.com\/es\/wp-json\/wp\/v2\/posts"}],"about":[{"href":"https:\/\/www.europesays.com\/es\/wp-json\/wp\/v2\/types\/post"}],"author":[{"embeddable":true,"href":"https:\/\/www.europesays.com\/es\/wp-json\/wp\/v2\/users\/2"}],"replies":[{"embeddable":true,"href":"https:\/\/www.europesays.com\/es\/wp-json\/wp\/v2\/comments?post=157085"}],"version-history":[{"count":0,"href":"https:\/\/www.europesays.com\/es\/wp-json\/wp\/v2\/posts\/157085\/revisions"}],"wp:featuredmedia":[{"embeddable":true,"href":"https:\/\/www.europesays.com\/es\/wp-json\/wp\/v2\/media\/157086"}],"wp:attachment":[{"href":"https:\/\/www.europesays.com\/es\/wp-json\/wp\/v2\/media?parent=157085"}],"wp:term":[{"taxonomy":"category","embeddable":true,"href":"https:\/\/www.europesays.com\/es\/wp-json\/wp\/v2\/categories?post=157085"},{"taxonomy":"post_tag","embeddable":true,"href":"https:\/\/www.europesays.com\/es\/wp-json\/wp\/v2\/tags?post=157085"}],"curies":[{"name":"wp","href":"https:\/\/api.w.org\/{rel}","templated":true}]}}