{"id":157087,"date":"2025-10-04T21:21:26","date_gmt":"2025-10-04T21:21:26","guid":{"rendered":"https:\/\/www.europesays.com\/es\/157087\/"},"modified":"2025-10-04T21:21:26","modified_gmt":"2025-10-04T21:21:26","slug":"revolucion-en-el-once-del-barca-sport","status":"publish","type":"post","link":"https:\/\/www.europesays.com\/es\/157087\/","title":{"rendered":"\u00a1Revoluci\u00f3n en el once del Bar\u00e7a! &#8211; SPORT"},"content":{"rendered":"<ol>\n<li><a href=\"https:\/\/news.google.com\/rss\/articles\/CBMiiwFBVV95cUxNTTNfVE15bG54VE0xTHdYajJwN0NYS2R5Q3c4cURDRk1WcU9uYk5FOFY3alZDWVFUMXhjYlNXaV9RQ2FYbmc1bC1xck9JS1FPekRDTnNuUlhlRldJNUJzTkpXSTNxUzB5UkxSM1l5NUpiWHhueU41dHk0VGdYMFVWVlRPYW5VRTlDT0Vr0gGLAUFVX3lxTE9DNVFRN2IzdEZMNDluejlTc2F2UzZpaXNjU1BwaEU4cF9MX3ROUXlOTlZDcjVBSmhqZWxyYXdzdU16amFkR3VUcGxHeTE0UkIyQUQ1RUZFWGR5NW0zSTdWd1NwLV9DZGtwWlhndVNOeDAtU0xESG9vZUIyS3FuTG44NDVwVTJuU3lUbHM?oc=5\" target=\"_blank\" rel=\"nofollow noopener\">\u00a1Revoluci\u00f3n en el once del Bar\u00e7a!<\/a>&nbsp;&nbsp;SPORT<\/li>\n<li><a href=\"https:\/\/news.google.com\/rss\/articles\/CBMirwFBVV95cUxPSnp0cHhhSVl3bWhXclVFQ2p4clh1TFZybDRPOFdLU0xCQXlIeHBzX2RwNl8xS1VmMXdUU2U1Vllya3B6SDl2SnNOZnJ4MTlTbmhsZTlCdmRVd2J5MDh0OXZCaFdUNzI4Mks4QzdUdzlKc1FpUVkydjY3Q1RHT1dhMzFHckcwbThKaGh3aFlzQ2FzWEZ5TGFMYldHRHBxY1lsR3M4RFdTYWU4QmcwNXVN?oc=5\" target=\"_blank\" rel=\"nofollow noopener\">Haz de Hansi Flick y elige la alineaci\u00f3n del Bar\u00e7a<\/a>&nbsp;&nbsp;La Vanguardia<\/li>\n<li><a href=\"https:\/\/news.google.com\/rss\/articles\/CBMitwFBVV95cUxNTEVFU1lyZnBjMkhsWHZ2R3pMZ3pVZExTazN4N2FvTjZId2tGaGRZY1VRTWRmbXc0aXpLeXlFRVZLRzdXX2dvSUNlOG9xTU9uVllJQUhfdXQwdldyYUdIc3B2WkxxNXJnbVg1bVZhUlhEam1pckxlMDNHanp1TGdROHNoeHg0cjhxSnFHSjFGLUR4TzJEdHFjaXVoSUUyRFc4c09PRHV0Q1FyXzFXTEU1UlNQcjBDcms?oc=5\" target=\"_blank\" rel=\"nofollow noopener\">La revoluci\u00f3n de Flick: s\u00f3lo un canterano y debutante<\/a>&nbsp;&nbsp;MSN<\/li>\n<li><a href=\"https:\/\/news.google.com\/rss\/articles\/CBMixgFBVV95cUxQVWxoSTlGYjV3QUZzRmFRLXdObmRVWnhZLTlwNVlfcElPOGNRRHNoTGNVcFdrbXhPRHFkWll1UFRYSGJZczVzUUU3OHZERUtDSEZESGViYTYyNXI4Rm9fak0tTWtkc2dfVENEWmlLeVFkU044dTJjYnhtUHFGZjlha2ZEVXdEUGRjWW1aZmNIdzRzT2NyN1JKVHkwbmhZUlU1MFlmVVBIZnJVbU1HR2NDQ2J4VmFPVW03RG90MlQ1RElBVEIzaVHSAcsBQVVfeXFMUDkxZGo1WHBjbF9takM0ZGVrSkE3X01kc090MEc0cWN2Z3BETmtMMGRvcHJkYno2RXZVRkZlTWh5TkpRWW5RUGxxM2dxZkhuLTdnTGh4NVl2X05QLWJXZXRwODZBanU3RjltMDBDbWFDWVF0dkZ5c3NiX0lnbVZRVVUteHdvSHpYYmNhLWVXLVpjbE8yWTg0WXFPN3RiWnVLWGxyQko1bXM3YzVHWWdSalhkcmsySkZQdEVzc0h2SWNET0RWMVZUaDRHU2M?oc=5\" target=\"_blank\" rel=\"nofollow noopener\">Alineaci\u00f3n oficial del Barcelona contra la Real Sociedad hoy: Dro debuta de inicio y Lamine empieza en el b&#8230;<\/a>&nbsp;&nbsp;OkDiario<\/li>\n<li><a href=\"https:\/\/news.google.com\/rss\/articles\/CBMiowFBVV95cUxPM1M2VFVVNGNkcU9vUmVENExRdURsVjJSU2NNUGlkYUVkQ1RXUzlHUm5kTWFiNjYzeHZnOFdiSUpsVXlpb0h0Ql9rUDc2WXlROWQtWVAxLWlseTI3NXJPdmpFMHVublVsVENOeW5LZWtQQVFlVnlsTS1pN3lBUVp2cXlnc1hZeHdaU01BZ1dNSlpFVnF4ODJQMEtpZEVGeEh2emtz?oc=5\" target=\"_blank\" rel=\"nofollow noopener\">Revoluci\u00f3n en el once de Flick en el Bar\u00e7a: todos los gal\u00e1cticos ante la Real Sociedad<\/a>&nbsp;&nbsp;carpetasfcb.com<\/li>\n<\/ol>\n","protected":false},"excerpt":{"rendered":"\u00a1Revoluci\u00f3n en el once del Bar\u00e7a!&nbsp;&nbsp;SPORT Haz de Hansi Flick y elige la alineaci\u00f3n del Bar\u00e7a&nbsp;&nbsp;La Vanguardia La&hellip;\n","protected":false},"author":2,"featured_media":157088,"comment_status":"","ping_status":"","sticky":false,"template":"","format":"standard","meta":{"footnotes":""},"categories":[268],"tags":[4659,2296,168,25,24,881,280,282,7209,281,23,167],"class_list":{"0":"post-157087","1":"post","2":"type-post","3":"status-publish","4":"format-standard","5":"has-post-thumbnail","7":"category-futbol","8":"tag-alineacion","9":"tag-barca","10":"tag-deportes","11":"tag-es","12":"tag-espana","13":"tag-fc-barcelona","14":"tag-football","15":"tag-futbol","16":"tag-real-sociedad","17":"tag-soccer","18":"tag-spain","19":"tag-sports"},"share_on_mastodon":{"url":"","error":""},"_links":{"self":[{"href":"https:\/\/www.europesays.com\/es\/wp-json\/wp\/v2\/posts\/157087","targetHints":{"allow":["GET"]}}],"collection":[{"href":"https:\/\/www.europesays.com\/es\/wp-json\/wp\/v2\/posts"}],"about":[{"href":"https:\/\/www.europesays.com\/es\/wp-json\/wp\/v2\/types\/post"}],"author":[{"embeddable":true,"href":"https:\/\/www.europesays.com\/es\/wp-json\/wp\/v2\/users\/2"}],"replies":[{"embeddable":true,"href":"https:\/\/www.europesays.com\/es\/wp-json\/wp\/v2\/comments?post=157087"}],"version-history":[{"count":0,"href":"https:\/\/www.europesays.com\/es\/wp-json\/wp\/v2\/posts\/157087\/revisions"}],"wp:featuredmedia":[{"embeddable":true,"href":"https:\/\/www.europesays.com\/es\/wp-json\/wp\/v2\/media\/157088"}],"wp:attachment":[{"href":"https:\/\/www.europesays.com\/es\/wp-json\/wp\/v2\/media?parent=157087"}],"wp:term":[{"taxonomy":"category","embeddable":true,"href":"https:\/\/www.europesays.com\/es\/wp-json\/wp\/v2\/categories?post=157087"},{"taxonomy":"post_tag","embeddable":true,"href":"https:\/\/www.europesays.com\/es\/wp-json\/wp\/v2\/tags?post=157087"}],"curies":[{"name":"wp","href":"https:\/\/api.w.org\/{rel}","templated":true}]}}