{"id":157090,"date":"2025-10-04T21:24:12","date_gmt":"2025-10-04T21:24:12","guid":{"rendered":"https:\/\/www.europesays.com\/es\/157090\/"},"modified":"2025-10-04T21:24:12","modified_gmt":"2025-10-04T21:24:12","slug":"fil-juan-tracogna-presenta-este-domingo-su-nuevo-libro-andamio-y-otros-cuentos","status":"publish","type":"post","link":"https:\/\/www.europesays.com\/es\/157090\/","title":{"rendered":"FIL: Juan Tracogna presenta este domingo su nuevo libro \u201cAndamio y otros cuentos\u201d"},"content":{"rendered":"<p>\t\t  <a href=\"https:\/\/www.chacodiapordia.com\/publicidades\/www\/delivery\/ck.php?n=aa11205a&amp;cb=INSERT_RANDOM_NUMBER_HERE\" target=\"_blank\" rel=\"nofollow noopener\"><img decoding=\"async\" class=\"lazy\" src=\"https:\/\/www.europesays.com\/es\/wp-content\/uploads\/2025\/10\/1759613051_717_avw\" border=\"0\" alt=\"\"\/><\/a><br \/>\n  <a href=\"https:\/\/www.chacodiapordia.com\/publicidades\/www\/delivery\/ck.php?n=a5145102&amp;cb=INSERT_RANDOM_NUMBER_HERE\" target=\"_blank\" rel=\"nofollow noopener\"><img decoding=\"async\" class=\"lazy\" src=\"https:\/\/www.europesays.com\/es\/wp-content\/uploads\/2025\/10\/1759613052_972_avw\" border=\"0\" alt=\"\"\/><\/a><br \/>\n  <a href=\"https:\/\/www.chacodiapordia.com\/publicidades\/www\/delivery\/ck.php?n=a5145102&amp;cb=INSERT_RANDOM_NUMBER_HERE\" target=\"_blank\" rel=\"nofollow noopener\"><img decoding=\"async\" class=\"lazy\" src=\"https:\/\/www.europesays.com\/es\/wp-content\/uploads\/2025\/10\/1759613052_972_avw\" border=\"0\" alt=\"\"\/><\/a>\t\t<\/p>\n<p>El domingo 5 de octubre a las 19, el Domo del Centenario, en el espacio naranja, ser\u00e1 el escenario de la presentaci\u00f3n del libro Andamio y otros cuentos, del escritor Juan Carlos Tracogna. La actividad contar\u00e1 con la participaci\u00f3n de Juan Basterra y Mariela Mioni.<\/p>\n<p>Publicado este a\u00f1o por Moglia Ediciones en la colecci\u00f3n Claroscuros de narrativa de ficci\u00f3n, el libro re\u00fane veintis\u00e9is relatos que exploran historias, viajes y conflictos que dialogan con experiencias cercanas o lejanas, ocurridas o por acontecer.<\/p>\n<p>Con una narrativa l\u00facida y sensibilidad, Tracogna construye un mosaico de cuentos breves que se aproximan a lo humano desde distintos \u00e1ngulos. Cada relato funciona como un \u201candamio\u201d desde el cual asomarse a los v\u00ednculos, los silencios y las peque\u00f1as epifan\u00edas cotidianas.<\/p>\n<p>Residente del nordeste argentino, el autor logra, sin artificios, que lo sencillo resuene con fuerza, ofreciendo una obra ideal para quienes disfrutan del cuento bien contado, con alma y oficio.<\/p>\n","protected":false},"excerpt":{"rendered":"El domingo 5 de octubre a las 19, el Domo del Centenario, en el espacio naranja, ser\u00e1 el&hellip;\n","protected":false},"author":2,"featured_media":157091,"comment_status":"","ping_status":"","sticky":false,"template":"","format":"standard","meta":{"footnotes":""},"categories":[172],"tags":[224,146,147,25,24,225,23],"class_list":{"0":"post-157090","1":"post","2":"type-post","3":"status-publish","4":"format-standard","5":"has-post-thumbnail","7":"category-libros","8":"tag-books","9":"tag-entertainment","10":"tag-entretenimiento","11":"tag-es","12":"tag-espana","13":"tag-libros","14":"tag-spain"},"share_on_mastodon":{"url":"","error":""},"_links":{"self":[{"href":"https:\/\/www.europesays.com\/es\/wp-json\/wp\/v2\/posts\/157090","targetHints":{"allow":["GET"]}}],"collection":[{"href":"https:\/\/www.europesays.com\/es\/wp-json\/wp\/v2\/posts"}],"about":[{"href":"https:\/\/www.europesays.com\/es\/wp-json\/wp\/v2\/types\/post"}],"author":[{"embeddable":true,"href":"https:\/\/www.europesays.com\/es\/wp-json\/wp\/v2\/users\/2"}],"replies":[{"embeddable":true,"href":"https:\/\/www.europesays.com\/es\/wp-json\/wp\/v2\/comments?post=157090"}],"version-history":[{"count":0,"href":"https:\/\/www.europesays.com\/es\/wp-json\/wp\/v2\/posts\/157090\/revisions"}],"wp:featuredmedia":[{"embeddable":true,"href":"https:\/\/www.europesays.com\/es\/wp-json\/wp\/v2\/media\/157091"}],"wp:attachment":[{"href":"https:\/\/www.europesays.com\/es\/wp-json\/wp\/v2\/media?parent=157090"}],"wp:term":[{"taxonomy":"category","embeddable":true,"href":"https:\/\/www.europesays.com\/es\/wp-json\/wp\/v2\/categories?post=157090"},{"taxonomy":"post_tag","embeddable":true,"href":"https:\/\/www.europesays.com\/es\/wp-json\/wp\/v2\/tags?post=157090"}],"curies":[{"name":"wp","href":"https:\/\/api.w.org\/{rel}","templated":true}]}}