{"id":157092,"date":"2025-10-04T21:28:09","date_gmt":"2025-10-04T21:28:09","guid":{"rendered":"https:\/\/www.europesays.com\/es\/157092\/"},"modified":"2025-10-04T21:28:09","modified_gmt":"2025-10-04T21:28:09","slug":"el-athletic-derrota-al-mallorca-y-vuelve-a-sonreir-futbol-deportes","status":"publish","type":"post","link":"https:\/\/www.europesays.com\/es\/157092\/","title":{"rendered":"El Athletic derrota al Mallorca y vuelve a sonre\u00edr | F\u00fatbol | Deportes"},"content":{"rendered":"<p><a href=\"https:\/\/resultados.elpais.com\/deportivos\/futbol\/primera\/2025_2026\/directo\/regular_a_8_68644b776328784\" rel=\"nofollow noopener\" target=\"_blank\">Directo<\/a><\/p>\n<p class=\"\">Un catastr\u00f3fico arbitraje de Alejandro Quintero estrope\u00f3 el partido de San Mam\u00e9s entre el Athletic y el Mallorca en el que los bilba\u00ednos volvieron a ganar <a href=\"\" rel=\"\" title=\"\">despu\u00e9s de varias jornadas de sequ\u00eda<\/a>. Un penaltito para abrir boca, el reparto indiscriminado de tarjetas, incluso para cortar una entrada peligrosa de los bilba\u00ednos al \u00e1rea del Mallorca porque Muriqi protestaba desde el suelo; la doble amarilla en tres segundos a Antonio S\u00e1nchez, desquiciado por el trencilla, y como colof\u00f3n, un final embarrado cuando Leo Rom\u00e1n subi\u00f3 a rematar la \u00faltima jugada, caz\u00f3 sin bal\u00f3n a Maroan, que se marchaba hacia la porter\u00eda vac\u00eda, y pit\u00f3 la falta posterior de Nico Williams, tarjeta incluida, sin darle tiempo a disfrutar la ley de la ventaja. Desprop\u00f3sito total al que, por fortuna, no se unieron los futbolistas, m\u00e1s cabales en su hacer que el juez.<\/p>\n<p><img alt=\"Athletic\" decoding=\"auto\" class=\"_re lazyload a_m-h\" height=\"80\" width=\"80\" src=\"https:\/\/www.europesays.com\/es\/wp-content\/uploads\/2025\/10\/5.png\" loading=\"lazy\"\/><\/p>\n<p>2<\/p>\n<p>1<\/p>\n<p><img alt=\"Mallorca\" decoding=\"auto\" class=\"_re lazyload a_m-h\" height=\"80\" width=\"80\" src=\"https:\/\/www.europesays.com\/es\/wp-content\/uploads\/2025\/10\/11.png\" loading=\"lazy\"\/><\/p>\n<p><b>Goles<\/b> 1-0 min. 8: Williams. 1-1 min. 77: Samuel Costa. 2-1 min. 82: Alejandro Rego.<\/p>\n<p><b>\u00c1rbitro<\/b> Alejandro Quintero Gonz\u00e1lez<\/p>\n<p>Tarjetas amarillas Ruiz de Galarreta (min. 36), Darder (min. 46), Laporte (min. 48), Muriqi (min. 75), Ra\u00edllo (min. 88), Jes\u00fas Areso (min. 89), Antonio S\u00e1nchez (min. 92), Daniel Vivian (min. 93) y Leo Rom\u00e1n (min. 94)<\/p>\n<p class=\"\">Sali\u00f3 en tromba el Athletic, como el temporal que azotaba el Cant\u00e1brico, m\u00e1s viento que lluvia, y el Mallorca apenas pod\u00eda tenerse en pie en San Mam\u00e9s. No sal\u00eda la pelota del \u00e1rea de Leo Rom\u00e1n, acechaba el peligro, que pod\u00eda concretarse en cualquier cosa, y pas\u00f3. Llevaban los bilba\u00ednos dos remates fallidos de Williams y Robert Navarro cuando en el tercero, que tambi\u00e9n intentaba I\u00f1aki, Martin Valjent golpe\u00f3 en la suela del delantero, nada en principio, aunque apareci\u00f3 el VAR para avisar de un penaltito del nuevo f\u00fatbol, que I\u00f1aki transform\u00f3 para inaugurar el casillero.<\/p>\n<p class=\"\"><a href=\"\" rel=\"\" title=\"\">Con la ansiedad atemperada por el gol<\/a>, pocas cosas cambiaron en el partido. La presi\u00f3n agresiva del Athletic ahogaba al Mallorca, incapaz de atravesar el medio campo con un m\u00ednimo de garant\u00edas. Con Nico Serrano y Robert Navarro buscando las diagonales, y con opciones de anotar en varias llegadas. Al otro lado del campo, Unai Sim\u00f3n ped\u00eda un telescopio para ver un partido que le quedaba a a\u00f1os luz.<\/p>\n<p class=\"\">En la segunda parte no cambi\u00f3 demasiado la proporci\u00f3n de fuerzas, pero el Mallorca consigui\u00f3, aprovechando la fatiga rojiblanca, desordenar el partido.<\/p>\n<p class=\"\"><a href=\"\" rel=\"\" title=\"\">No generaba peligro el equipo de Arrasate<\/a>, pero desconcertaba al Athletic, que iba perdiendo gas con el paso de los minutos, hasta que en una acci\u00f3n por la banda izquierda, Samu, pegado a la l\u00ednea de cal, envi\u00f3 una pelota a la aventura, como quien compra el cup\u00f3n para ver si le toca, y le toc\u00f3. El lanzamiento super\u00f3 por arriba a Unai Sim\u00f3n para igualar el partido.<\/p>\n<p class=\"\">Pero al Athletic le quedaba una vida m\u00e1s. Puso Valverde en el campo a toda su artiller\u00eda, incluido Nico Williams, y en pleno acoso a la porter\u00eda mallorquina, un pase de Areso desde el lado derecho lleg\u00f3 al punto de penalti donde el prometedor Alejandro Rego meti\u00f3 el pie para darle la victoria a los bilba\u00ednos, que aguantaron el acoso posterior del Mallorca, ya con un hombre menos sobre el c\u00e9sped por la expulsi\u00f3n de S\u00e1nchez, y unidos los dos equipos contra un adversario com\u00fan, el \u00e1rbitro, que desquici\u00f3 a ambos, y al p\u00fablico, que le despidi\u00f3 con la pitada m\u00e1s sonora de las \u00faltimas temporadas.<\/p>\n","protected":false},"excerpt":{"rendered":"Directo Un catastr\u00f3fico arbitraje de Alejandro Quintero estrope\u00f3 el partido de San Mam\u00e9s entre el Athletic y el&hellip;\n","protected":false},"author":2,"featured_media":157093,"comment_status":"","ping_status":"","sticky":false,"template":"","format":"standard","meta":{"footnotes":""},"categories":[93],"tags":[2182,1540,168,1539,25,24,282,1538,21373,2457,23,167],"class_list":{"0":"post-157092","1":"post","2":"type-post","3":"status-publish","4":"format-standard","5":"has-post-thumbnail","7":"category-deportes","8":"tag-athletic","9":"tag-competiciones","10":"tag-deportes","11":"tag-entrenadores","12":"tag-es","13":"tag-espana","14":"tag-futbol","15":"tag-futbolistas","16":"tag-ligas-futbol","17":"tag-mallorca","18":"tag-spain","19":"tag-sports"},"share_on_mastodon":{"url":"","error":""},"_links":{"self":[{"href":"https:\/\/www.europesays.com\/es\/wp-json\/wp\/v2\/posts\/157092","targetHints":{"allow":["GET"]}}],"collection":[{"href":"https:\/\/www.europesays.com\/es\/wp-json\/wp\/v2\/posts"}],"about":[{"href":"https:\/\/www.europesays.com\/es\/wp-json\/wp\/v2\/types\/post"}],"author":[{"embeddable":true,"href":"https:\/\/www.europesays.com\/es\/wp-json\/wp\/v2\/users\/2"}],"replies":[{"embeddable":true,"href":"https:\/\/www.europesays.com\/es\/wp-json\/wp\/v2\/comments?post=157092"}],"version-history":[{"count":0,"href":"https:\/\/www.europesays.com\/es\/wp-json\/wp\/v2\/posts\/157092\/revisions"}],"wp:featuredmedia":[{"embeddable":true,"href":"https:\/\/www.europesays.com\/es\/wp-json\/wp\/v2\/media\/157093"}],"wp:attachment":[{"href":"https:\/\/www.europesays.com\/es\/wp-json\/wp\/v2\/media?parent=157092"}],"wp:term":[{"taxonomy":"category","embeddable":true,"href":"https:\/\/www.europesays.com\/es\/wp-json\/wp\/v2\/categories?post=157092"},{"taxonomy":"post_tag","embeddable":true,"href":"https:\/\/www.europesays.com\/es\/wp-json\/wp\/v2\/tags?post=157092"}],"curies":[{"name":"wp","href":"https:\/\/api.w.org\/{rel}","templated":true}]}}