{"id":157096,"date":"2025-10-04T21:30:13","date_gmt":"2025-10-04T21:30:13","guid":{"rendered":"https:\/\/www.europesays.com\/es\/157096\/"},"modified":"2025-10-04T21:30:13","modified_gmt":"2025-10-04T21:30:13","slug":"luto-en-el-mundo-de-la-cultura-fallece-la-artista-malaguena-adelfa-soto-a-los-88-anos","status":"publish","type":"post","link":"https:\/\/www.europesays.com\/es\/157096\/","title":{"rendered":"Luto en el mundo de la cultura: fallece la artista malague\u00f1a Adelfa Soto a los 88 a\u00f1os"},"content":{"rendered":"<p>El mundo de la cultura, de la m\u00fasica y del flamenco est\u00e1n hoy de luto por la muerte de Adelfa Soto, artista malague\u00f1a (de adopci\u00f3n)  &#8230; que ha fallecido este s\u00e1bado en M\u00e1laga. \u00abNos ha dejado en M\u00e1laga Adelfa Soto, una gran mujer, una artista inmensa, un alma llena de luz y de copla\u00bb, han comunicado sus allegados.<\/p>\n<p class=\"v-p\">Vecina del barrio de Gamarra, Soto naci\u00f3 el 25 de enero de 1937 en Valencia aunque desde muy joven resid\u00eda en M\u00e1laga. Hija de la Ni\u00f1a de la Puebla, su primera actuaci\u00f3n p\u00fablica fue en el a\u00f1o 1947, cuando obtuvo el premio en un concurso radiof\u00f3nico para cantantes noveles, al que se present\u00f3 sin que lo supieran sus padres. Soto era la madre de la actriz Adelfa Calvo, malague\u00f1a con un premio Goya.<\/p>\n<p class=\"v-p\">Con once a\u00f1os cant\u00f3 en el Circo Price de Madrid y, en 1952, particip\u00f3 en el espect\u00e1culo &#8216;Manojo de coplas&#8217; junto a sus padres. Ese mismo a\u00f1o tambi\u00e9n debut\u00f3 en el Teatro Calder\u00f3n de Madrid con el espect\u00e1culo &#8216;Alegr\u00edas de Juan V\u00e9lez&#8217;, de Juanito Valderrama.<\/p>\n<p class=\"v-p\">La artista tambi\u00e9n hizo sus pinitos en el cine. Particip\u00f3 en las pel\u00edculas &#8216;La copla andaluza&#8217; (1959), &#8216;El alma de la copla&#8217; (1965) y &#8216;El rey de la carretera&#8217; (1956).<\/p>\n<p class=\"v-p\">Adelfa fue una mujer que vivi\u00f3 cantando y formado a muchos de los artistas en el g\u00e9nero de la copla que ha dado la ciudad. \u00abSu partida deja un vac\u00edo profundo, pero tambi\u00e9n un legado luminoso que seguir\u00e1 inspirando a quienes aman la m\u00fasica y, especialmente, la canci\u00f3n espa\u00f1ola\u00bb, resumen.<\/p>\n<p class=\"v-p\">Desde finales de 2023, los jardines ubicados junto a la plaza Prudencio Jim\u00e9nez, en Gamarra, llevan el nombre de la artista malague\u00f1a. Se trata de una iniciativa que parti\u00f3 de la Junta Municipal de Distrito Bail\u00e9n-Miraflores y cont\u00f3 con el apoyo del Consejo de Distrito por unanimidad. <\/p>\n<p class=\"v-p\">A lo largo de su vida, Adelfa ha recibido numerosos reconocimientos y homenajes por parte de los amantes de la copla y el flamenco. Uno de los \u00faltimos se lo dio la Federaci\u00f3n Malague\u00f1a de Pe\u00f1as, Centros Culturales y Casas Regionales &#8216;La Alcazaba&#8217;, que en enero de 2013 le concedi\u00f3 su escudo de oro, m\u00e1ximo galard\u00f3n que otorga dicha entidad.<\/p>\n<p class=\"v-p\">El cuerpo de Adelfa Soto Jim\u00e9nez descansan en la sala 27 de Parcemasa, donde familiares, amigos y compa\u00f1eros podr\u00e1n ofrecerle su \u00faltimo adi\u00f3s, acompa\u00f1\u00e1ndola con el cari\u00f1o, el respeto y la admiraci\u00f3n que siempre despert\u00f3. La misa funeral esta tarde a las 15.30 horas.<\/p>\n<p class=\"v-p\">\u00a0<\/p>\n","protected":false},"excerpt":{"rendered":"El mundo de la cultura, de la m\u00fasica y del flamenco est\u00e1n hoy de luto por la muerte&hellip;\n","protected":false},"author":2,"featured_media":157097,"comment_status":"","ping_status":"","sticky":false,"template":"","format":"standard","meta":{"footnotes":""},"categories":[91],"tags":[46924,988,209,146,147,25,24,5992,15296,3013,27222,23],"class_list":{"0":"post-157096","1":"post","2":"type-post","3":"status-publish","4":"format-standard","5":"has-post-thumbnail","7":"category-entretenimiento","8":"tag-adelfa","9":"tag-anos","10":"tag-cultura","11":"tag-entertainment","12":"tag-entretenimiento","13":"tag-es","14":"tag-espana","15":"tag-fallece","16":"tag-luto","17":"tag-mundo","18":"tag-soto","19":"tag-spain"},"share_on_mastodon":{"url":"","error":""},"_links":{"self":[{"href":"https:\/\/www.europesays.com\/es\/wp-json\/wp\/v2\/posts\/157096","targetHints":{"allow":["GET"]}}],"collection":[{"href":"https:\/\/www.europesays.com\/es\/wp-json\/wp\/v2\/posts"}],"about":[{"href":"https:\/\/www.europesays.com\/es\/wp-json\/wp\/v2\/types\/post"}],"author":[{"embeddable":true,"href":"https:\/\/www.europesays.com\/es\/wp-json\/wp\/v2\/users\/2"}],"replies":[{"embeddable":true,"href":"https:\/\/www.europesays.com\/es\/wp-json\/wp\/v2\/comments?post=157096"}],"version-history":[{"count":0,"href":"https:\/\/www.europesays.com\/es\/wp-json\/wp\/v2\/posts\/157096\/revisions"}],"wp:featuredmedia":[{"embeddable":true,"href":"https:\/\/www.europesays.com\/es\/wp-json\/wp\/v2\/media\/157097"}],"wp:attachment":[{"href":"https:\/\/www.europesays.com\/es\/wp-json\/wp\/v2\/media?parent=157096"}],"wp:term":[{"taxonomy":"category","embeddable":true,"href":"https:\/\/www.europesays.com\/es\/wp-json\/wp\/v2\/categories?post=157096"},{"taxonomy":"post_tag","embeddable":true,"href":"https:\/\/www.europesays.com\/es\/wp-json\/wp\/v2\/tags?post=157096"}],"curies":[{"name":"wp","href":"https:\/\/api.w.org\/{rel}","templated":true}]}}