{"id":157107,"date":"2025-10-04T21:36:08","date_gmt":"2025-10-04T21:36:08","guid":{"rendered":"https:\/\/www.europesays.com\/es\/157107\/"},"modified":"2025-10-04T21:36:08","modified_gmt":"2025-10-04T21:36:08","slug":"22-29-el-liron-teucro-se-muestra-firme-ante-el-tacoronte","status":"publish","type":"post","link":"https:\/\/www.europesays.com\/es\/157107\/","title":{"rendered":"22-29. El Lir\u00f3n Teucro se muestra firme ante el Tacoronte"},"content":{"rendered":"<p>Un buen final del primer tiempo, pero, sobre todo, el espectacular arranque de la segunda mitad, en la que el <a target=\"_blank\" href=\"https:\/\/www.diariodepontevedra.es\/tags\/sd-teucro\/\" rel=\"nofollow noopener\"><strong>Lir\u00f3n Teucro<\/strong><\/a><b>\u00a0<\/b>consigui\u00f3 una renta de seis goles, sirvi\u00f3 para romper la igualdad que presidi\u00f3 el encuentro durante los veintiocho minutos iniciales.<\/p>\n<p>El gran primer acto de <strong>Caue Herrera<\/strong>, inmenso desde los seis metros, y el acierto de Iago Vidal desde el punto de penalti, junto al gran partido de <strong>Pablo Gonz\u00e1lez <\/strong>y un tramo final pleno de aciertos de <strong>Marchette<\/strong>, decantaron la balanza para el conjunto lerezano.<\/p>\n<p>El encuentro comenz\u00f3 con demasiadas imprecisiones por parte de un conjunto pontevedr\u00e9s demasiado acelerado, intentando responder con la misma moneda, al ritmo vivaz del conjunto tinerfe\u00f1o, que tom\u00f3 una r\u00e1pida renta de dos goles a los cinco minutos.<\/p>\n<p>Ah\u00ed comenz\u00f3 a funcionar el 6:0 defensivo, con <strong>Monteagudo <\/strong>y <strong>Herrera <\/strong>en el centro, para frenar el \u00edmpetu de un anfitri\u00f3n que empez\u00f3 a estrellarse ante el s\u00f3lido entramado defensivo de los pupilos de <strong>Irene Vilaboa<\/strong>.<\/p>\n<p>Remontada por la v\u00eda r\u00e1pida<\/p>\n<p><strong>Rikki Gonz\u00e1lez<\/strong>, a la contra, y el acierto de Herrera desde los seis metros, guiaron un parcial de 1-5 que vali\u00f3 para poner dos goles de renta en el marcador superados los primeros minutos (4-6).<\/p>\n<p>La fortaleza del 6:0 defensivo tuvo tambi\u00e9n sus consecuencias en forma de exclusiones, con las dos sufridas por el pivote brasile\u00f1o, lo que permiti\u00f3 al <strong>Tacoronte <\/strong>volver a equilibrar el encuentro en el ecuador del primer tiempo (6-6).<\/p>\n<p>La igualdad, con continuos empates y m\u00ednimas ventajas del Teucro, se fue manteniendo hasta el tramo final del primer tiempo, en el que los tantos de <strong>Andr\u00e9s P\u00e9rez<\/strong> y <strong>Labartete<\/strong>, situaron el 12-14 al final de los primeros treinta minutos.<\/p>\n<p>Resoluci\u00f3n tras los vestuarios<\/p>\n<p>El Teucro regres\u00f3 dispuesto a resolver el encuentro por la v\u00eda r\u00e1pida. Se decidi\u00f3 el encuentro por el acierto de Labartete. Y por el de<strong> Iago Vidal<\/strong> desde la l\u00ednea de los siete metros. Tambi\u00e9n por la aparici\u00f3n en juego de <strong>Iago Rivas<\/strong>, que sirvi\u00f3 para abrir una brecha en el marcador que se antoj\u00f3 insalvable para el rival (14-20, min. 41).<\/p>\n<p>Pablo Gonz\u00e1lez puso su granito de arena en la porter\u00eda para mantener una renta insalvable para los locales. Gracias al soberbio tramo final del encuentro de Marchette, con cuatro goles casi consecutivos, se dispar\u00f3 la ventaja del cuadro teucrista hasta los siete goles, con la que finaliz\u00f3 el partido (22-29).<\/p>\n<p>El <strong>G\u00e1ldar<\/strong>, otro rival isle\u00f1o, en este caso de <strong>Gran Canaria<\/strong>, ser\u00e1 el siguiente rival del conjunto lerezano en casa, el pr\u00f3ximo s\u00e1bado, a partir de las 17:00 horas.<\/p>\n<p><strong>FICHA DEL PARTIDO<\/strong><\/p>\n<p><strong>22- Sermarther Ciudad de Tacoronte: <\/strong>Urrutia, Hern\u00e1ndez (4), Regalado (4), Moreno (3), Yumar (6, 3p), Gallart \u00a0(2, 1p) y Javier Garc\u00eda (1) -siete inicial-, Juanjo Garc\u00eda (p.s), Pablo P\u00e9rez (p.s), Oliva (2), Abi\u00e1n, Diego Hern\u00e1ndez, Rivero, Spugnini, Fraind, David Fernandez y Concepci\u00f3n.<\/p>\n<p><strong>29- Lir\u00f3n Teucro 80 Aniversario: <\/strong>Pablo Gonz\u00e1lez, Andr\u00e9s P\u00e9rez (2), Caue Herrera (5), Monteagudo, Marchette (5), Labartete (6) y Rikki Gonz\u00e1lez (2) -siete inicial-, Miguel Jim\u00e9nez (p.s), Areias, Pintus (3, 1p), Iago Vidal (4, p), Iago Rivas (2) y Blond.<\/p>\n<p><strong>\u00c1rbitros:<\/strong> Hermanos Vera \u00c1vila (Colegio canario). Excluyeron a Gallart (2), Rivero (2) y Oliva por parte local y a Iago Rivas, Herrera (2) y Marchette (2) por el Teucro.<\/p>\n<p><strong>Marcador cada cinco minutos:<\/strong> 3-1, 4-5, 6-6, 9-9, 11-11, 12-14 (descanso), 13-16,14-18, 15-21, 17-22, 20-26, 22-29.<\/p>\n<p><strong>Incidencias: <\/strong>Pabell\u00f3n Municipal de Tacoronte. 300 espectadores.<\/p>\n","protected":false},"excerpt":{"rendered":"Un buen final del primer tiempo, pero, sobre todo, el espectacular arranque de la segunda mitad, en la&hellip;\n","protected":false},"author":2,"featured_media":157108,"comment_status":"","ping_status":"","sticky":false,"template":"","format":"standard","meta":{"footnotes":""},"categories":[278],"tags":[376,168,25,24,375,1146,1417,15046,23,167],"class_list":{"0":"post-157107","1":"post","2":"type-post","3":"status-publish","4":"format-standard","5":"has-post-thumbnail","7":"category-balonmano","8":"tag-balonmano","9":"tag-deportes","10":"tag-es","11":"tag-espana","12":"tag-handball","13":"tag-pontevedra","14":"tag-primera-nacional","15":"tag-sd-teucro","16":"tag-spain","17":"tag-sports"},"share_on_mastodon":{"url":"","error":""},"_links":{"self":[{"href":"https:\/\/www.europesays.com\/es\/wp-json\/wp\/v2\/posts\/157107","targetHints":{"allow":["GET"]}}],"collection":[{"href":"https:\/\/www.europesays.com\/es\/wp-json\/wp\/v2\/posts"}],"about":[{"href":"https:\/\/www.europesays.com\/es\/wp-json\/wp\/v2\/types\/post"}],"author":[{"embeddable":true,"href":"https:\/\/www.europesays.com\/es\/wp-json\/wp\/v2\/users\/2"}],"replies":[{"embeddable":true,"href":"https:\/\/www.europesays.com\/es\/wp-json\/wp\/v2\/comments?post=157107"}],"version-history":[{"count":0,"href":"https:\/\/www.europesays.com\/es\/wp-json\/wp\/v2\/posts\/157107\/revisions"}],"wp:featuredmedia":[{"embeddable":true,"href":"https:\/\/www.europesays.com\/es\/wp-json\/wp\/v2\/media\/157108"}],"wp:attachment":[{"href":"https:\/\/www.europesays.com\/es\/wp-json\/wp\/v2\/media?parent=157107"}],"wp:term":[{"taxonomy":"category","embeddable":true,"href":"https:\/\/www.europesays.com\/es\/wp-json\/wp\/v2\/categories?post=157107"},{"taxonomy":"post_tag","embeddable":true,"href":"https:\/\/www.europesays.com\/es\/wp-json\/wp\/v2\/tags?post=157107"}],"curies":[{"name":"wp","href":"https:\/\/api.w.org\/{rel}","templated":true}]}}