{"id":157115,"date":"2025-10-04T21:45:23","date_gmt":"2025-10-04T21:45:23","guid":{"rendered":"https:\/\/www.europesays.com\/es\/157115\/"},"modified":"2025-10-04T21:45:23","modified_gmt":"2025-10-04T21:45:23","slug":"esther-garcia-y-coco-camprubi-complicidad-madre-e-hija-mas-alla-del-backstage","status":"publish","type":"post","link":"https:\/\/www.europesays.com\/es\/157115\/","title":{"rendered":"Esther Garc\u00eda y Coco Camprubi, complicidad madre e hija m\u00e1s all\u00e1 del \u2018backstage\u2019"},"content":{"rendered":"<p data-gtm-element-container=\"modulo-texto-link\" class=\"paragraph\">Forman el t\u00e1ndem perfecto porque su complicidad personal y laboral escapa a cualquier parentesco. Verlas trabajar es, sencillamente, otra historia. Por un lado est\u00e1 ella, Esther Garc\u00eda Capdevila, la mujer de armas tomar, paso firme e inmenso talento que ha construido un innegable y \u00fanico legado en torno a ESMA Events, la empresa que ha hecho posibles grandes hitos de la moda en Espa\u00f1a -del desfile de Dior en Sevilla a producciones \u00fanicas para firmas como Desigual o pasarelas con inequ\u00edvocos aires internacionales como Gran Canaria Swim Week- con un verdadero referente.\u00a0<\/p>\n<p data-gtm-element-container=\"modulo-texto-link\" class=\"paragraph\">A su lado, Coco Camprubi, un gran talento que ha crecido respirando el oficio y lo ha hecho suyo con naturalidad: mirada contempor\u00e1nea, temple y ambici\u00f3n serena que todo lo eleva un paso m\u00e1s all\u00e1. Entre ellas, madre e hija, presente y futuro de una industria fashion patria que necesita de su magia pero tambi\u00e9n de esa certeza suya que reivindica cultura, disciplina, belleza y respeto. Un legado tejido a dos voces, con calma y amplia sonrisa. El alma viva de la moda, latiendo detr\u00e1s del tel\u00f3n\u2026<\/p>\n<p>Forman el t\u00e1ndem perfecto porque su complicidad personal y laboral escapa a cualquier parentesco<\/p>\n<p data-gtm-element-container=\"modulo-texto-link\" class=\"paragraph\">Ambas, nos reciben con calidez en su refugio barcelon\u00e9s aunque Coco, nos explique que se acaba de independizar. \u201cEsta casa fue una sorpresa\u201d, dice Esther, recordando c\u00f3mo entr\u00f3 un d\u00eda y sinti\u00f3 que en sus paredes estaba escrito su nombre. Y no exagera: la arquitectura singular, la cocina convertida en punto de encuentro -aunque ninguna de ellas se rinda al arte culinario- el aire de laberinto que siempre sorprende a los visitantes\u2026 todo lleva su sello.<\/p>\n<p data-gtm-element-container=\"modulo-texto-link\" class=\"paragraph\">Comienza la charla en la terraza con la c\u00e1lida luz de la Ciudad Condal que nos invade. Coco sonr\u00ede mientras acaricia los bordados de su shari, esa t\u00fanica tra\u00edda de la India que ambas seleccionaron como uno de los atuendos elegidos para el shooting de esta entrevista casi, como un gui\u00f1o a su complicidad. Un look, rematado por un collar de Tiffany que comparten como si fuera un talism\u00e1n familiar, que las envuelve en un halo bohemio y sofisticado, como si el glamour y la intimidad pudieran convivir de forma natural.  \u201c<\/p>\n<p>                <img loading=\"lazy\" decoding=\"async\" data-full-src=\"https:\/\/www.lavanguardia.com\/uploads\/2025\/09\/23\/68d2725cc3908.jpeg\" alt=\"Buen gusto y confort en todos los rincones de la casa: desde la terraza decorada con espejos, al sal\u00f3n, con un cuadro que Esther compr\u00f3 en uno de sus viajes a Jap\u00f3n\" width=\"449\" height=\"304\" src=\"https:\/\/www.europesays.com\/es\/wp-content\/uploads\/2025\/10\/68d2725cc3908.jpeg\" class=\"lazy\"\/><\/p>\n<p class=\"caption-title \">Buen gusto y confort en todos los rincones de la casa: desde la terraza decorada con espejos, al sal\u00f3n, con un cuadro que Esther compr\u00f3 en uno de sus viajes a Jap\u00f3n<\/p>\n<p>                    Carlos Puig Padilla<\/p>\n<p data-gtm-element-container=\"modulo-texto-link\" class=\"paragraph\">Cuando viv\u00edamos juntas era f\u00e1cil: hoy te lo pillo, ma\u00f1ana te lo pones t\u00fa\u201d, recuerda Esther. Ahora, ya con Coco independizada, ese gesto se ha convertido en algo m\u00e1s simb\u00f3lico: \u201cSiempre voy a su armario, me encanta. Tenemos la misma talla y el mismo n\u00famero de pie, as\u00ed que podemos compartirlo todo\u201d, dice ella entre sonrisas. Y Esther confirma: \u201cYo siempre le digo: ll\u00e9vate lo que quieras\u201d.<\/p>\n<p data-gtm-element-container=\"modulo-texto-link\" class=\"paragraph\">En ESMA Events, la empresa fundada hace ya casi tres d\u00e9cadas, conviven generaciones y miradas. \u201cLo m\u00e1s importante es rodearte de un equipo que comparta tu pasi\u00f3n y tu mirada. Nos gusta mezclar diferentes generaciones. As\u00ed es como trabajamos y como vivimos\u201d, afirma Garc\u00eda Capdevila. Porque en las bambalinas de las pasarelas hay mucho m\u00e1s que luces y modelos\u2026 \u201cUn desfile dura 15 minutos, pero detr\u00e1s hay meses de trabajo. Por ejemplo, la iluminaci\u00f3n es el idioma de la moda: no es para ver, es para emocionar\u2026\u201d. Para ella, el sector siempre ha sido sin\u00f3nimo de disciplina, respeto y emoci\u00f3n. Lo aprendi\u00f3 como directora de casting en los noventa, cuando las supermodelos eran diosas, pero para ella, \u201cla puntualidad y la profesionalidad eran innegociables\u201d.<\/p>\n<blockquote>\n<p>        \u201cLo m\u00e1s importante es rodearte de un equipo que comparta tu pasi\u00f3n y tu mirada\u201d<\/p>\n<p>            Esther\u00a0Garc\u00eda Capdevila<\/p>\n<\/blockquote>\n<p data-gtm-element-container=\"modulo-texto-link\" class=\"paragraph\">Coco escucha y asiente. Creci\u00f3 entre bastidores, mirando c\u00f3mo su madre hac\u00eda posible lo imposible: \u201cM\u00e1s que heredera, me siento continuadora de lo que mi madre ha creado y quiero seguir sus pasos con mi propio criterio\u201d. En el estudio, la llama Esther; en casa, mam\u00e1. Esa separaci\u00f3n ha sido siempre la clave para que la relaci\u00f3n personal y la profesional convivan en armon\u00eda. \u201cA veces, s\u00f3lo le digo calma y volvemos a empezar\u201d, cuenta entre risas. Esther lo confirma: \u201cMe conoce tanto que sabe cu\u00e1ndo insistir y cu\u00e1ndo dejarme concentrada\u201d. La joven -a\u00fan veintea\u00f1era- aporta calma y cultura visual, esa mirada de una generaci\u00f3n que vive entre TikTok e Instagram:  \u201cHoy todo el mundo es creador de contenidos. La pasarela ya no es s\u00f3lo para los invitados, es 360 grados\u201d, se\u00f1ala sabiendo que las reglas del juego han cambiado y es adaptarse o morir.<\/p>\n<p data-gtm-element-container=\"modulo-texto-link\" class=\"paragraph\">Juntas, son un engranaje perfecto. Lo son en los pasillos de casa, donde se prueban ropa de armarios que parecen infinitos: \u201cMe inspiran dise\u00f1adores como John Galliano o Roger Font\u201d, dice Esther\u2026 \u201cYo, me fijo m\u00e1s en Jonathan Anderson o en The Row, de las hermanas Olsen\u201d, reconoce Coco. Lo son comentando alfombras rojas y analizando colecciones, como si el backstage siguiera latiendo incluso en la familiaridad de su sal\u00f3n. Y lo son, sobre todo, cuando trabajan: madre e hija, pero tambi\u00e9n directora y productora, creatividad y log\u00edstica, experiencia y futuro\u2026 y Esther Garc\u00eda Capdevila ha comenzado a querer delegar: \u201cMe gustar\u00eda seguir gui\u00e1ndola, pero cada vez menos en todas las teclas\u201d, admite, confesando que sue\u00f1a con pintar, tocar el piano, abrirse a otros mundos.\u00a0<\/p>\n<p>                <img loading=\"lazy\" decoding=\"async\" data-full-src=\"https:\/\/www.lavanguardia.com\/uploads\/2025\/09\/23\/68d272d28bb1b.jpeg\" alt=\"Juntas, son el engranaje perfecto en ESMA events\" width=\"449\" height=\"674\" src=\"https:\/\/www.europesays.com\/es\/wp-content\/uploads\/2025\/10\/68d272d28bb1b.r_d.642-1116.jpeg\" class=\"lazy\"\/><\/p>\n<p class=\"caption-title \">Juntas, son el engranaje perfecto en ESMA events<\/p>\n<p>                    Carlos Puig Padilla<\/p>\n<p data-gtm-element-container=\"modulo-texto-link\" class=\"paragraph\">Pero no s\u00f3lo Coco forma parte de ese futuro: Joel, el hijo mayor, tambi\u00e9n se ha integrado en ESMA y trabaja codo con codo con ellas. \u201cEstoy muy orgullosa de que mis hijos est\u00e9n conmigo, es algo que me emociona profundamente\u201d, dice Esther. Ese legado, compartido entre hermanos, consolida la visi\u00f3n de que ESMA no es s\u00f3lo una empresa, sino una familia extendida que late detr\u00e1s de cada desfile.<\/p>\n<p data-gtm-element-container=\"modulo-texto-link\" class=\"paragraph\">Aqu\u00ed, el relevo generacional se escribe con ternura y con respeto, con la certeza de que, m\u00e1s all\u00e1 de los focos, hay una herencia que se cuida y se renueva. Y hay gratitud. La de Coco a Esther, que cierra con un susurro: \u201cGracias por ense\u00f1arme perseverancia y esfuerzo. Y por darme la oportunidad de convertir en vida la pasi\u00f3n que compartimos\u201d.<\/p>\n","protected":false},"excerpt":{"rendered":"Forman el t\u00e1ndem perfecto porque su complicidad personal y laboral escapa a cualquier parentesco. Verlas trabajar es, sencillamente,&hellip;\n","protected":false},"author":2,"featured_media":157116,"comment_status":"","ping_status":"","sticky":false,"template":"","format":"standard","meta":{"footnotes":""},"categories":[174],"tags":[255,146,147,25,24,256,23],"class_list":{"0":"post-157115","1":"post","2":"type-post","3":"status-publish","4":"format-standard","5":"has-post-thumbnail","7":"category-famosos","8":"tag-celebrities","9":"tag-entertainment","10":"tag-entretenimiento","11":"tag-es","12":"tag-espana","13":"tag-famosos","14":"tag-spain"},"share_on_mastodon":{"url":"","error":""},"_links":{"self":[{"href":"https:\/\/www.europesays.com\/es\/wp-json\/wp\/v2\/posts\/157115","targetHints":{"allow":["GET"]}}],"collection":[{"href":"https:\/\/www.europesays.com\/es\/wp-json\/wp\/v2\/posts"}],"about":[{"href":"https:\/\/www.europesays.com\/es\/wp-json\/wp\/v2\/types\/post"}],"author":[{"embeddable":true,"href":"https:\/\/www.europesays.com\/es\/wp-json\/wp\/v2\/users\/2"}],"replies":[{"embeddable":true,"href":"https:\/\/www.europesays.com\/es\/wp-json\/wp\/v2\/comments?post=157115"}],"version-history":[{"count":0,"href":"https:\/\/www.europesays.com\/es\/wp-json\/wp\/v2\/posts\/157115\/revisions"}],"wp:featuredmedia":[{"embeddable":true,"href":"https:\/\/www.europesays.com\/es\/wp-json\/wp\/v2\/media\/157116"}],"wp:attachment":[{"href":"https:\/\/www.europesays.com\/es\/wp-json\/wp\/v2\/media?parent=157115"}],"wp:term":[{"taxonomy":"category","embeddable":true,"href":"https:\/\/www.europesays.com\/es\/wp-json\/wp\/v2\/categories?post=157115"},{"taxonomy":"post_tag","embeddable":true,"href":"https:\/\/www.europesays.com\/es\/wp-json\/wp\/v2\/tags?post=157115"}],"curies":[{"name":"wp","href":"https:\/\/api.w.org\/{rel}","templated":true}]}}