{"id":157128,"date":"2025-10-04T21:56:09","date_gmt":"2025-10-04T21:56:09","guid":{"rendered":"https:\/\/www.europesays.com\/es\/157128\/"},"modified":"2025-10-04T21:56:09","modified_gmt":"2025-10-04T21:56:09","slug":"activistas-de-la-flotilla-afirman-que-greta-thunberg-sufrio-golpes-y-un-trato-degradante","status":"publish","type":"post","link":"https:\/\/www.europesays.com\/es\/157128\/","title":{"rendered":"Activistas de la Flotilla afirman que Greta Thunberg sufri\u00f3 golpes y un trato degradante"},"content":{"rendered":"<p>                <img decoding=\"async\" class=\"lazy\" loading=\"lazy\" data-src=\"https:\/\/static.eldiario.es\/clip\/1cec5f1e-be70-4514-9e58-62acb8e161c6_16-9-aspect-ratio_default_0.jpg\" src=\"data:image\/svg+xml,%3Csvg xmlns=\" http:=\"\" viewbox=\"0 0 16 9\" alt=\"La activista sueca Greta Thunberg, durante la escala de la Global Sumud Flotilla en T\u00fanez el 7 de septiembre.\"\/><\/p>\n<p class=\"article-text\">\n        Activistas de la Flotilla Global Sumud criticaron en Turqu\u00eda las condiciones de su <a href=\"https:\/\/www.eldiario.es\/internacional\/flotilla-humanitaria-alerta-barcos-israel-aproximando-impedir-llegada-gaza_1_12648987.html\" target=\"_blank\" data-mrf-recirculation=\"links-noticia\" class=\"link\" rel=\"nofollow noopener\">detenci\u00f3n en Israe<\/a>l, donde aseguran que se les priv\u00f3 de comida y agua, y denunciaron que la activista sueca Greta Thunberg sufri\u00f3 golpes y un trato degradante.\n    <\/p>\n<p class=\"article-text\">\n        Un total de 137 activistas, 36 turcos y 101 de otras nacionalidades, aterrizaron en Estambul este s\u00e1bado a bordo de un avi\u00f3n de Turkish Airlines, procedente de Israel.\n    <\/p>\n<p class=\"article-text\">\n        A su llegada, se quitaron el uniforme que, seg\u00fan dijeron, las autoridades israel\u00edes les obligaron a vestir, y corearon consignas como \u201cPalestina libre\u201d al bajar del avi\u00f3n.\n    <\/p>\n<p class=\"article-text\">\n        En declaraciones a medios locales desde el aeropuerto, varios activistas criticaron las condiciones de su detenci\u00f3n, afirmando que estuvieron con las manos atadas a la espalda, sin recibir agua ni alimentos durante entre 36 y 40 horas, y que incluso intentaron beber agua del inodoro ante la falta de l\u00edquidos.\n    <\/p>\n<p class=\"article-text\">\n        La activista turca Aycin Kantoglu relat\u00f3 que cuando a varias mujeres les quitaron sus pa\u00f1uelos, otras compa\u00f1eras que no los llevaban se quitaron las camisetas para ayudarlas a cubrirse la cabeza. Tambi\u00e9n asegur\u00f3 que a Thunberg la esposaron, le pusieron una bandera israel\u00ed en las manos a la fuerza y \u201cla golpearon\u201d.\n    <\/p>\n<p class=\"article-text\">\n        \u201cNos hicieron registros corporales una vez tras otra, incluso nos revisaron los dientes. Pero no lograron intimidarnos\u201d, declar\u00f3 al canal NTV. \u201cEn prisi\u00f3n vi paredes con lemas como &#8216;Palestina libre&#8217;. Seguimos gritando consignas mientras nos maltrataban\u201d, a\u00f1adi\u00f3.\n    <\/p>\n<p class=\"article-text\">\n        Otro activista turco, Ersin Celik, afirm\u00f3 en declaraciones a CNNT\u00fcrk que \u201cGreta fue torturada de forma grave, la arrastraron por el suelo e intentaron forzarla a besar la bandera israel\u00ed\u201d.\n    <\/p>\n<p class=\"article-text\">\n        \u201cGreta es solo una ni\u00f1a, pero la atacaron deliberadamente. Trataron de criminalizar a toda la flotilla a trav\u00e9s de ella\u201d, agreg\u00f3.\n    <\/p>\n<p class=\"article-text\">\n        Bekir Develi, tambi\u00e9n activista, denunci\u00f3 que fueron esposados con las manos a la espalda y los dejaron expuestos al sol durante m\u00e1s de cuatro horas. \u201cEstuvimos 24 horas en prisi\u00f3n sin agua ni comida. Nos trataron con brutalidad\u201d, sostuvo a CNNT\u00fcrk.\n    <\/p>\n<p class=\"article-text\">\n        Otro testimonio a\u00f1adi\u00f3 que en la madrugada irrumpieron en sus habitaciones con perros y guardias armados, impidi\u00e9ndoles dormir con constantes interrupciones.\n    <\/p>\n<p class=\"article-text\">\n        Durante el recibimiento en Estambul, los activistas leyeron en voz alta los nombres de los ciudadanos turcos que a\u00fan permanecen detenidos en Israel y exigieron su repatriaci\u00f3n inmediata.\n    <\/p>\n<p class=\"article-text\">\n        Seg\u00fan las autoridades turcas, otros 14 ciudadanos turcos siguen en territorio israel\u00ed y ser\u00e1n devueltos tan pronto concluyan los tr\u00e1mites correspondientes.\n    <\/p>\n<p class=\"article-text\">\n        Los barcos de la Flotilla con ayuda humanitaria fueron interceptados en aguas internacionales, a unas 70 millas n\u00e1uticas de la costa de Gaza, una zona donde la Armada israel\u00ed patrulla, aunque no tiene jurisdicci\u00f3n legal.\n    <\/p>\n<p class=\"article-text\">\n        El Ej\u00e9rcito israel\u00ed justific\u00f3 la operaci\u00f3n porque las embarcaciones se dirig\u00edan a \u201cuna zona de combate activa\u201d.\n    <\/p>\n<p class=\"article-text\">\n        Las autoridades israel\u00edes trasladaron y recluyeron a los alrededor de 450 activistas que viajaban en la Flotilla <a href=\"https:\/\/www.eldiario.es\/internacional\/ultima-hora-global-sumud-flotilla-directo_6_12653443_1115791.html\" target=\"_blank\" data-mrf-recirculation=\"links-noticia\" class=\"link\" rel=\"nofollow noopener\">en la prisi\u00f3n de Saharonim, en el desierto<\/a>.\n    <\/p>\n<p class=\"article-text\">\n        Con informaci\u00f3n de\u00a0<strong>EFE<\/strong>\n    <\/p>\n","protected":false},"excerpt":{"rendered":"Activistas de la Flotilla Global Sumud criticaron en Turqu\u00eda las condiciones de su detenci\u00f3n en Israel, donde aseguran&hellip;\n","protected":false},"author":2,"featured_media":157129,"comment_status":"","ping_status":"","sticky":false,"template":"","format":"standard","meta":{"footnotes":""},"categories":[42],"tags":[17,18,2125,13,14,694,11,1458,61,62,63,64,74,19,20,9,10,15,16,12,1885,21,22,65,66,67],"class_list":{"0":"post-157128","1":"post","2":"type-post","3":"status-publish","4":"format-standard","5":"has-post-thumbnail","7":"category-internacional","8":"tag-breaking-news","9":"tag-breakingnews","10":"tag-directo","11":"tag-featured-news","12":"tag-featurednews","13":"tag-gaza","14":"tag-headlines","15":"tag-hora","16":"tag-internacional","17":"tag-international","18":"tag-international-news","19":"tag-internationalnews","20":"tag-israel","21":"tag-latest-news","22":"tag-latestnews","23":"tag-news","24":"tag-noticias","25":"tag-noticias-destacadas","26":"tag-noticiasdestacadas","27":"tag-titulares","28":"tag-ultima","29":"tag-ultimas-noticias","30":"tag-ultimasnoticias","31":"tag-world","32":"tag-world-news","33":"tag-worldnews"},"share_on_mastodon":{"url":"","error":""},"_links":{"self":[{"href":"https:\/\/www.europesays.com\/es\/wp-json\/wp\/v2\/posts\/157128","targetHints":{"allow":["GET"]}}],"collection":[{"href":"https:\/\/www.europesays.com\/es\/wp-json\/wp\/v2\/posts"}],"about":[{"href":"https:\/\/www.europesays.com\/es\/wp-json\/wp\/v2\/types\/post"}],"author":[{"embeddable":true,"href":"https:\/\/www.europesays.com\/es\/wp-json\/wp\/v2\/users\/2"}],"replies":[{"embeddable":true,"href":"https:\/\/www.europesays.com\/es\/wp-json\/wp\/v2\/comments?post=157128"}],"version-history":[{"count":0,"href":"https:\/\/www.europesays.com\/es\/wp-json\/wp\/v2\/posts\/157128\/revisions"}],"wp:featuredmedia":[{"embeddable":true,"href":"https:\/\/www.europesays.com\/es\/wp-json\/wp\/v2\/media\/157129"}],"wp:attachment":[{"href":"https:\/\/www.europesays.com\/es\/wp-json\/wp\/v2\/media?parent=157128"}],"wp:term":[{"taxonomy":"category","embeddable":true,"href":"https:\/\/www.europesays.com\/es\/wp-json\/wp\/v2\/categories?post=157128"},{"taxonomy":"post_tag","embeddable":true,"href":"https:\/\/www.europesays.com\/es\/wp-json\/wp\/v2\/tags?post=157128"}],"curies":[{"name":"wp","href":"https:\/\/api.w.org\/{rel}","templated":true}]}}