{"id":157130,"date":"2025-10-04T21:57:09","date_gmt":"2025-10-04T21:57:09","guid":{"rendered":"https:\/\/www.europesays.com\/es\/157130\/"},"modified":"2025-10-04T21:57:09","modified_gmt":"2025-10-04T21:57:09","slug":"la-laguna-refuerza-su-compromiso-educativo-en-el-17o-encuentro-de-ciudades-educadoras","status":"publish","type":"post","link":"https:\/\/www.europesays.com\/es\/157130\/","title":{"rendered":"La Laguna refuerza su compromiso educativo en el 17\u00ba Encuentro de Ciudades Educadoras"},"content":{"rendered":"<p>El Ayuntamiento de La Laguna ha estado presente en el 17\u00ba Encuentro de Ciudades Educadoras, que se celebra esta semana en Viladecans, convertido en epicentro nacional de la innovaci\u00f3n educativa. La ministra Pilar Alegr\u00eda, la consellera Esther Niub\u00f3 y la alcaldesa Olga Morales inauguraron el congreso.<\/p>\n<p>El concejal de Educaci\u00f3n, Sergio Eiroa, particip\u00f3\u00a0en este foro en el que 239 ciudades espa\u00f1olas compartieron experiencias y estrategias con un objetivo com\u00fan, alcanzar el abandono escolar cero, con 66 experiencias procedentes de 36 municipios.<\/p>\n<p>Durante tres jornadas, a trav\u00e9s de conferencias, talleres y espacios de intercambio,\u00a0se presentaron m\u00e1s de sesenta experiencias educativas de distintos puntos de Espa\u00f1a. El encuentro\u00a0puso\u00a0el foco en la lucha contra el abandono escolar, una prioridad que La Laguna tambi\u00e9n comparte y que ha marcado la agenda educativa del municipio en los \u00faltimos a\u00f1os.<\/p>\n<p>El concejal de Educaci\u00f3n de La Laguna, Sergio Eiroa, destac\u00f3 que \u201cparticipar en este congreso nos permite conocer de primera mano experiencias que ya est\u00e1n dando resultados en otras ciudades y que nos inspiran a seguir avanzando en nuestro compromiso con la juventud. Queremos situar a La Laguna como un municipio de referencia en la lucha contra el abandono escolar temprano\u201d.<\/p>\n<p>Eiroa record\u00f3 que La Laguna ya desarrolla programas de apoyo escolar en actividades extraescolares, y avanz\u00f3 que el \u00e1rea de Educaci\u00f3n dar\u00e1 un paso m\u00e1s con nuevos proyectos de acompa\u00f1amiento a la juventud,\u00a0\u201cno se trata solo de dar clases de refuerzo, sino de generar espacios de acompa\u00f1amiento integral que ayuden a nuestros j\u00f3venes a tener m\u00e1s oportunidades de futuro\u201d.<\/p>\n<p>El edil subray\u00f3 adem\u00e1s que este tipo de encuentros \u201cnos permiten contrastar la realidad que vivimos en nuestro municipio con la de otras ciudades, enriquecernos con sus aportaciones y reforzar una red de colaboraci\u00f3n que es fundamental para lograr que ning\u00fan joven se quede atr\u00e1s en su proceso educativo\u201d.<\/p>\n<p>\u201cEn La Laguna tenemos claro que la educaci\u00f3n es la base de una sociedad m\u00e1s justa, inclusiva y con oportunidades. Por eso estamos apostando por pol\u00edticas educativas transformadoras, que escuchen a la juventud y trabajen de la mano de las familias y de la comunidad educativa\u201d, concluy\u00f3 Eiroa.<\/p>\n","protected":false},"excerpt":{"rendered":"El Ayuntamiento de La Laguna ha estado presente en el 17\u00ba Encuentro de Ciudades Educadoras, que se celebra&hellip;\n","protected":false},"author":2,"featured_media":157131,"comment_status":"","ping_status":"","sticky":false,"template":"","format":"standard","meta":{"footnotes":""},"categories":[8],"tags":[17,18,25,24,13,14,11,19,20,9,10,15,16,23,12,21,22],"class_list":{"0":"post-157130","1":"post","2":"type-post","3":"status-publish","4":"format-standard","5":"has-post-thumbnail","7":"category-espana","8":"tag-breaking-news","9":"tag-breakingnews","10":"tag-es","11":"tag-espana","12":"tag-featured-news","13":"tag-featurednews","14":"tag-headlines","15":"tag-latest-news","16":"tag-latestnews","17":"tag-news","18":"tag-noticias","19":"tag-noticias-destacadas","20":"tag-noticiasdestacadas","21":"tag-spain","22":"tag-titulares","23":"tag-ultimas-noticias","24":"tag-ultimasnoticias"},"share_on_mastodon":{"url":"","error":""},"_links":{"self":[{"href":"https:\/\/www.europesays.com\/es\/wp-json\/wp\/v2\/posts\/157130","targetHints":{"allow":["GET"]}}],"collection":[{"href":"https:\/\/www.europesays.com\/es\/wp-json\/wp\/v2\/posts"}],"about":[{"href":"https:\/\/www.europesays.com\/es\/wp-json\/wp\/v2\/types\/post"}],"author":[{"embeddable":true,"href":"https:\/\/www.europesays.com\/es\/wp-json\/wp\/v2\/users\/2"}],"replies":[{"embeddable":true,"href":"https:\/\/www.europesays.com\/es\/wp-json\/wp\/v2\/comments?post=157130"}],"version-history":[{"count":0,"href":"https:\/\/www.europesays.com\/es\/wp-json\/wp\/v2\/posts\/157130\/revisions"}],"wp:featuredmedia":[{"embeddable":true,"href":"https:\/\/www.europesays.com\/es\/wp-json\/wp\/v2\/media\/157131"}],"wp:attachment":[{"href":"https:\/\/www.europesays.com\/es\/wp-json\/wp\/v2\/media?parent=157130"}],"wp:term":[{"taxonomy":"category","embeddable":true,"href":"https:\/\/www.europesays.com\/es\/wp-json\/wp\/v2\/categories?post=157130"},{"taxonomy":"post_tag","embeddable":true,"href":"https:\/\/www.europesays.com\/es\/wp-json\/wp\/v2\/tags?post=157130"}],"curies":[{"name":"wp","href":"https:\/\/api.w.org\/{rel}","templated":true}]}}