{"id":157132,"date":"2025-10-04T21:58:11","date_gmt":"2025-10-04T21:58:11","guid":{"rendered":"https:\/\/www.europesays.com\/es\/157132\/"},"modified":"2025-10-04T21:58:11","modified_gmt":"2025-10-04T21:58:11","slug":"portal-de-noticias-del-gobierno-de-canarias-169","status":"publish","type":"post","link":"https:\/\/www.europesays.com\/es\/157132\/","title":{"rendered":"Portal de Noticias del Gobierno de Canarias"},"content":{"rendered":"<blockquote>\n<p>Con una notable afluencia de p\u00fablico a lo largo de todo el d\u00eda, la feria ofreci\u00f3 una combinaci\u00f3n perfecta de espect\u00e1culo, tradici\u00f3n, inclusi\u00f3n y divulgaci\u00f3n, con actividades participativas y conferencias centradas en la salud y el deporte.<\/p>\n<\/blockquote>\n<p>ExpoDeca 2025, la feria de la actividad f\u00edsica y el deporte, cerr\u00f3 este s\u00e1bado su tercera jornada con un acontecimiento hist\u00f3rico para la danza urbana en Canarias: la primera final del Campeonato de Canarias de Bailes Urbanos, que ha reunido en el escenario a los mejores clasificados de las competiciones Weekend Urban Dance de Tenerife y Gran Canaria.<\/p>\n<p>En esta final han participado los diez mejores bailarines por categor\u00eda \u2014cinco de cada provincia\u2014 en las siete modalidades que conforman el certamen: baby, infantil, j\u00fanior, youth, absoluta, premium y megacrew. Los tres clasificados de cada categor\u00eda han sido premiados en la ceremonia de clausura, reconociendo el talento y esfuerzo de todos los participantes.<\/p>\n<p>El baile urbano ha sido uno de los puntos \u00e1lgidos de una jornada que ha albergado, en su pen\u00faltimo d\u00eda, una amplia variedad de actividades, exhibiciones, clases maestras, concursos, as\u00ed como conferencias de expertos y espacios de networking, que han permitido a los asistentes distintos aspectos del sector y vivir una experiencia completa y participativa.<\/p>\n<p><strong>Exhibiciones y clases<\/strong><\/p>\n<p>La sala Multiusos del Recinto Ferial se ha vuelto a convertir en el escenario perfecto para combinar ejercicio y m\u00fasica. El espacio dedicado a las actividades dirigidas empez\u00f3 la ma\u00f1ana con una sesi\u00f3n de body combat, que combina movimientos de artes marciales al ritmo de la m\u00fasica; body balance, un entrenamiento suave que mezcla yoga, pilates, estiramientos y taich\u00ed; ciclo indoor para mejorar la resistencia cardiovascular en bicicleta est\u00e1tica; o flow, una modalidad que combina fuerza, movilidad y bienestar.<\/p>\n<p>Adem\u00e1s, hubo clases de bailes latinos, Limboo, que consiste en una clase de baile al ritmo de la m\u00fasica y sesiones de GAP para tonificar gl\u00fateos, abdominales y piernas. Ese mismo espacio tambi\u00e9n acogi\u00f3 exhibiciones y competiciones de modalidades como el pickleball, con la participaci\u00f3n de una excampeona del mundo de tenis para sordos y un torneo en formato Grand Slam, y tiro con arco ol\u00edmpico, una demostraci\u00f3n de precisi\u00f3n y t\u00e9cnica de alto nivel.<\/p>\n<p>\u00a0<\/p>\n<p><img decoding=\"async\" class=\"aligncenter size-large wp-image-172152\" src=\"https:\/\/www.europesays.com\/es\/wp-content\/uploads\/2025\/10\/FOTO.-Tercera-jornada-en-ExpoDeca-2025-6-1024x683.jpg\" alt=\"\" width=\"100%\" height=\"683\"  \/><\/p>\n<p>En la Gran Sala, por su parte, se llevaron a cabo exhibiciones de squash a cargo de jugadoras y jugadores canarios de nivel internacional, en el terrero emocionantes competiciones de lucha masculina y femenina en formato \u2018cuatro contra cuatro\u2019, demostraciones del tradicional juego del palo, clases magistrales de lucha del garrote y una espectacular exhibici\u00f3n de gimnasia r\u00edtmica, que mostraron t\u00e9cnica, coordinaci\u00f3n y elegancia.<\/p>\n<p>La jornada continu\u00f3 con la competici\u00f3n de la Iberian Throwdown, complementada con una prueba exterior en el Parque Mar\u00edtimo, incluyendo piscina y circuito. Tambi\u00e9n se han seguido celebrando los partidos de voleibol del I Torneo de Apertura de la Liga Canaria Senior Femenina 2025\/2026, donde se pudieron ver encuentros llenos de intensidad y emoci\u00f3n. Adem\u00e1s, en la zona multideportiva contin\u00faan celebr\u00e1ndose las Neurolimpiadas, y juegos como boccia, b\u00e1dminton y hockey l\u00ednea, promoviendo la inclusi\u00f3n y la participaci\u00f3n de todos los atletas.<\/p>\n<p>El cierre de la tercera jornada de la feria estuvo marcado por el concierto del cantante tinerfe\u00f1o st. Pedro, que puso el broche de oro a una jornada inolvidable, en el que la masiva afluencia de p\u00fablico fue protagonista, con ritmo y energ\u00eda.<\/p>\n<p><strong>Exteriores<\/strong><\/p>\n<p>En las zonas exteriores del Recinto Ferial, los asistentes pudieron disfrutar de una amplia oferta de actividades deportivas y de inclusi\u00f3n. En el baloncesto, se organizaron concursos, partidos 3\u00d73, tiros a canasta, juegos de 21 y partidos amistosos, pensados para participantes y aficionados de todos los niveles. Durante la ma\u00f1ana, en la zona Sinpromi, se desarroll\u00f3 la actividad La Ruta de los Sentidos, una propuesta de deporte inclusivo que busca sensibilizar sobre las barreras de la discapacidad mediante una experiencia inmersiva.<\/p>\n<p>En el f\u00fatbol, tuvo lugar el Derbi Canario por la Inclusi\u00f3n, con partidos de los equipos para personas con discapacidad de la UD Las Palmas y el CD Tenerife, as\u00ed como por la tarde un emocionante partido de f\u00fatbol femenino. Adem\u00e1s, los visitantes pudieron participar en el Circuito Sensorial y vivir la experiencia de Ciclismo Paral\u00edmpico, acerc\u00e1ndose al deporte adaptado y conociendo de primera mano la destreza y esfuerzo de los atletas paral\u00edmpicos.<\/p>\n<p><strong>Debates, conferencias y charlas\u00a0<\/strong><\/p>\n<p>En el cap\u00edtulo formativo, la jornada fue igual de intensa que en la parte de actividad f\u00edsica. La jornada comenz\u00f3 con la presentaci\u00f3n de las Obligaciones de la LOPIVI (Ley de Protecci\u00f3n Integral a la Infancia y la Adolescencia frente a la Violencia) para el sector deportivo, donde se abord\u00f3 el nuevo protocolo de actuaci\u00f3n para el deporte en Canarias.<\/p>\n<p>A la misma hora, en un espacio contiguo, se imparti\u00f3 la conferencia \u201cEjercicio, c\u00e1ncer y menopausia\u201d, impulsada por la Asociaci\u00f3n de C\u00e1ncer de Mama y el CD Amate. M\u00e1s tarde, turno para el IV Encuentro Educar Entrenando, promovido por el Cabildo de Tenerife dentro de la Estrategia Insular \u201cEducar Entrenando\u201d, desarrollado por Deportes Tenerife en colaboraci\u00f3n con el Laboratorio de Innovaci\u00f3n Social de la Universidad de La Laguna.<\/p>\n<p>Otras de las ponencias m\u00e1s seguidas del d\u00eda fue la de \u201cArbitraje y violencia\u201d, dirigida especialmente a los comit\u00e9s arbitrales que colaboran con el ICAD (Instituto Canario de Arbitraje Deportivo), a la que sigui\u00f3 una nueva charla, con el t\u00edtulo \u201cCr\u00f3nica de una enfermedad anunciada: inflamaci\u00f3n y c\u00e1ncer\u201d, promovida por ORKIDE Ejercicio y Medicina, centro de atenci\u00f3n integral a personas con c\u00e1ncer.<\/p>\n<p>Entre las conferencias m\u00e1s innovadoras destac\u00f3 \u201cHistoria de las marcas deportivas Top Line y su impacto social\u201d, que repas\u00f3 desde Plimsoll (1870) y Reebok hasta la actualidad, con un enfoque en las d\u00e9cadas de los 70, 80, 90 y 2000 como periodos clave en el desarrollo de la industria deportiva tras el boom de Nike en 1972. Y por \u00faltimo, se desarroll\u00f3 el seminario de trabajo \u201cNuestros juegos y deportes tradicionales como optativa en 1\u00ba de Bachillerato\u201d, organizado por la Direcci\u00f3n General de Juegos y Deportes Tradicionales y Aut\u00f3ctonos del Gobierno de Canarias, destinado a coordinar al profesorado vinculado con esta asignatura, que cumple su segundo curso escolar.<\/p>\n<p><strong>Jornada dominical<\/strong><\/p>\n<p>Este domingo ExpoDeca echar\u00e1 el cierre hasta una pr\u00f3xima edici\u00f3n. El horario de apertura ser\u00e1 de 10:00 a 15:00 horas y, un d\u00eda m\u00e1s, habr\u00e1 emociones y espect\u00e1culo para todos los amantes del deporte.<\/p>\n<p>Entre las actividades destacadas, se vivir\u00e1 un encuentro que pondr\u00e1 a prueba la habilidad y la intensidad de las mejores jugadoras. Los aficionados al f\u00fatbol podr\u00e1n disfrutar de un partido entre jugadores veteranos del Club Deportivo Tenerife y la Uni\u00f3n Deportiva Las Palmas, mientras que los amantes de la actividad al aire libre podr\u00e1n sumarse a la marcha n\u00f3rdica, que se desarrollar\u00e1 hasta las 14:00 horas en el parking exterior del recinto santacrucero.<\/p>\n<p>Adem\u00e1s, el cuadril\u00e1tero de boxeo ser\u00e1 otro de los puntos calientes de la feria, con la celebraci\u00f3n del Campeonato de Canarias en categor\u00edas j\u00f3venes y junior, masculino y femenino, que contar\u00e1 con trece combates llenos de fuerza, t\u00e9cnica y emoci\u00f3n. Sin duda, este domingo ser\u00e1 la oportunidad perfecta para vivir de cerca el deporte en todas sus modalidades y cerrar ExpoDeca 2025 con energ\u00eda y espect\u00e1culo.<\/p>\n<p>Promovida e impulsada por el Gobierno de Canarias, a trav\u00e9s de la Consejer\u00eda de Educaci\u00f3n, Formaci\u00f3n Profesional, Actividad F\u00edsica y Deportes, y organizada por el \u00e1rea de Deportes del Cabildo de Tenerife gracias a la empresa p\u00fablica Ideco, ExpoDeca cuenta en esta edici\u00f3n con el patrocinio de la Fundaci\u00f3n Disa, Coca-Cola, Powerade, Binter y Grupo Ybarra.<\/p>\n","protected":false},"excerpt":{"rendered":"Con una notable afluencia de p\u00fablico a lo largo de todo el d\u00eda, la feria ofreci\u00f3 una combinaci\u00f3n&hellip;\n","protected":false},"author":2,"featured_media":157133,"comment_status":"","ping_status":"","sticky":false,"template":"","format":"standard","meta":{"footnotes":""},"categories":[5],"tags":[17,18,25,24,13,14,11,19,20,9,10,15,16,23,12,21,22],"class_list":{"0":"post-157132","1":"post","2":"type-post","3":"status-publish","4":"format-standard","5":"has-post-thumbnail","7":"category-titulares","8":"tag-breaking-news","9":"tag-breakingnews","10":"tag-es","11":"tag-espana","12":"tag-featured-news","13":"tag-featurednews","14":"tag-headlines","15":"tag-latest-news","16":"tag-latestnews","17":"tag-news","18":"tag-noticias","19":"tag-noticias-destacadas","20":"tag-noticiasdestacadas","21":"tag-spain","22":"tag-titulares","23":"tag-ultimas-noticias","24":"tag-ultimasnoticias"},"share_on_mastodon":{"url":"","error":""},"_links":{"self":[{"href":"https:\/\/www.europesays.com\/es\/wp-json\/wp\/v2\/posts\/157132","targetHints":{"allow":["GET"]}}],"collection":[{"href":"https:\/\/www.europesays.com\/es\/wp-json\/wp\/v2\/posts"}],"about":[{"href":"https:\/\/www.europesays.com\/es\/wp-json\/wp\/v2\/types\/post"}],"author":[{"embeddable":true,"href":"https:\/\/www.europesays.com\/es\/wp-json\/wp\/v2\/users\/2"}],"replies":[{"embeddable":true,"href":"https:\/\/www.europesays.com\/es\/wp-json\/wp\/v2\/comments?post=157132"}],"version-history":[{"count":0,"href":"https:\/\/www.europesays.com\/es\/wp-json\/wp\/v2\/posts\/157132\/revisions"}],"wp:featuredmedia":[{"embeddable":true,"href":"https:\/\/www.europesays.com\/es\/wp-json\/wp\/v2\/media\/157133"}],"wp:attachment":[{"href":"https:\/\/www.europesays.com\/es\/wp-json\/wp\/v2\/media?parent=157132"}],"wp:term":[{"taxonomy":"category","embeddable":true,"href":"https:\/\/www.europesays.com\/es\/wp-json\/wp\/v2\/categories?post=157132"},{"taxonomy":"post_tag","embeddable":true,"href":"https:\/\/www.europesays.com\/es\/wp-json\/wp\/v2\/tags?post=157132"}],"curies":[{"name":"wp","href":"https:\/\/api.w.org\/{rel}","templated":true}]}}