{"id":157146,"date":"2025-10-04T22:14:08","date_gmt":"2025-10-04T22:14:08","guid":{"rendered":"https:\/\/www.europesays.com\/es\/157146\/"},"modified":"2025-10-04T22:14:08","modified_gmt":"2025-10-04T22:14:08","slug":"xabi-alonso-si-bellingham-volveria-a-ser-titular-en-el-derbi-ahora-no-vale-mucho-la-pena-responder-futbol-deportes","status":"publish","type":"post","link":"https:\/\/www.europesays.com\/es\/157146\/","title":{"rendered":"Xabi Alonso: \u201c\u00bfSi Bellingham volver\u00eda a ser titular en el derbi? Ahora no vale mucho la pena responder\u201d | F\u00fatbol | Deportes"},"content":{"rendered":"<p class=\"\">Los <a href=\"https:\/\/elpais.com\/deportes\/futbol\/2025-10-04\/vinicius-se-afina-con-goles.html\" rel=\"nofollow noopener\" target=\"_blank\">partidos del Madrid<\/a> empiezan a jugarse una hora antes, desde que se conoce la alineaci\u00f3n de Xabi Alonso. Los puntos calientes sobre los que debe legislar el t\u00e9cnico crecen a cada paso: la ubicaci\u00f3n de Fede Valverde, el encaje de Jude Bellingham, los minutos de Vinicius\u2026 Y las decisiones del vasco contra el Villarreal tuvieron miga. El <a href=\"https:\/\/elpais.com\/deportes\/futbol\/2025-10-04\/fede-valverde-no-encuentra-su-sitio-en-la-pizarra-de-xabi-alonso.html\" rel=\"nofollow noopener\" target=\"_blank\">uruguayo<\/a> empez\u00f3 como lateral derecho tras la gran tormenta de los \u00faltimos d\u00edas a cuenta de sus palabras en Kazajist\u00e1n (\u201cno he nacido para jugar de lateral\u201d) y su pasotismo en el calentamiento en Almaty, donde no sali\u00f3. Y el ingl\u00e9s arranc\u00f3 desde la barrera por segundo partido consecutivo despu\u00e9s de la titularidad en el derbi, una apuesta que se produjo pese al escaso rodaje del mediapunta. Cuando a Xabi se le pregunt\u00f3 en sala de prensa si ahora lo volver\u00eda a sacar de inicio, el tolosarra contest\u00f3 sin contestar: \u201cEs una pregunta bien tirada, pero la respuesta que tenga no tiene ning\u00fan efecto. Ahora no vale mucho la pena responderla\u201d, dijo con una sonrisa.<\/p>\n<p class=\"\">El beneficiado fue Dani Ceballos, que sum\u00f3 su segundo encuentro consecutivo de partida como organizador. En general, el once madridista pareci\u00f3 el m\u00e1s equilibrado teniendo en cuenta los perfiles del grupo, con una manija en la medular (el andaluz) en lugar de dos centrocampistas m\u00e1s f\u00edsicos. La cuesti\u00f3n es que la alineaci\u00f3n tuvo todo el aire circunstancial. Primero, porque la recolocaci\u00f3n de Valverde en el lateral derecho se debi\u00f3 a las lesiones de Carvajal y Trent Alexander-Arnold; y segundo, porque la suplencia de <a href=\"https:\/\/elpais.com\/deportes\/futbol\/2025-09-23\/xabi-alonso-empieza-la-tercera-fase-de-las-obras-encajar-a-jude-bellingham.html\" rel=\"nofollow noopener\" target=\"_blank\">Bellingham<\/a>, salvo un golpe de pecho imprevisto de Xabi, es tambi\u00e9n temporal. A la vuelta del par\u00f3n, al que Jude no acude con su selecci\u00f3n, el brit\u00e1nico habr\u00e1 sumado horas de trabajo en Valdebebas para volver a irrumpir en un tramo del calendario en el que surgen en el horizonte Juventus, Barcelona y Liverpool. <\/p>\n<p class=\"\">El engrase del ex del Dortmund se presenta como el siguiente gran desaf\u00edo para Alonso, un peaje para el que no cabe mucha m\u00e1s dilaci\u00f3n si se atiende a su estatus en la plantilla. Su lugar lo ocupa Arda G\u00fcler. La conexi\u00f3n del turco con Mbapp\u00e9 ha dado sus frutos, pero por el retrovisor irrumpe la figura estirada de Bellingham. Su inclusi\u00f3n en el once del Metropolitano hace una semana ya oblig\u00f3 al otomano a escorarse a la izquierda, en lugar del sacrificado Mastantuono. Un sudoku con varias piezas implicadas que apremia en el cuaderno del nuevo entrenador blanco. Ayer, cuando sali\u00f3 Bellingham, se fue G\u00fcler.<\/p>\n<p class=\"\">Jude, clave con su robo en el tercer gol, no asom\u00f3 en el terreno de juego hasta el minuto 64, una hora en la que pudo contemplar desde fuera c\u00f3mo Valverde se estir\u00f3 m\u00e1s que nunca arrancando como lateral, donde menos le gusta. En todo caso, m\u00e1s all\u00e1 de la polvareda levantada a ra\u00edz de sus im\u00e1genes en <a href=\"https:\/\/elpais.com\/deportes\/futbol\/2025-09-30\/la-demoledora-rutina-de-mbappe-tumba-al-fragil-kairat.html\" rel=\"nofollow noopener\" target=\"_blank\">Kazajist\u00e1n<\/a>, donde se le vio de brazos ca\u00eddos en el calentamiento, lo m\u00e1s frustrante para el charr\u00faa es que hab\u00eda perdido \u201cla pisada\u201d, como \u00e9l admiti\u00f3. Parad\u00f3jicamente, la ubicaci\u00f3n de ayer le permiti\u00f3 desplegarse por la banda, pisar el ataque y recuperar un vuelo que hab\u00eda perdido desde el inicio de la Liga.<\/p>\n<p class=\"\">Esta vez el brasile\u00f1o se retir\u00f3 feliz a los vestuarios y tras completar el duelo. Solt\u00f3 tensi\u00f3n con dos goles, y acab\u00f3 como el jugador que m\u00e1s veces dispar\u00f3 (cinco), m\u00e1s ocasiones cre\u00f3 (seis) y m\u00e1s regates complet\u00f3 (seis). Una velada de desahogo para \u00e9l frente a la inquietud que caus\u00f3 la sustituci\u00f3n en el 85 de Mbapp\u00e9, aquejado de un ligero esguince en el tobillo derecho, seg\u00fan la primera exploraci\u00f3n del club.<\/p>\n","protected":false},"excerpt":{"rendered":"Los partidos del Madrid empiezan a jugarse una hora antes, desde que se conoce la alineaci\u00f3n de Xabi&hellip;\n","protected":false},"author":2,"featured_media":157147,"comment_status":"","ping_status":"","sticky":false,"template":"","format":"standard","meta":{"footnotes":""},"categories":[93],"tags":[1540,168,1539,25,24,42441,282,1538,1210,1945,3048,23,167,9607,10344],"class_list":{"0":"post-157146","1":"post","2":"type-post","3":"status-publish","4":"format-standard","5":"has-post-thumbnail","7":"category-deportes","8":"tag-competiciones","9":"tag-deportes","10":"tag-entrenadores","11":"tag-es","12":"tag-espana","13":"tag-federico-valverde","14":"tag-futbol","15":"tag-futbolistas","16":"tag-laliga-ea-sports","17":"tag-primera-division","18":"tag-real-madrid","19":"tag-spain","20":"tag-sports","21":"tag-villarreal-cf","22":"tag-xabi-alonso"},"share_on_mastodon":{"url":"","error":""},"_links":{"self":[{"href":"https:\/\/www.europesays.com\/es\/wp-json\/wp\/v2\/posts\/157146","targetHints":{"allow":["GET"]}}],"collection":[{"href":"https:\/\/www.europesays.com\/es\/wp-json\/wp\/v2\/posts"}],"about":[{"href":"https:\/\/www.europesays.com\/es\/wp-json\/wp\/v2\/types\/post"}],"author":[{"embeddable":true,"href":"https:\/\/www.europesays.com\/es\/wp-json\/wp\/v2\/users\/2"}],"replies":[{"embeddable":true,"href":"https:\/\/www.europesays.com\/es\/wp-json\/wp\/v2\/comments?post=157146"}],"version-history":[{"count":0,"href":"https:\/\/www.europesays.com\/es\/wp-json\/wp\/v2\/posts\/157146\/revisions"}],"wp:featuredmedia":[{"embeddable":true,"href":"https:\/\/www.europesays.com\/es\/wp-json\/wp\/v2\/media\/157147"}],"wp:attachment":[{"href":"https:\/\/www.europesays.com\/es\/wp-json\/wp\/v2\/media?parent=157146"}],"wp:term":[{"taxonomy":"category","embeddable":true,"href":"https:\/\/www.europesays.com\/es\/wp-json\/wp\/v2\/categories?post=157146"},{"taxonomy":"post_tag","embeddable":true,"href":"https:\/\/www.europesays.com\/es\/wp-json\/wp\/v2\/tags?post=157146"}],"curies":[{"name":"wp","href":"https:\/\/api.w.org\/{rel}","templated":true}]}}