{"id":157150,"date":"2025-10-04T22:16:08","date_gmt":"2025-10-04T22:16:08","guid":{"rendered":"https:\/\/www.europesays.com\/es\/157150\/"},"modified":"2025-10-04T22:16:08","modified_gmt":"2025-10-04T22:16:08","slug":"el-si-quiero-del-hijo-de-rafael-del-pino-y-victoria-lopez-de-la-serna-el-mundo","status":"publish","type":"post","link":"https:\/\/www.europesays.com\/es\/157150\/","title":{"rendered":"El &quot;s\u00ed, quiero&quot; del hijo de Rafael del Pino y Victoria L\u00f3pez de la Serna &#8211; El Mundo"},"content":{"rendered":"<ol>\n<li><a href=\"https:\/\/news.google.com\/rss\/articles\/CBMigAFBVV95cUxNZnY4QTdYOW5HUUs0YXB4VTE5ZDY4TDJfeFMwR0x4a2EzcElqODN0WnNaNHlXUFBtaHo0aEc1VFNaMFBpVTg5OFhJOWZXZkdXNTNXbjlrRHRFRDd6cmxKWlYtSktzQ1g0a3NjdEpqWXpwRkFhcmZJbWFFWlctckRPRNIBgAFBVV95cUxPQk9fWmVsYlNtVllqZEw2VXUyZkxscS1jcnJHQ3RYaHVHejgwVkd1ZEFnZXRuVUNvSExTNUhaMUVOT0gwU1AtYVdyOUVLTEpFNjJpY19BT2gtTXA2Wl9KazZjN1lmejVyM0FzUm1Delk5UmJaZDVpMExYLUVQODRhOA?oc=5\" target=\"_blank\" rel=\"nofollow noopener\">El \u00abs\u00ed, quiero\u00bb del hijo de Rafael del Pino y Victoria L\u00f3pez de la Serna<\/a>&nbsp;&nbsp;El Mundo<\/li>\n<li><a href=\"https:\/\/news.google.com\/rss\/articles\/CBMitAFBVV95cUxNMWdRYkVQcmwxdTktV2p3ekRUS3ZJa0wtR0xuNmVCclFPWHYyZU1TX21rNGstT05RdUVOc0lrYUZRVDRNUDIzLURIbHF5S1FBZVRhZ0sxa1Z2dFhEcVk3NnU2WGEzckdMOV9qVWNvMENjVWZKWHNZZnpSWXhCY2ltcERiMFB2azMxdGFVTDFKWkNQTVp6dm41MWRRYk0tMy1WQm1QbzdzcTZmTGlKa2NoY0xiNWrSAboBQVVfeXFMUEMtcVNWN0F4cnlZc1hMemNJYy10Ym9NaTQ2MHdHeFFYT202aUN4QjBqcDlCXzlFUldDNHRmY29oNTFTaEpvckRCbkF5cHdaeWdMX3BNV3FuazBhRVJ0ZGhRTTFkdWdEWE0zLU9nQkhQNWV0N1FIYllJNFdWOG00Y1laQWVVUjNUYi1mamZFeC1qUEFGU0tvbU5ZMUtJcGtpSnNhQTJ5Qk9jdFVvMnA3SlhiZDBQSThkTlV3?oc=5\" target=\"_blank\" rel=\"nofollow noopener\">La boda que reunir\u00e1 a los Del Pino (Ferrovial) este fin de semana en Manilva<\/a>&nbsp;&nbsp;Vanitatis<\/li>\n<li><a href=\"https:\/\/news.google.com\/rss\/articles\/CBMi3AFBVV95cUxNbTFnc2VuUWhaY2ZjZlBZZV8tSzVKM1gyYWs2Ri11STVjS1hFdjZfcFBQN1VpZU91UXRfNTByZHNZM0N2YXpFNF83alZxQXgySUxUdXhGaU1lcTh1bEw3ZldKN2Npc0JYaGl1V21tOUtLN0xyY1hTdlluOG50WkNTQUZtZk5JN1FnVXVNRDV1ZVl6eUJFZXJxTmpUbjUtdktrT2txVGQ4YkpjVTY5ZjhVNW5BdkxpUHVTSFc3MWYyTEpXY2R2aGpDanhrbUdBcVlJQVFyczg1eE9qS1pM?oc=5\" target=\"_blank\" rel=\"nofollow noopener\">La boda del hijo mayor del presidente de Ferrovial re\u00fane a la \u00e9lite empresarial espa\u00f1ola Por EFE<\/a>&nbsp;&nbsp;Investing.com Espa\u00f1ol<\/li>\n<li><a href=\"https:\/\/news.google.com\/rss\/articles\/CBMi6AFBVV95cUxOQTNsT2ZYN0VIbmVkaEdibWhoZ1FjRDNlby1pS2xtTHEtNFpYLXN2RzRERWNWSkwyVzN2bkJIQTJISUNnazBJbVNVYV9sMlY2djYwem9neDBsQTZPTDFzX0d5Y1d4eU91MFZKNWtZN2IyX3dzN2VEZ1AtQURMYWpPazY4WUV4SDJRbGx1OVdOcE9xS195d3hhNFlzdUdNVS1uazdfYXNsMjZyQkRhS1RSWG1xQU5CS3VTdGlfOUY1UWlKcG5QLVJDQlVkYnpZZE1GZURRY20xV1FEZlRCMXgtQ3lBXzVWeWhh0gHuAUFVX3lxTFBlQnJDcDloV1JmdkJLVUhNVEI1ck1FakpZc0xaa1Q3MzRYLWsxcFI0NXA2M3ZDeXdPYlBTOXBKMlVuMkptLTJWX1NCcXpUNjhzeUMxLTJpd0tFV2tPdlhmT05nQ2UyODFGVVRWcFNEdTJKNE9vckdIUzUzeWFUY1JwU0ZHVkYwOFNzM0QwQ0xUdmtRWkd6c3o2dlNVREVwbDhwWUItaVdKd1RIMWloSnBJVmtNYVRCdEN5U2VPRDZwQ2h3VWZkcXZCcnRGSmRDRHB2NzMwOFZ2V0NWclVnRWFTQXAwS09DN2R2NS14THc?oc=5\" target=\"_blank\" rel=\"nofollow noopener\">El hijo de Rafael del Pino, presidente de Ferrovial, se casa con Victoria L\u00f3pez de la Serna en Marbella: los detalles<\/a>&nbsp;&nbsp;El Espa\u00f1ol<\/li>\n<li><a href=\"https:\/\/news.google.com\/rss\/articles\/CBMikwFBVV95cUxOVGo4UVgxN25OUjRqb1hXMkRSTUtiRGN2QlVJWnhZeTdqWXp2WkJEN09qeGlRNEJmU1dfRnh2c3AyNnFHbV9JVkZkQW1sc3lxMElScVE0LXh4LUg1cWVUeUQwc1RodEowMXN3cFV4dXpMZlptNVgyN05RelJrSVBqdWluMXBNb3h2b3YzSElwZDVaRVU?oc=5\" target=\"_blank\" rel=\"nofollow noopener\">El hijo de Rafael del Pino se casa este s\u00e1bado: todos los detalles de su gran boda en la Costa del Sol<\/a>&nbsp;&nbsp;HOLA<\/li>\n<\/ol>\n","protected":false},"excerpt":{"rendered":"El \u00abs\u00ed, quiero\u00bb del hijo de Rafael del Pino y Victoria L\u00f3pez de la Serna&nbsp;&nbsp;El Mundo La boda&hellip;\n","protected":false},"author":2,"featured_media":157151,"comment_status":"","ping_status":"","sticky":false,"template":"","format":"standard","meta":{"footnotes":""},"categories":[91],"tags":[146,147,25,24,720,23],"class_list":{"0":"post-157150","1":"post","2":"type-post","3":"status-publish","4":"format-standard","5":"has-post-thumbnail","7":"category-entretenimiento","8":"tag-entertainment","9":"tag-entretenimiento","10":"tag-es","11":"tag-espana","12":"tag-loc-famosos","13":"tag-spain"},"share_on_mastodon":{"url":"","error":""},"_links":{"self":[{"href":"https:\/\/www.europesays.com\/es\/wp-json\/wp\/v2\/posts\/157150","targetHints":{"allow":["GET"]}}],"collection":[{"href":"https:\/\/www.europesays.com\/es\/wp-json\/wp\/v2\/posts"}],"about":[{"href":"https:\/\/www.europesays.com\/es\/wp-json\/wp\/v2\/types\/post"}],"author":[{"embeddable":true,"href":"https:\/\/www.europesays.com\/es\/wp-json\/wp\/v2\/users\/2"}],"replies":[{"embeddable":true,"href":"https:\/\/www.europesays.com\/es\/wp-json\/wp\/v2\/comments?post=157150"}],"version-history":[{"count":0,"href":"https:\/\/www.europesays.com\/es\/wp-json\/wp\/v2\/posts\/157150\/revisions"}],"wp:featuredmedia":[{"embeddable":true,"href":"https:\/\/www.europesays.com\/es\/wp-json\/wp\/v2\/media\/157151"}],"wp:attachment":[{"href":"https:\/\/www.europesays.com\/es\/wp-json\/wp\/v2\/media?parent=157150"}],"wp:term":[{"taxonomy":"category","embeddable":true,"href":"https:\/\/www.europesays.com\/es\/wp-json\/wp\/v2\/categories?post=157150"},{"taxonomy":"post_tag","embeddable":true,"href":"https:\/\/www.europesays.com\/es\/wp-json\/wp\/v2\/tags?post=157150"}],"curies":[{"name":"wp","href":"https:\/\/api.w.org\/{rel}","templated":true}]}}