{"id":157158,"date":"2025-10-04T22:21:07","date_gmt":"2025-10-04T22:21:07","guid":{"rendered":"https:\/\/www.europesays.com\/es\/157158\/"},"modified":"2025-10-04T22:21:07","modified_gmt":"2025-10-04T22:21:07","slug":"un-grupo-minoritario-de-manifestantes-ataca-locales-de-marcas-internacionales-en-barcelona-durante-la-manifestacion-por-palestina-cadena-ser","status":"publish","type":"post","link":"https:\/\/www.europesays.com\/es\/157158\/","title":{"rendered":"Un grupo minoritario de manifestantes ataca locales de marcas internacionales en Barcelona durante la manifestaci\u00f3n por Palestina | Cadena SER"},"content":{"rendered":"<p class=\"loc\">Madrid<\/p>\n<p>La segunda marcha de este s\u00e1bado <a href=\"https:\/\/cadenaser.com\/nacional\/2025\/10\/03\/miles-de-personas-vuelven-a-tomar-las-calles-de-barcelona-para-clamar-contra-el-genocidio-en-gaza-y-la-detencion-de-la-flotilla-cadena-ser\/\" target=\"_blank\" rel=\"nofollow noopener\" title=\"https:\/\/cadenaser.com\/nacional\/2025\/10\/03\/miles-de-personas-vuelven-a-tomar-las-calles-de-barcelona-para-clamar-contra-el-genocidio-en-gaza-y-la-detencion-de-la-flotilla-cadena-ser\/\">en Barcelona en apoyo a Gaza<\/a> ha comenzado sobre las 17 horas en el Arc de Triomf y un grupo de manifestantes ha atacado locales de alimentaci\u00f3n de marcas internacionales, como Starbucks, Carrefour, McDonalds y Burger King. Los Mossos d&#8217;Esquarda han cargado contra los manifestantes que se encontraban en la plaza de Catalunya, cerca al supermercado afectado, y m\u00e1s tarde, han vuelto all\u00ed a dispersas al resto de ciudadanos.<\/p>\n<p>M\u00e1s informaci\u00f3n<\/p>\n<p>Los establecimientos atacados se han visto afectados en su exterior, acabando con cristales y r\u00f3tulos rotos en el caso del Starbucks de la Via Laietana, botes de humo, baldosas del pavimento y vallas contra la fachada del Carrefour de la Rambla, y destrozos en el McDonalds y el Burger King.<\/p>\n<p>Sobre las 19:40 horas de la tarde de este s\u00e1bado, algunos efectivos antidisturbios de los Mossos d&#8217;Esquadra han hecho cargas policiales para dispersar a manifestantes en la plaza Catalunya, a pesar de que el grueso de ellos han sido pac\u00edficos. M\u00e1s tarde, sobre las 20:20 horas, furgonetas de los Mossos han vuelto a dar vueltas por la plaza Catalunya para dispersar al resto de ciudadanos movilizados tras tres horas desde el comienzo de la marcha. Adem\u00e1s, las autoridades han detenido a una persona.<\/p>\n<p>Este mediod\u00eda se ha producido la primera manifestaci\u00f3n en los Jardinets de Gr\u00e0cia que ha acabado con la tenci\u00f3n de una persona por romper los cristales de un establecimiento. En esta primera marcha se han contabilizado unas 70.000 personas, seg\u00fan el Ayuntamiento de Barcelona y 300.000, seg\u00fan los organizadores. Por otro lado, en la segunda marcha, unas 2.000 personas han recorrido las calles del centro de Barcelona, seg\u00fan apunta el Ayuntamiento.<\/p>\n","protected":false},"excerpt":{"rendered":"Madrid La segunda marcha de este s\u00e1bado en Barcelona en apoyo a Gaza ha comenzado sobre las 17&hellip;\n","protected":false},"author":2,"featured_media":157159,"comment_status":"","ping_status":"","sticky":false,"template":"","format":"standard","meta":{"footnotes":""},"categories":[8],"tags":[17,18,25,24,13,14,11,19,20,9,10,15,16,23,12,21,22],"class_list":{"0":"post-157158","1":"post","2":"type-post","3":"status-publish","4":"format-standard","5":"has-post-thumbnail","7":"category-espana","8":"tag-breaking-news","9":"tag-breakingnews","10":"tag-es","11":"tag-espana","12":"tag-featured-news","13":"tag-featurednews","14":"tag-headlines","15":"tag-latest-news","16":"tag-latestnews","17":"tag-news","18":"tag-noticias","19":"tag-noticias-destacadas","20":"tag-noticiasdestacadas","21":"tag-spain","22":"tag-titulares","23":"tag-ultimas-noticias","24":"tag-ultimasnoticias"},"share_on_mastodon":{"url":"","error":""},"_links":{"self":[{"href":"https:\/\/www.europesays.com\/es\/wp-json\/wp\/v2\/posts\/157158","targetHints":{"allow":["GET"]}}],"collection":[{"href":"https:\/\/www.europesays.com\/es\/wp-json\/wp\/v2\/posts"}],"about":[{"href":"https:\/\/www.europesays.com\/es\/wp-json\/wp\/v2\/types\/post"}],"author":[{"embeddable":true,"href":"https:\/\/www.europesays.com\/es\/wp-json\/wp\/v2\/users\/2"}],"replies":[{"embeddable":true,"href":"https:\/\/www.europesays.com\/es\/wp-json\/wp\/v2\/comments?post=157158"}],"version-history":[{"count":0,"href":"https:\/\/www.europesays.com\/es\/wp-json\/wp\/v2\/posts\/157158\/revisions"}],"wp:featuredmedia":[{"embeddable":true,"href":"https:\/\/www.europesays.com\/es\/wp-json\/wp\/v2\/media\/157159"}],"wp:attachment":[{"href":"https:\/\/www.europesays.com\/es\/wp-json\/wp\/v2\/media?parent=157158"}],"wp:term":[{"taxonomy":"category","embeddable":true,"href":"https:\/\/www.europesays.com\/es\/wp-json\/wp\/v2\/categories?post=157158"},{"taxonomy":"post_tag","embeddable":true,"href":"https:\/\/www.europesays.com\/es\/wp-json\/wp\/v2\/tags?post=157158"}],"curies":[{"name":"wp","href":"https:\/\/api.w.org\/{rel}","templated":true}]}}