{"id":157193,"date":"2025-10-04T22:55:28","date_gmt":"2025-10-04T22:55:28","guid":{"rendered":"https:\/\/www.europesays.com\/es\/157193\/"},"modified":"2025-10-04T22:55:28","modified_gmt":"2025-10-04T22:55:28","slug":"yeclano-deportivo-lorca-deportiva-yeclasport","status":"publish","type":"post","link":"https:\/\/www.europesays.com\/es\/157193\/","title":{"rendered":"Yeclano Deportivo &#8211; Lorca Deportiva \u2013 YeclaSport"},"content":{"rendered":"<p><strong>FINAL. No hay tiempo para m\u00e1s, en un raro partido, con alg\u00fan t\u00edmido pitido y un Yeclano desconcertante, que no ha sabido aprovechar la superioridad y que vio como al Lorca le quitaban un gol dudoso, por fuera de juego. Choque irregular y ambiente frio, para despedir un justo empate, en un derbi regional del que se esperaba m\u00e1s. 0-0.<\/strong><\/p>\n<p>90\u2032 Se ir\u00e1 el partido al 97.<\/p>\n<p>89\u2032 Centr\u00f3 Seijo, despej\u00f3 la defensa y el rechace lo empal\u00f3 Jaime, bastante desviado.<\/p>\n<p>87\u2032 Se vuelve loco el partido, con un Lorca en inferioridad y un Yeclano con dudas.<\/p>\n<p>82\u2019 Doble sustituci\u00f3n en el Yeclano, que intercambia a Jaime y \u00c1lvaro Cordero por Fadel y Nani. Tambi\u00e9n se marcha Naranjo, en las filas lorquinas, aplaudido por \u2018La Constituci\u00f3n\u2019.<\/p>\n<p>81\u2032 Disparo de libre directo de Fadel, arriba.<\/p>\n<p>79\u2032 Gran intervenci\u00f3n de Ernestas, a remate de Totti, manteniendo al Lorca con vida. 0-0.<\/p>\n<p>77\u2032 ROJAAAAAA para H\u00e9ctor, directa por falta a Babacar, que se marchaba en direcci\u00f3n a porteria.<\/p>\n<p>75\u2032 Doble disparo de Xabi, que vuelve a evitar el meta lorquino.<\/p>\n<p>74\u2032 BABACAR FEDIOR, se march\u00f3 s\u00f3lo u golpe\u00f3 con pie derecho, duro y abajo, donde apareci\u00f3 Ernestas evitando el tanto azulgrana.<\/p>\n<p>74\u2032 \u00a1UUUUUUUUYYYY!<\/p>\n<p>70\u2032 Llegan los primeros cambios en el Yeclano, entran Seijo y Totti, por Jorge y Puri.<\/p>\n<p>70\u2032 Falta mal defendida por el Yeclano Deportivo, que acaba en el fondo de las mallas, pero es anulado por fuera de juego.<\/p>\n<p>69\u2032 Amarilla para el banquillo del Yeclano, Iv\u00e1n Mart\u00ednez es amonestado por Pareja Nieto.<\/p>\n<p>67\u2032 Amarilla para Fadel. Tambien la ven Sergio y Melli, por encararse entre si.<\/p>\n<p>65\u2032 La tuvo Naranjo, para el Lorca, cuando Melli cedi\u00f3 atr\u00e1s para el portero, con menos fuerza de la necesario, dejando al exazulgrana en ventaja ante Ac\u00edn.<\/p>\n<p>62\u2032 Cambio en el Lorca, se va Soler, entra Gabriel.<\/p>\n<p>53\u2032 Respondi\u00f3 el Lorca Deportiva, con un remate a saque de esquina de H\u00e9ctor, a las manos de Ac\u00edn.<\/p>\n<p>52\u2032 De volea, recogi\u00f3 el defensor alicantino la bola en la frontal del \u00e1rea y con pierna izquierda, estrell\u00f3 el cuero en el arco de Ernestas. 0-0.<\/p>\n<p>52\u2032 \u00a1 A LA MADERAAAAAAA! Naniiii<\/p>\n<p>51\u2032 Roza el goool el Yeclano, ingres\u00f3 Borao un bal\u00f3n en el \u00e1rea, pero no pudo rematar Babacar.<\/p>\n<p>47\u2032 Avance de Carrasco, que estrella la bola en la defensa y gana el cuero Jorge Dom\u00ednguez, que tira desviado.<\/p>\n<p>46\u2032 Arranca el segundo tiempo, sin cambios en el Yeclano y con uno doble en el conjunto lorquino, Hector y Acevedo han entrado en los puestos de\u00a0Jaime y Tafalla.<\/p>\n<p><strong>DESCANSO. Con el lanzamiento de la falta, a las manos de Ernestas, se acaba el tiempo, en esta primera parte, donde se ha visto a un Lorca c\u00f3modo, esperando a las iniciativas del Yeclano, que m\u00e1s dubitativo en su proposiciones, tampoco consigui\u00f3 generar peligro, Empate a nada en \u2018La Constituci\u00f3n\u2019 y todo por decidir.<\/strong><\/p>\n<p>44\u2032 Amarilla para Morros, por una falta, que quiz\u00e1s no lo fue, sobre Xabi, que se erige en el jugador m\u00e1s peligroso del Yeclano. 0-0.<\/p>\n<p>43\u2032 Contin\u00faan las llegadas\u00a0 locales, Xabi Dominguez, se quedaba tan s\u00f3lo, que lo cerr\u00f3 la defensa visitante, quedando sin hueco para el disparo y no encontr\u00f3 centro.<\/p>\n<p>36\u2032 Aumenta el control del Yeclano y ahora se juega m\u00e1s tiempo en campo amarillo, pero con t\u00edmidos remates, como el de Fadel, a saque de falta de Carrasco.<\/p>\n<p>33\u2032 Cambi\u00f3 de bandas en ataque, Iv\u00e1n Mart\u00ednez, con Jorge por la izquierda y Xabi, a la derecha, provocando nuevos intentos del Yeclano, a priori sin oportunidades claras.<\/p>\n<p>27\u2032 Buena llegada de Jorge Dominguez, por derecha, que provoca un saque de esquina, sin consecuencias finales.<\/p>\n<p>25\u2032 Se muestra incomodo el Yeclano, ante la buena colocaci\u00f3n del los lorquinos, que lo intentan con Naranjo, desde lejos, pero sin oposici\u00f3n.<\/p>\n<p>20\u2032 No consigui\u00f3 filtrar, por el corte de la defensa, un pase de la muerte de Dom\u00ednguez a Babacar. Trata de deshacerse del controlo lorquino, el Yeclano. 0-0.<\/p>\n<p>16\u2032 Disparo desviado de Naranjo.<\/p>\n<p>13\u2032 Juego dividido en Yecla, ambos equipos tratan de adue\u00f1arse de las ocasiones.<\/p>\n<p>5\u2032 Se pase\u00f3 por el \u00e1rea un centro de Xabi.<\/p>\n<p>4\u2032 Primeros intentos de llegada del Yeclano, por parte derecha, buscando a Dominguez.<\/p>\n<p>0\u2019 \u00a1Comienza el duelo! Yeclano y Lorca ya est\u00e1n en juego en La Constituci\u00f3n.<\/p>\n<p>Los equipos ya pisan el c\u00e9sped de La Constituci\u00f3n. Suena el \u201cAbuelo\u201d y los aficionados reciben a los protagonistas del choque, con el ambiente que solo un derbi regional puede ofrecer.<\/p>\n<p>El partido estar\u00e1 dirigido por <strong>Enrique Pareja Nieto<\/strong>, de Linares, que sabe lo que es pitar al Yeclano, hace dos temporadas pit\u00f3 la victoria del azulgrana en Ciudad Real, frente al Manchego. Le acompa\u00f1an en las bandas <strong>Ra\u00fal Luj\u00e1n y Jose Miguel Aranda<\/strong> como jueces de l\u00ednea.<\/p>\n<p>Por su parte el t\u00e9cnico <strong>Sebas L\u00f3pez<\/strong>, que en su etapa como jugador visti\u00f3 la camiseta del Yeclano, dirige hoy al equipo, de la Ciudad del Sol, que cuenta con cinco exjugadores azulgranas en sus filas.<\/p>\n<p><img decoding=\"async\" src=\"https:\/\/www.europesays.com\/es\/wp-content\/uploads\/2025\/10\/G18UP6fWkAAlyH7\" alt=\"Imagen\"\/><\/p>\n<p><strong>Iv\u00e1n Mart\u00ednez<\/strong> ya tiene a sus 11 elegidos calentando sobre el c\u00e9sped de La Constituci\u00f3n. Estos ser\u00e1n los jugadores que saltan hoy con la camiseta azulgrana y los que aguarden en el banquillo.<\/p>\n<p><img decoding=\"async\" src=\"https:\/\/www.europesays.com\/es\/wp-content\/uploads\/2025\/10\/G18ZkgQWUAIJOoW\" alt=\"Imagen\"\/><\/p>\n<p>Yeclano y Lorca Deportiva, dos equipos de la Regi\u00f3n de Murcia, dos viejos conocidos, vuelven a encontrarse hoy en <strong>La Constituci\u00f3n<\/strong>.<\/p>\n<p>Y lo hacen <strong>4 a\u00f1os y 2 d\u00edas despu\u00e9s<\/strong> de la \u00faltima visita lorquina a Yecla, entonces en Tercera Divisi\u00f3n. Aquella tarde acab\u00f3 con un <strong>3-0 para los azulgranas<\/strong>, pero tambi\u00e9n qued\u00f3 marcada por la grave lesi\u00f3n de <strong>Riquelme<\/strong>, que todos recordamos.<\/p>\n<p data-start=\"183\" data-end=\"388\">Muy buenas tardes desde <strong data-start=\"210\" data-end=\"229\">La Constituci\u00f3n<\/strong>. Hoy el Yeclano Deportivo tiene una cita importante frente al Lorca Deportiva, y en <strong data-start=\"318\" data-end=\"332\">Yeclasport<\/strong> vamos a contarte todo lo que ocurra, minuto a minuto.<\/p>\n<p data-start=\"390\" data-end=\"623\">El ambiente empieza a crecer en la grada, con la afici\u00f3n azulgrana fiel a su cita, como cada domingo. El equipo de\u00a0Iv\u00e1n Mart\u00ednez quiere hacerse fuerte en casa y buscar tres puntos que pueden ser muy valiosos en la pelea de la temporada.<\/p>\n<p data-start=\"625\" data-end=\"799\">Aqu\u00ed encontrar\u00e1s cada detalle: ocasiones, goles, pol\u00e9micas\u2026 y tambi\u00e9n esas peque\u00f1as cosas que hacen especial un partido en Yecla. Ponte c\u00f3modo, que arranca nuestro directo.<\/p>\n","protected":false},"excerpt":{"rendered":"FINAL. No hay tiempo para m\u00e1s, en un raro partido, con alg\u00fan t\u00edmido pitido y un Yeclano desconcertante,&hellip;\n","protected":false},"author":2,"featured_media":157194,"comment_status":"","ping_status":"","sticky":false,"template":"","format":"standard","meta":{"footnotes":""},"categories":[268],"tags":[168,25,24,280,282,281,23,167],"class_list":{"0":"post-157193","1":"post","2":"type-post","3":"status-publish","4":"format-standard","5":"has-post-thumbnail","7":"category-futbol","8":"tag-deportes","9":"tag-es","10":"tag-espana","11":"tag-football","12":"tag-futbol","13":"tag-soccer","14":"tag-spain","15":"tag-sports"},"share_on_mastodon":{"url":"","error":""},"_links":{"self":[{"href":"https:\/\/www.europesays.com\/es\/wp-json\/wp\/v2\/posts\/157193","targetHints":{"allow":["GET"]}}],"collection":[{"href":"https:\/\/www.europesays.com\/es\/wp-json\/wp\/v2\/posts"}],"about":[{"href":"https:\/\/www.europesays.com\/es\/wp-json\/wp\/v2\/types\/post"}],"author":[{"embeddable":true,"href":"https:\/\/www.europesays.com\/es\/wp-json\/wp\/v2\/users\/2"}],"replies":[{"embeddable":true,"href":"https:\/\/www.europesays.com\/es\/wp-json\/wp\/v2\/comments?post=157193"}],"version-history":[{"count":0,"href":"https:\/\/www.europesays.com\/es\/wp-json\/wp\/v2\/posts\/157193\/revisions"}],"wp:featuredmedia":[{"embeddable":true,"href":"https:\/\/www.europesays.com\/es\/wp-json\/wp\/v2\/media\/157194"}],"wp:attachment":[{"href":"https:\/\/www.europesays.com\/es\/wp-json\/wp\/v2\/media?parent=157193"}],"wp:term":[{"taxonomy":"category","embeddable":true,"href":"https:\/\/www.europesays.com\/es\/wp-json\/wp\/v2\/categories?post=157193"},{"taxonomy":"post_tag","embeddable":true,"href":"https:\/\/www.europesays.com\/es\/wp-json\/wp\/v2\/tags?post=157193"}],"curies":[{"name":"wp","href":"https:\/\/api.w.org\/{rel}","templated":true}]}}