{"id":157195,"date":"2025-10-04T22:56:13","date_gmt":"2025-10-04T22:56:13","guid":{"rendered":"https:\/\/www.europesays.com\/es\/157195\/"},"modified":"2025-10-04T22:56:13","modified_gmt":"2025-10-04T22:56:13","slug":"es-uno-de-los-momentos-que-no-recuerdo-frecuentemente-pero-lo-tengo-muy-fresco","status":"publish","type":"post","link":"https:\/\/www.europesays.com\/es\/157195\/","title":{"rendered":"\u201cEs uno de los momentos que no recuerdo frecuentemente, pero lo tengo muy fresco\u201d"},"content":{"rendered":"<p data-gtm-element-container=\"modulo-texto-link\" class=\"paragraph\">El actor madrile\u00f1o Diego Mart\u00edn, de 51 a\u00f1os, record\u00f3 en el programa El Faro de Cadena SER c\u00f3mo vivi\u00f3 uno de los episodios m\u00e1s complicados de su vida: el fallecimiento de su t\u00edo.\u00a0<\/p>\n<p data-gtm-element-container=\"modulo-texto-link\" class=\"paragraph\">El int\u00e9rprete confes\u00f3 que, aunque no es un recuerdo que visite con frecuencia, mantiene muy presente la forma en que sucedieron los hechos y las im\u00e1genes que quedaron grabadas en su memoria. \u201cEs uno de los momentos que no recuerdo frecuentemente, pero lo tengo muy fresco\u201d, dijo.<\/p>\n<p>        Lee tambi\u00e9n<\/p>\n<p>    REDACCI\u00d3N<\/p>\n<p>             <img loading=\"lazy\" decoding=\"async\" data-full-src=\"https:\/\/www.lavanguardia.com\/uploads\/2025\/09\/27\/68d7babd7a44f.jpeg\" alt=\"FILE - Britain's Queen Camilla, left, and King Charles III, right, pose for a photo before a State Banquet at Windsor Castle, in Windsor, England, Sept. 17, 2025. (Phil Noble\/Pool Photo via AP, file)\" width=\"104\" height=\"108\" src=\"https:\/\/www.europesays.com\/es\/wp-content\/uploads\/2025\/10\/68d7babd7a44f.jpeg\" class=\"lazy\"\/><\/p>\n<p data-gtm-element-container=\"modulo-texto-link\" class=\"paragraph\">Diego\u00a0explic\u00f3 que se enter\u00f3 de la tr\u00e1gica noticia a trav\u00e9s de la televisi\u00f3n, en una \u00e9poca en la que no exist\u00edan las redes sociales y la informaci\u00f3n llegaba m\u00e1s lentamente.\u00a0<\/p>\n<p data-gtm-element-container=\"modulo-texto-link\" class=\"paragraph\">\u201cEmpezamos a tener rumores a lo largo de la ma\u00f1ana, telef\u00f3nicos y tal. Y recuerdo perfectamente encender la tele a las tres de la tarde y verlo en el telediario, mi t\u00edo Nacho en primer plano, fue terror\u00edfico\u201d, relat\u00f3 el actor.<\/p>\n<p data-gtm-element-container=\"modulo-texto-link\" class=\"paragraph\">El suceso ocurri\u00f3 en 1989, y desde entonces ha marcado su memoria de manera significativa. Adem\u00e1s,\u00a0comparti\u00f3 c\u00f3mo era como persona su t\u00edo, describi\u00e9ndolo como un hombre brillante y con una vida intensa.\u00a0Nacho Mart\u00edn fue jesuita y misionero en El Salvador desde muy joven, y adem\u00e1s destac\u00f3 en psicolog\u00eda y psicolog\u00eda pol\u00edtica.<\/p>\n<p>                <img loading=\"lazy\" decoding=\"async\" data-full-src=\"https:\/\/www.lavanguardia.com\/uploads\/2021\/06\/16\/60ca356995eac.jpeg\" alt=\"\u00c9LITE (L to R) CARLA D\u00cdAZ as ARI, DIEGO MARTIN as BENJAMIN, MARTINA CARIDDI as MENC\u00cdA, MANU R\u00cdOS as PATRICK in \u00c9LITE. Cr. NIETE\/NETFLIX \u00a9 2020\" width=\"449\" height=\"300\" src=\"https:\/\/www.europesays.com\/es\/wp-content\/uploads\/2025\/10\/60ca356995eac.jpeg\" class=\"lazy\"\/><\/p>\n<p class=\"caption-title \">Diego Mart\u00edn en &#8216;\u00c9lite&#8217;<\/p>\n<p>                    NIETE\/NETFLIX<\/p>\n<p>    Lee tambi\u00e9n<\/p>\n<p data-gtm-element-container=\"modulo-texto-link\" class=\"paragraph\">Diego record\u00f3 con cari\u00f1o las visitas de su t\u00edo a Espa\u00f1a, donde siempre jugaban a trucos de magia y lo llevaba \u201cvolando\u201d en juegos que quedaban grabados en la memoria familiar.<\/p>\n<p data-gtm-element-container=\"modulo-texto-link\" class=\"paragraph\">\u201cS\u00ed que recuerdo a mi padre, recuerdo a mi abuelo, muchas im\u00e1genes, y fue bastante complicado de digerir\u201d, concluy\u00f3 el int\u00e9rprete en el programa de Cadena Ser.<\/p>\n","protected":false},"excerpt":{"rendered":"El actor madrile\u00f1o Diego Mart\u00edn, de 51 a\u00f1os, record\u00f3 en el programa El Faro de Cadena SER c\u00f3mo&hellip;\n","protected":false},"author":2,"featured_media":157196,"comment_status":"","ping_status":"","sticky":false,"template":"","format":"standard","meta":{"footnotes":""},"categories":[174],"tags":[255,146,147,25,24,256,23],"class_list":{"0":"post-157195","1":"post","2":"type-post","3":"status-publish","4":"format-standard","5":"has-post-thumbnail","7":"category-famosos","8":"tag-celebrities","9":"tag-entertainment","10":"tag-entretenimiento","11":"tag-es","12":"tag-espana","13":"tag-famosos","14":"tag-spain"},"share_on_mastodon":{"url":"","error":""},"_links":{"self":[{"href":"https:\/\/www.europesays.com\/es\/wp-json\/wp\/v2\/posts\/157195","targetHints":{"allow":["GET"]}}],"collection":[{"href":"https:\/\/www.europesays.com\/es\/wp-json\/wp\/v2\/posts"}],"about":[{"href":"https:\/\/www.europesays.com\/es\/wp-json\/wp\/v2\/types\/post"}],"author":[{"embeddable":true,"href":"https:\/\/www.europesays.com\/es\/wp-json\/wp\/v2\/users\/2"}],"replies":[{"embeddable":true,"href":"https:\/\/www.europesays.com\/es\/wp-json\/wp\/v2\/comments?post=157195"}],"version-history":[{"count":0,"href":"https:\/\/www.europesays.com\/es\/wp-json\/wp\/v2\/posts\/157195\/revisions"}],"wp:featuredmedia":[{"embeddable":true,"href":"https:\/\/www.europesays.com\/es\/wp-json\/wp\/v2\/media\/157196"}],"wp:attachment":[{"href":"https:\/\/www.europesays.com\/es\/wp-json\/wp\/v2\/media?parent=157195"}],"wp:term":[{"taxonomy":"category","embeddable":true,"href":"https:\/\/www.europesays.com\/es\/wp-json\/wp\/v2\/categories?post=157195"},{"taxonomy":"post_tag","embeddable":true,"href":"https:\/\/www.europesays.com\/es\/wp-json\/wp\/v2\/tags?post=157195"}],"curies":[{"name":"wp","href":"https:\/\/api.w.org\/{rel}","templated":true}]}}