{"id":157211,"date":"2025-10-04T23:09:17","date_gmt":"2025-10-04T23:09:17","guid":{"rendered":"https:\/\/www.europesays.com\/es\/157211\/"},"modified":"2025-10-04T23:09:17","modified_gmt":"2025-10-04T23:09:17","slug":"portal-de-noticias-del-gobierno-de-canarias-170","status":"publish","type":"post","link":"https:\/\/www.europesays.com\/es\/157211\/","title":{"rendered":"Portal de Noticias del Gobierno de Canarias"},"content":{"rendered":"<p><strong>El acuerdo, firmado este s\u00e1bado dentro del programa de actos de ExpoDeca 2025, con una inversi\u00f3n de 7,3 millones de euros, garantiza la movilidad de miles de deportistas y consolida un modelo que ha gestionado m\u00e1s de 300.000 viajes<\/strong><\/p>\n<p>El consejero de Educaci\u00f3n, Formaci\u00f3n Profesional, Actividad F\u00edsica y Deportes del Gobierno de Canarias, Poli Su\u00e1rez, firm\u00f3 este s\u00e1bado la renovaci\u00f3n del protocolo de desplazamiento con las federaciones canarias de f\u00fatbol, baloncesto, balonmano, voleibol, nataci\u00f3n, pirag\u00fcismo y lucha canaria para la temporada 2025\/2026, con una inversi\u00f3n prevista de 7,3 millones de euros, en un acto celebrado dentro del programa de actividades de la feria ExpoDeca, que se desarrolla hasta el pr\u00f3ximo domingo en Santa Cruz de Tenerife.<\/p>\n<p>Los protocolos de desplazamiento, impulsados por el \u00e1rea de Deportes del Gobierno regional, que coordina \u00c1ngel Sabroso, han transformado la forma en que los clubes y federaciones gestionan sus viajes tanto dentro como fuera de las islas. Gracias a ellos, miles de deportistas, de forma individual o a trav\u00e9s de sus clubes, han podido competir sin asumir el adelanto de los costes de sus desplazamientos, lo que ha supuesto un paso decisivo hacia la igualdad de oportunidades y una gesti\u00f3n p\u00fablica m\u00e1s \u00e1gil y eficaz.<\/p>\n<p>Desde su puesta en marcha, el sistema ha permitido m\u00e1s de 300.000 viajes, gestionados a trav\u00e9s de 159 agencias de viaje. Para la nueva temporada, el departamento regional mantiene su apuesta por este modelo, que no solo impulsa la pr\u00e1ctica deportiva sino que tambi\u00e9n genera actividad econ\u00f3mica y empleo en el sector de servicios del archipi\u00e9lago.<\/p>\n<p><img decoding=\"async\" src=\"https:\/\/www.europesays.com\/es\/wp-content\/uploads\/2025\/10\/FOTO.-La-Consejeria-de-Deportes-renueva-el-protocolo-de-viajes-con-siete-federaciones-canarias-para-.jpeg\" alt=\"\" width=\"100%\" height=\"682\" class=\"aligncenter size-large wp-image-172133\"  \/><\/p>\n<p>El acto cont\u00f3 asimismo con la presencia del viceconsejero de la Actividad F\u00edsica y Deportes, \u00c1ngel Sabroso, y de la directora general de Deportes Aut\u00f3ctonos, Lorena Hern\u00e1ndez, junto con los presidentes y representantes de las federaciones firmantes: Juan Jos\u00e9 Arencibia y Alejandro Morales Mansito (interinsulares de f\u00fatbol de Las Palmas y Tenerife); Carlos Olano (baloncesto); Blas Parrilla (balonmano); Roberto Meli\u00e1n (voleibol); Rayco Padilla (nataci\u00f3n); Jos\u00e9 Mar\u00eda Garc\u00eda (pirag\u00fcismo) y D\u00e1maso Rodr\u00edguez (lucha canaria).<\/p>\n<p>Durante su intervenci\u00f3n, los dirigentes federativos destacaron la importancia del respaldo del Gobierno de Canarias y coincidieron en la necesidad de esta medida, que ofrece estabilidad y certidumbre a la planificaci\u00f3n deportiva, garantiza la continuidad de las competiciones y mejora la gesti\u00f3n de recursos de clubes y federaciones.<\/p>\n<p>Por su parte, el consejero Poli Su\u00e1rez agradeci\u00f3 \u201cel respaldo que hemos encontrado en las federaciones desde que iniciamos esta legislatura, lo que nos ha permitido seguir trabajando por el deporte de las islas\u201d, al tiempo que destac\u00f3 que \u201ccon estos protocolos, hemos conseguido que las ayudas sean m\u00e1s r\u00e1pidas, que los clubes no tengan que adelantar los gastos y que los deportistas se centren en lo verdaderamente importante: competir y crecer\u201d.<\/p>\n<p>\u201cCumplimos con el compromiso adquirido con el deporte canario: garantizar igualdad de oportunidades, optimizar los recursos p\u00fablicos y fortalecer las estructuras federativas\u201d, a\u00f1adi\u00f3 Su\u00e1rez, quien subray\u00f3 el trabajo coordinado del equipo de Deportes de la Consejer\u00eda y el compromiso de las federaciones firmantes \u201ccon el objetivo de seguir mejorando y ampliando este modelo para que el deporte canario siga creciendo\u201d.<\/p>\n<p>Con los resultados obtenidos en las dos \u00faltimas temporadas, el Gobierno de Canarias encara el curso 2025\/2026 con la voluntad de seguir negociando la incorporaci\u00f3n de nuevas federaciones al sistema y mejorar los mecanismos de gesti\u00f3n, con el objetivo de que cada euro p\u00fablico destinado al deporte revierta directamente en el bienestar y desarrollo del archipi\u00e9lago.<\/p>\n","protected":false},"excerpt":{"rendered":"El acuerdo, firmado este s\u00e1bado dentro del programa de actos de ExpoDeca 2025, con una inversi\u00f3n de 7,3&hellip;\n","protected":false},"author":2,"featured_media":157212,"comment_status":"","ping_status":"","sticky":false,"template":"","format":"standard","meta":{"footnotes":""},"categories":[5],"tags":[17,18,25,24,13,14,11,19,20,9,10,15,16,23,12,21,22],"class_list":{"0":"post-157211","1":"post","2":"type-post","3":"status-publish","4":"format-standard","5":"has-post-thumbnail","7":"category-titulares","8":"tag-breaking-news","9":"tag-breakingnews","10":"tag-es","11":"tag-espana","12":"tag-featured-news","13":"tag-featurednews","14":"tag-headlines","15":"tag-latest-news","16":"tag-latestnews","17":"tag-news","18":"tag-noticias","19":"tag-noticias-destacadas","20":"tag-noticiasdestacadas","21":"tag-spain","22":"tag-titulares","23":"tag-ultimas-noticias","24":"tag-ultimasnoticias"},"share_on_mastodon":{"url":"","error":""},"_links":{"self":[{"href":"https:\/\/www.europesays.com\/es\/wp-json\/wp\/v2\/posts\/157211","targetHints":{"allow":["GET"]}}],"collection":[{"href":"https:\/\/www.europesays.com\/es\/wp-json\/wp\/v2\/posts"}],"about":[{"href":"https:\/\/www.europesays.com\/es\/wp-json\/wp\/v2\/types\/post"}],"author":[{"embeddable":true,"href":"https:\/\/www.europesays.com\/es\/wp-json\/wp\/v2\/users\/2"}],"replies":[{"embeddable":true,"href":"https:\/\/www.europesays.com\/es\/wp-json\/wp\/v2\/comments?post=157211"}],"version-history":[{"count":0,"href":"https:\/\/www.europesays.com\/es\/wp-json\/wp\/v2\/posts\/157211\/revisions"}],"wp:featuredmedia":[{"embeddable":true,"href":"https:\/\/www.europesays.com\/es\/wp-json\/wp\/v2\/media\/157212"}],"wp:attachment":[{"href":"https:\/\/www.europesays.com\/es\/wp-json\/wp\/v2\/media?parent=157211"}],"wp:term":[{"taxonomy":"category","embeddable":true,"href":"https:\/\/www.europesays.com\/es\/wp-json\/wp\/v2\/categories?post=157211"},{"taxonomy":"post_tag","embeddable":true,"href":"https:\/\/www.europesays.com\/es\/wp-json\/wp\/v2\/tags?post=157211"}],"curies":[{"name":"wp","href":"https:\/\/api.w.org\/{rel}","templated":true}]}}