{"id":157213,"date":"2025-10-04T23:10:11","date_gmt":"2025-10-04T23:10:11","guid":{"rendered":"https:\/\/www.europesays.com\/es\/157213\/"},"modified":"2025-10-04T23:10:11","modified_gmt":"2025-10-04T23:10:11","slug":"vence-el-ars-e-iguala-la-salle-en-primera-nacional","status":"publish","type":"post","link":"https:\/\/www.europesays.com\/es\/157213\/","title":{"rendered":"Vence el ARS e iguala La Salle en Primera Nacional"},"content":{"rendered":"<p>\t\t\tLa cuarta fecha en el Grupo F de la Primera Nacional Masculina dej\u00f3 en la sesi\u00f3n del s\u00e1bado un triunfo y un empate para los representantes cordobeses. Venci\u00f3 el ARS Naranjas Palma del R\u00edo en su visita al One Eden Colegio San Francisco de As\u00eds Mijas (30-34), en tanto que firm\u00f3 tablas el Silbon Cordopl\u00e1s La Sale frente al Helvetia Montequinto (30-34). Este domingo, dif\u00edcil salida para el Ca<\/p>\n<p style=\"text-align:center\"> Para seguir leyendo suscr\u00edbete<\/p>\n<p style=\"text-align:center\"> \u00bfYa est\u00e1s suscrito? <a href=\"https:\/\/cordobadeporte.com\/iniciar-sesion\/\" style=\"color:#72b142;text-decoration:underline\" rel=\"nofollow noopener\" target=\"_blank\">Inicia sesi\u00f3n<\/a><\/p>\n<p>Opciones de suscripci\u00f3nMensual 2025<\/p>\n<p style=\"text-align:center\">3,25\u20ac<br \/>&#13;<br \/>\n3,95\u20ac<br \/>&#13;<br \/>\nAl mes<br \/>&#13;<br \/>\nPago recurrente<\/p>\n<p><strong>3,25 \u20ac cada 1 mes (peri\u00f3dica)<\/strong><\/p>\n<p>Cuatrimestral 2025<\/p>\n<p style=\"text-align:center\">12,25\u20ac<br \/>&#13;<br \/>\n12,95\u20ac<br \/>&#13;<br \/>\nCada 4 meses<br \/>&#13;<br \/>\nPago recurrente<\/p>\n<p><strong>12,25 \u20ac cada 4 meses (peri\u00f3dica)<\/strong><\/p>\n<p>Anual 2025<\/p>\n<p style=\"text-align:center\">31,99\u20ac<br \/>&#13;<br \/>\n34,95\u20ac<br \/>&#13;<br \/>\nAl a\u00f1o<br \/>&#13;<br \/>\nPago recurrente<\/p>\n<p><strong>31,99 \u20ac cada 1 a\u00f1o (peri\u00f3dica)<\/strong><\/p>\n<p style=\"text-align:center;font-size:0.8em;font-weight:400\">PROMOCI\u00d3N V\u00c1LIDA HASTA EL 1 DE ENERO DE 2026<\/p>\n<p><a href=\"http:\/\/ads.cordobadeporte.com\/www\/delivery\/ck.php?n=a67dc791&amp;cb=INSERT_RANDOM_NUMBER_HERE\" target=\"_blank\" rel=\"nofollow noopener\"><img decoding=\"async\" src=\"https:\/\/www.europesays.com\/es\/wp-content\/uploads\/2025\/10\/1759619410_772_avw\" border=\"0\" alt=\"\"\/><\/a><\/p>\n<p><a href=\"http:\/\/ads.cordobadeporte.com\/www\/delivery\/ck.php?n=ad1a0db8&amp;cb=INSERT_RANDOM_NUMBER_HERE\" target=\"_blank\" rel=\"nofollow noopener\"><img decoding=\"async\" src=\"https:\/\/www.europesays.com\/es\/wp-content\/uploads\/2025\/10\/1759619411_736_avw\" border=\"0\" alt=\"\"\/><\/a><\/p>\n","protected":false},"excerpt":{"rendered":"La cuarta fecha en el Grupo F de la Primera Nacional Masculina dej\u00f3 en la sesi\u00f3n del s\u00e1bado&hellip;\n","protected":false},"author":2,"featured_media":157214,"comment_status":"","ping_status":"","sticky":false,"template":"","format":"standard","meta":{"footnotes":""},"categories":[278],"tags":[11951,1413,376,4903,168,25,24,375,1132,5743,27850,5745,1417,23,167],"class_list":{"0":"post-157213","1":"post","2":"type-post","3":"status-publish","4":"format-standard","5":"has-post-thumbnail","7":"category-balonmano","8":"tag-algeciras","9":"tag-ars-palma-del-rio","10":"tag-balonmano","11":"tag-cordoba-de-balonmano","12":"tag-deportes","13":"tag-es","14":"tag-espana","15":"tag-handball","16":"tag-home8","17":"tag-la-salle","18":"tag-mijas","19":"tag-montequinto","20":"tag-primera-nacional","21":"tag-spain","22":"tag-sports"},"share_on_mastodon":{"url":"","error":""},"_links":{"self":[{"href":"https:\/\/www.europesays.com\/es\/wp-json\/wp\/v2\/posts\/157213","targetHints":{"allow":["GET"]}}],"collection":[{"href":"https:\/\/www.europesays.com\/es\/wp-json\/wp\/v2\/posts"}],"about":[{"href":"https:\/\/www.europesays.com\/es\/wp-json\/wp\/v2\/types\/post"}],"author":[{"embeddable":true,"href":"https:\/\/www.europesays.com\/es\/wp-json\/wp\/v2\/users\/2"}],"replies":[{"embeddable":true,"href":"https:\/\/www.europesays.com\/es\/wp-json\/wp\/v2\/comments?post=157213"}],"version-history":[{"count":0,"href":"https:\/\/www.europesays.com\/es\/wp-json\/wp\/v2\/posts\/157213\/revisions"}],"wp:featuredmedia":[{"embeddable":true,"href":"https:\/\/www.europesays.com\/es\/wp-json\/wp\/v2\/media\/157214"}],"wp:attachment":[{"href":"https:\/\/www.europesays.com\/es\/wp-json\/wp\/v2\/media?parent=157213"}],"wp:term":[{"taxonomy":"category","embeddable":true,"href":"https:\/\/www.europesays.com\/es\/wp-json\/wp\/v2\/categories?post=157213"},{"taxonomy":"post_tag","embeddable":true,"href":"https:\/\/www.europesays.com\/es\/wp-json\/wp\/v2\/tags?post=157213"}],"curies":[{"name":"wp","href":"https:\/\/api.w.org\/{rel}","templated":true}]}}