{"id":157215,"date":"2025-10-04T23:11:05","date_gmt":"2025-10-04T23:11:05","guid":{"rendered":"https:\/\/www.europesays.com\/es\/157215\/"},"modified":"2025-10-04T23:11:05","modified_gmt":"2025-10-04T23:11:05","slug":"estar-en-la-final-de-camino-hacias-las-ventas-es-el-fruto-sembrando-de-la-dura-preparacion-del-invierno","status":"publish","type":"post","link":"https:\/\/www.europesays.com\/es\/157215\/","title":{"rendered":"\u00abestar en la Final de Camino hacias Las Ventas es el fruto sembrando de la dura preparaci\u00f3n del invierno"},"content":{"rendered":"<p><strong>Pedro G\u00f3mez, novillero madrile\u00f1o que a sus 22 a\u00f1os suena como uno de los nombres importantes dentro del escalaf\u00f3n de los novilleros sin picadores.<\/strong><\/p>\n<p>\u00a0<\/p>\n<p><strong>Desdelcallejon.com<\/strong>\u00a0 ha charlado con el joven novillero y ha querido conocer un poco m\u00e1s a fondo al torero en su d\u00eda a d\u00eda, el paso por la Escuela Taurina de Galapagar, as\u00ed como los diferentes cert\u00e1menes en los que ha sido part\u00edcipe.<\/p>\n<p>\u00a0<\/p>\n<p><strong>\u00bfC\u00f3mo te iniciaste en el mundo del toro, c\u00f3mo fueron tus inicios?<\/strong><\/p>\n<p>No vengo de una familia de tradici\u00f3n taurina, si es verdad que mi abuelo, de joven, trabaj\u00f3 en la plaza de toros de Vista Alegre.<\/p>\n<p>A partir de ah\u00ed, comienzo a ir a los festejos, ver alguna corrida que televisaban, y desde el primer momento que lo vi quise ser tolero.<\/p>\n<p>Con 13 a\u00f1os consigo que mis padres me apunten a la Escuela Taurina Jos\u00e9 Cubero \u00abYiyo\u00bb de Madrid en la que permanezco 7 a\u00f1os hasta que el a\u00f1o pasado cambi\u00e9 a la <strong>Escuela Taurina de Galapagar<\/strong>.<\/p>\n<p><img data-lazyloaded=\"1\" loading=\"lazy\" decoding=\"async\" class=\"alignnone size-full wp-image-241186\" src=\"https:\/\/www.europesays.com\/es\/wp-content\/uploads\/2025\/10\/WhatsApp-Image-2025-10-02-at-12.39.26-2.jpeg\" alt=\"WhatsApp Image 2025 10 02 at 12.39.26 2\" width=\"2048\" height=\"1366\"  data-\/><\/p>\n<p>\u00a0<\/p>\n<p><strong>\u00bfC\u00f3mo ha sido el paso por cert\u00e1menes como \u00abLa Vid de Plata\u00bb de Arganda del Rey, y sobre todo c\u00f3mo fue el camino hasta llegar a la Final de \u00abCamino hacia Las Ventas\u00bb?<\/strong><\/p>\n<p>Comenc\u00e9 el a\u00f1o en la <strong>Vid de Plata<\/strong> de <strong>Arganda del Rey<\/strong> en un buen tentadero de <strong>Concha y Sierra, fue la primera fase<\/strong>, donde tore\u00e9 una becerra que no tuvo mucha fuerza, pero s\u00ed que tuvo mucha nobleza, me permiti\u00f3 meterme dentro de los pitones y eso me hizo pasar a la siguiente fase. Ya en la semifinal, con un buen novillo de <strong>Ignacio L\u00f3pez<\/strong>, del hermano de El Juli donde creo personalmente que si lo llego a matar bien hubiera pasado a la Final de <strong>La Vid de Plata.<\/strong><\/p>\n<p>En el <strong>Camino hacia Las Ventas, Alalpardo<\/strong> fue una de las novedades del certamen, junto con <strong>Galapagar,<\/strong> donde en ambos consegu\u00ed esa puntuaci\u00f3n clasificatoria para estar en la final. Festejos que prepar\u00e9 intensamente durante el invierno con unos entrenamientos muy duros junto a los Maestros <strong>Sebasti\u00e1n Ritter<\/strong> y <strong>David Bl\u00e1zquez<\/strong>, desde el primer momento que decidieron confiar en m\u00ed para estar en el certamen.<\/p>\n<p><img data-lazyloaded=\"1\" loading=\"lazy\" decoding=\"async\" class=\"alignnone size-full wp-image-241184\" src=\"https:\/\/www.europesays.com\/es\/wp-content\/uploads\/2025\/10\/WhatsApp-Image-2025-10-02-at-12.39.25.jpeg\" alt=\"WhatsApp Image 2025 10 02 at 12.39.25\" width=\"1464\" height=\"2048\"  data-\/><\/p>\n<p><img data-lazyloaded=\"1\" loading=\"lazy\" decoding=\"async\" class=\"alignnone size-full wp-image-241188\" src=\"https:\/\/www.europesays.com\/es\/wp-content\/uploads\/2025\/10\/WhatsApp-Image-2025-10-02-at-12.39.26.jpeg\" alt=\"WhatsApp Image 2025 10 02 at 12.39.26\" width=\"1080\" height=\"606\"\/><\/p>\n<p>Las tardes, tanto de <strong>Galapagar <\/strong>como la de <strong>Alalpardo<\/strong>, considero que fueron la recogida de los frutos que fuimos sembrando durante toda la dura preparaci\u00f3n del invierno. En Galapagar tuve la suerte de contar con dos novillos de <strong>Flor de Jara<\/strong> en los que cada uno, a su manera, tuvieron opciones. Uno m\u00e1s complicado, con el que pude mostrar una faceta m\u00e1s de ganas, de ambici\u00f3n, y otro con el que pude torear m\u00e1s a gusto y mostrar mi toreo.<\/p>\n<p>Aparte de pasar otros cert\u00e1menes como \u00ab<strong>Certamen del Sureste de Madrid\u00bb en Tielmes, Semifinal del Bols\u00edn \u00abVilla de Candeleda\u00bb,\u00a0 <\/strong>me quedo principalmente con esos.<\/p>\n<p>\u00a0<\/p>\n<p><strong>\u00bfC\u00f3mo es el d\u00eda a d\u00eda en la Escuela de Galapagar?<\/strong><br \/>Somos unos 20 alumnos. Yo entreno por las ma\u00f1anas con el maestro y luego por la tarde con mis compa\u00f1eros. Desde que puso esa fe en m\u00ed, decidimos trabajar a tiempo completo ma\u00f1ana y tarde.<\/p>\n<p>Hacemos f\u00edsico, correr, circuitos que nos preparan y luego torero de sal\u00f3n donde se corrigen fallos y pulimos detalles.<\/p>\n<p>Los d\u00edas que se pueden, salimos al campo y podemos ponernos a prueba delante de los animales.<\/p>\n<p><img data-lazyloaded=\"1\" loading=\"lazy\" decoding=\"async\" class=\"alignnone size-full wp-image-241187\" src=\"https:\/\/www.europesays.com\/es\/wp-content\/uploads\/2025\/10\/WhatsApp-Image-2025-10-02-at-12.39.26-3.jpeg\" alt=\"WhatsApp Image 2025 10 02 at 12.39.26 3\" width=\"2048\" height=\"1486\"  data-\/><\/p>\n<p>\u00a0<\/p>\n<p><strong>\u00bfCon qu\u00e9 torero te identificas m\u00e1s?<\/strong><br \/>Me gusta recoger detalles de todos los toreros. De todos tienen de qu\u00e9 aprender. Como referentes pondr\u00eda a El Juli y a Jos\u00e9 Tom\u00e1s.<\/p>\n<p><strong>\u00bfUna alternativa so\u00f1ada?<\/strong><br \/>Con esa esos mismos toreros ser\u00eda so\u00f1ada, o con cualquier figura del torero, la verdad.<\/p>\n<p>\u00a0<\/p>\n<p>\u00a0<\/p>\n<p><strong>FOTOS:<\/strong> Lu\u00eds Miguel Sierra, Sandra Saugar<\/p>\n","protected":false},"excerpt":{"rendered":"Pedro G\u00f3mez, novillero madrile\u00f1o que a sus 22 a\u00f1os suena como uno de los nombres importantes dentro del&hellip;\n","protected":false},"author":2,"featured_media":157216,"comment_status":"","ping_status":"","sticky":false,"template":"","format":"standard","meta":{"footnotes":""},"categories":[277],"tags":[373,168,25,24,23,167,374],"class_list":{"0":"post-157215","1":"post","2":"type-post","3":"status-publish","4":"format-standard","5":"has-post-thumbnail","7":"category-toreo","8":"tag-bullfighting","9":"tag-deportes","10":"tag-es","11":"tag-espana","12":"tag-spain","13":"tag-sports","14":"tag-toreo"},"share_on_mastodon":{"url":"","error":""},"_links":{"self":[{"href":"https:\/\/www.europesays.com\/es\/wp-json\/wp\/v2\/posts\/157215","targetHints":{"allow":["GET"]}}],"collection":[{"href":"https:\/\/www.europesays.com\/es\/wp-json\/wp\/v2\/posts"}],"about":[{"href":"https:\/\/www.europesays.com\/es\/wp-json\/wp\/v2\/types\/post"}],"author":[{"embeddable":true,"href":"https:\/\/www.europesays.com\/es\/wp-json\/wp\/v2\/users\/2"}],"replies":[{"embeddable":true,"href":"https:\/\/www.europesays.com\/es\/wp-json\/wp\/v2\/comments?post=157215"}],"version-history":[{"count":0,"href":"https:\/\/www.europesays.com\/es\/wp-json\/wp\/v2\/posts\/157215\/revisions"}],"wp:featuredmedia":[{"embeddable":true,"href":"https:\/\/www.europesays.com\/es\/wp-json\/wp\/v2\/media\/157216"}],"wp:attachment":[{"href":"https:\/\/www.europesays.com\/es\/wp-json\/wp\/v2\/media?parent=157215"}],"wp:term":[{"taxonomy":"category","embeddable":true,"href":"https:\/\/www.europesays.com\/es\/wp-json\/wp\/v2\/categories?post=157215"},{"taxonomy":"post_tag","embeddable":true,"href":"https:\/\/www.europesays.com\/es\/wp-json\/wp\/v2\/tags?post=157215"}],"curies":[{"name":"wp","href":"https:\/\/api.w.org\/{rel}","templated":true}]}}