{"id":157217,"date":"2025-10-04T23:18:28","date_gmt":"2025-10-04T23:18:28","guid":{"rendered":"https:\/\/www.europesays.com\/es\/157217\/"},"modified":"2025-10-04T23:18:28","modified_gmt":"2025-10-04T23:18:28","slug":"epica-remontada-del-arsenal-as-com","status":"publish","type":"post","link":"https:\/\/www.europesays.com\/es\/157217\/","title":{"rendered":"\u00c9pica remontada del Arsenal &#8211; AS.com"},"content":{"rendered":"<p class=\"\">Un partido del que acordarse m\u00e1s adelante en la temporada. Un choque que llena al <b>Arsenal<\/b> de confianza, que conquist\u00f3 una plaza tan complicada como la de <b>St James\u2019 Park<\/b> para ponerse segundos a dos puntos del<b> Liverpool<\/b>. Con dos goles a \u00faltima hora. <b>Merino y Gabriel<\/b> ganaron el duelo en sendos saques de esquina. <b>Arteta<\/b> y las jugadas a bal\u00f3n parado. Un triunfo tan revitalizante para los gunners como desmoralizador para el <b>Newcastle<\/b>. Se les escaparon los puntos pese a la batalla que presentaron.<\/p>\n<p class=\"\">Fren\u00e9tico desde el inicio. Con un ritmo trepidante y con carreras hacia una y otra porter\u00eda. La primera lleg\u00f3 en el quinto minuto, cuando <b>Timber<\/b> colg\u00f3 un bal\u00f3n desde la derecha que <b>Eze<\/b> baj\u00f3 en el \u00e1rea antes de sacar un disparo que oblig\u00f3 a <b>Pope<\/b> a lanzarse abajo.<\/p>\n<p class=\"\">Ocho minutos m\u00e1s tarde, el meta sali\u00f3 ante la llegada de <b>Gy\u00f6keres<\/b>, que anticip\u00f3 un pase atr\u00e1s de <b>Murphy<\/b> y se plant\u00f3 frente a la porter\u00eda del <b>Newcastle<\/b>. Sorte\u00f3 a <b>Pope<\/b>, en primera instancia, y luego cay\u00f3 en el \u00e1rea. Penalti. <b>El VAR tuvo que corregir la decisi\u00f3n inicial<\/b>, pues el guardameta hab\u00eda conectado con el esf\u00e9rico antes de hacerlo con el delantero.<\/p>\n<p class=\"\">Enrabietado, el Arsenal sigui\u00f3 adelante. Creciendo progresivamente, aunque siempre bajo amenaza local. En el minuto 25, <b>Trossard<\/b> dispar\u00f3 al palo desde el interior del \u00e1rea, y acto seguido <b>Raya<\/b> tuvo que intervenir para que <b>Gordon<\/b> no marcase en la otra porter\u00eda.<\/p>\n<p class=\"\">Mord\u00eda el <b>Newcastle<\/b>. Replegado. <b>Woltemade<\/b> sali\u00f3 a encimar a <b>Mosquera<\/b>, junto a la meta del <b>Arsenal<\/b>, superada la media hora. El central espa\u00f1ol no acert\u00f3 a pasar el esf\u00e9rico a <b>Raya<\/b>, y lo mand\u00f3 directamente a c\u00f3rner. <b>Tonali<\/b> lo recibi\u00f3 en corto y puso un bal\u00f3n al coraz\u00f3n del \u00e1rea para que Woltemade abriese la lata con un cabezazo inapelable.<\/p>\n<p class=\"\">Luego dio al larguero en la primera acci\u00f3n de la reanudaci\u00f3n, aunque la acci\u00f3n qued\u00f3 anulada por fuera de juego. Despert\u00f3 entonces el Arsenal, y se lanz\u00f3 al ataque. Sobre la hora de juego, y tras una buena combinaci\u00f3n en la frontal rival, <b>Zubimendi<\/b> colg\u00f3 la pelota con el exterior y <b>Timber<\/b> cabece\u00f3 desde cerca, pero <b>Pope<\/b> estuvo atento para desbaratar la ocasi\u00f3n. <\/p>\n<p>Merino y Gabriel<\/p>\n<p class=\"\">Con el <b>Arsenal<\/b> empujando y el <b>Newcastle<\/b> tratando de rebajar el ritmo, el encuentro entr\u00f3 en una fase de juego intermitente. Con parones. Como el que se produjo por la lesi\u00f3n de <b>Livramento<\/b>, que se march\u00f3 en camilla en el minuto 76. <b>Howe<\/b> quit\u00f3 a sus tres delanteros y puso cinco defensas atr\u00e1s, y la insistencia del Arsenal aument\u00f3. Hasta que en el minuto 84, <b>Rice<\/b> sac\u00f3 un c\u00f3rner en corto y luego centr\u00f3 desde el v\u00e9rtice del \u00e1rea. <b>Merino<\/b> se cruz\u00f3 para cabecear hacia atr\u00e1s, al palo y a la red, con <b>Pope<\/b> vendido.<\/p>\n<p class=\"\">Dos minutos m\u00e1s tarde, la hinchada local reclam\u00f3 penalti despu\u00e9s de que el brazo de <b>Gabriel<\/b> cortase un centro de <b>Elanga<\/b>. Lo consider\u00f3 el VAR, pero lo estim\u00f3 al comprobar que el bal\u00f3n hab\u00eda rebotado en su bota. Se encendi\u00f3 <b>St James\u2019 Park<\/b>, se prendi\u00f3 el partido, que tuvo hasta ocho minutos de a\u00f1adido. En el s\u00e9ptimo. En el \u00faltimo, Gabriel se elev\u00f3 en el en\u00e9simo c\u00f3rner para <b>concretar la remontada<\/b> y la victoria de un Arsenal que se pone dos puntos por detr\u00e1s del <b>Liverpool<\/b>.<\/p>\n<p>Noticias relacionadas<a href=\"https:\/\/as.com\/futbol\/internacional\/billy-vigar-canterano-del-arsenal-fallece-tras-un-golpe-en-un-partido-n\/\" class=\"s_m_w\" title=\"\u201cSufri\u00f3 una grave lesi\u00f3n cerebral, fue puesto en coma inducido y necesit\u00f3 una operaci\u00f3n, pero la lesi\u00f3n result\u00f3 ser demasiado grave\u201d, ha confirmado el Chichester City, su \u00faltimo club.\" data-tb-link=\"\" rel=\"nofollow noopener\" target=\"_blank\"><img decoding=\"async\" src=\"https:\/\/www.europesays.com\/es\/wp-content\/uploads\/2025\/10\/UPHUTLM4ZJH3TOZSZZAZHSB2ZU.jpg\" alt=\"Billy Vigar, canterano del Arsenal, fallece tras un golpe en un partido\" class=\"\" height=\"1\" width=\"1\"   loading=\"lazy\" data-tb-thumbnail=\"\"\/><\/a><a href=\"https:\/\/as.com\/futbol\/internacional\/un-arsenal-de-10-n\/\" class=\"s_m_w\" title=\"Eze marc\u00f3 su primer gol como \u2018gunner\u2019, Kepa se estren\u00f3 con porter\u00eda a cero y Mikel Arteta dio minutos al quincea\u00f1ero Max Dowman antes de que Trossard sentenciara la eliminatoria copera.\" data-tb-link=\"\" rel=\"nofollow noopener\" target=\"_blank\"><img decoding=\"async\" src=\"https:\/\/www.europesays.com\/es\/wp-content\/uploads\/2025\/10\/72HUK3L7QBCB3NYQDJRT3KRAZQ.JPG\" alt=\"Un Arsenal de \u201810\u2032\" class=\"\" height=\"1\" width=\"1\"   loading=\"lazy\" data-tb-thumbnail=\"\"\/><\/a><\/p>\n<p class=\"\"><b>\u00a1Tus opiniones importan!<\/b> Comenta en los art\u00edculos y suscr\u00edbete gratis a nuestra <a href=\"https:\/\/asfan.as.com\/newsletters\/\" target=\"_blank\" rel=\"nofollow noopener\" title=\"https:\/\/asfan.as.com\/newsletters\/\">newsletter<\/a> y a las alertas informativas en la <a href=\"https:\/\/as.com\/aplicacion-de-as-n\/\" target=\"_blank\" rel=\"nofollow noopener\" title=\"https:\/\/as.com\/aplicacion-de-as-n\/\">App<\/a> o el canal de <a href=\"https:\/\/www.whatsapp.com\/channel\/0029VaAasdA7j6g745nz9M10\" target=\"_blank\" rel=\"nofollow noopener\" title=\"https:\/\/www.whatsapp.com\/channel\/0029VaAasdA7j6g745nz9M10\">WhatsApp<\/a>.<\/p>\n<p class=\"\">\u00bfBuscas licenciar contenido? Haz clic <a href=\"https:\/\/profesional.elpais.com\/soluciones-sindicacion?utm_medium=interno&amp;utm_source=crosslinking&amp;utm_campaign=sindicacion_as_pie_articulos\" target=\"_blank\" rel=\"nofollow noopener\" title=\"https:\/\/profesional.elpais.com\/soluciones-sindicacion?utm_medium=interno&amp;utm_source=crosslinking&amp;utm_campaign=sindicacion_as_pie_articulos\">aqu\u00ed<\/a><\/p>\n<p class=\"stat-tl ev-fw-tl\"><strong>Cambios<\/strong><\/p>\n<p class=\"ev-text-aux\">\n                            <strong>William Saliba<\/strong> (45&#8242;, Cristhian Mosquera),                             <strong>Anthony Elanga<\/strong> (65&#8242;, Jacob Murphy),                             <strong>Kieran Trippier<\/strong> (66&#8242;, Anthony Gordon),                             <strong>William Osula<\/strong> (66&#8242;, Nick Woltemade),                             <strong>Mikel Merino<\/strong> (69&#8242;, Riccardo Calafiori),                             <strong>Gabriel Martinelli<\/strong> (69&#8242;, Bukayo Saka),                             <strong>Jamaal Lascelles<\/strong> (76&#8242;, Tino Livramento),                             <strong>Martin \u00d8degaard<\/strong> (81&#8242;, Mart\u00edn Zubimendi),                             <strong>Myles Lewis-Skelly<\/strong> (87&#8242;, Leandro Trossard),                             <strong>Harvey Barnes<\/strong> (93&#8242;, Joelinton)                        <\/p>\n<p class=\"stat-tl ev-fw-tl\"><strong>Goles<\/strong><\/p>\n<p class=\"ev-text-aux\">\n                                                                                                        1-0, 33&#8242;: <strong>Nick Woltemade<\/strong>,                                                                                 1-1, 83&#8242;: <strong>Merino<\/strong>,                                                                                 1-2, 95&#8242;: <strong>Gabriel<\/strong>                        <\/p>\n<p class=\"stat-tl ev-fw-tl\"><strong>Tarjetas<\/strong><\/p>\n<p class=\"ev-text-aux\">\n                Arbitro: Jarred Gillett<br \/>Arbitro VAR: Darren England, Steven Meredith<br \/><strong>Riccardo Calafiori<\/strong> (55&#8242;,Amarilla),                                     <strong>Joelinton<\/strong> (82&#8242;,Amarilla),                                     <strong>Dan Burn<\/strong> (87&#8242;,Amarilla)                            <\/p>\n","protected":false},"excerpt":{"rendered":"Un partido del que acordarse m\u00e1s adelante en la temporada. Un choque que llena al Arsenal de confianza,&hellip;\n","protected":false},"author":2,"featured_media":157218,"comment_status":"","ping_status":"","sticky":false,"template":"","format":"standard","meta":{"footnotes":""},"categories":[268],"tags":[168,25,24,280,282,281,23,167],"class_list":{"0":"post-157217","1":"post","2":"type-post","3":"status-publish","4":"format-standard","5":"has-post-thumbnail","7":"category-futbol","8":"tag-deportes","9":"tag-es","10":"tag-espana","11":"tag-football","12":"tag-futbol","13":"tag-soccer","14":"tag-spain","15":"tag-sports"},"share_on_mastodon":{"url":"","error":""},"_links":{"self":[{"href":"https:\/\/www.europesays.com\/es\/wp-json\/wp\/v2\/posts\/157217","targetHints":{"allow":["GET"]}}],"collection":[{"href":"https:\/\/www.europesays.com\/es\/wp-json\/wp\/v2\/posts"}],"about":[{"href":"https:\/\/www.europesays.com\/es\/wp-json\/wp\/v2\/types\/post"}],"author":[{"embeddable":true,"href":"https:\/\/www.europesays.com\/es\/wp-json\/wp\/v2\/users\/2"}],"replies":[{"embeddable":true,"href":"https:\/\/www.europesays.com\/es\/wp-json\/wp\/v2\/comments?post=157217"}],"version-history":[{"count":0,"href":"https:\/\/www.europesays.com\/es\/wp-json\/wp\/v2\/posts\/157217\/revisions"}],"wp:featuredmedia":[{"embeddable":true,"href":"https:\/\/www.europesays.com\/es\/wp-json\/wp\/v2\/media\/157218"}],"wp:attachment":[{"href":"https:\/\/www.europesays.com\/es\/wp-json\/wp\/v2\/media?parent=157217"}],"wp:term":[{"taxonomy":"category","embeddable":true,"href":"https:\/\/www.europesays.com\/es\/wp-json\/wp\/v2\/categories?post=157217"},{"taxonomy":"post_tag","embeddable":true,"href":"https:\/\/www.europesays.com\/es\/wp-json\/wp\/v2\/tags?post=157217"}],"curies":[{"name":"wp","href":"https:\/\/api.w.org\/{rel}","templated":true}]}}