{"id":157220,"date":"2025-10-04T23:21:07","date_gmt":"2025-10-04T23:21:07","guid":{"rendered":"https:\/\/www.europesays.com\/es\/157220\/"},"modified":"2025-10-04T23:21:07","modified_gmt":"2025-10-04T23:21:07","slug":"luz-gabas-un-ministro-de-cultura-deberia-priorizar-la-libertad-de-creacion-frente-a-su-propia-ideologia-el-mundo","status":"publish","type":"post","link":"https:\/\/www.europesays.com\/es\/157220\/","title":{"rendered":"Luz Gab\u00e1s: &quot;Un ministro de Cultura deber\u00eda priorizar la libertad de creaci\u00f3n frente a su propia ideolog\u00eda&quot; &#8211; El Mundo"},"content":{"rendered":"<ol>\n<li><a href=\"https:\/\/news.google.com\/rss\/articles\/CBMif0FVX3lxTE9Ec3BxanBNXzNEMzJDRXIxUmh0RlFJVzMyZGpXWDFHSzF4aXp1dFgzR3VvdUpkVmItZnRUSXoxTjg2N25BYWtzTnp6Z184dnQ4blV0QkZ5UzdLa2hJckFjRjRrSWptUk1CM1d3V0c5WHVTN0ZTb3I5VFFub3g5ZzTSAX9BVV95cUxPMkxramhPQmFKYi1XNkZydkYxVkZmd1o4M0hvaHFUaXVVWEdYQnRiVndCdUp0TkJUTkloUEc3eEdtblg3WUtCSXBKLW9HSE0yZlczYXROdFBhLThNUVhhalZyVzNmVEY3TUNtUjVCS0djYVlXZldqMHh0SzgzYmhn?oc=5\" target=\"_blank\" rel=\"nofollow noopener\">Luz Gab\u00e1s: \u00abUn ministro de Cultura deber\u00eda priorizar la libertad de creaci\u00f3n frente a su propia ideolog\u00eda\u00bb<\/a>&nbsp;&nbsp;El Mundo<\/li>\n<li><a href=\"https:\/\/news.google.com\/rss\/articles\/CBMiqAFBVV95cUxPaXJCbWx1V005bUpmT0FlZ1NIZVR5WjU5Mk9GRUZkQ2JXYUVMQV9PaExDck55WWJGdG5Yc2RNbUlOQmdqNlg0MVhxYWRzams1RWtkZ1Q5T1F3eUUtNFJOdWVmQ1lyaEMxeElhNFVvQzhkeUZHbEZTWjFTdExRRFNXVU9YU2piY1M0Mkp4amVBNmZNVWFEUE1rRDMtWEY3Vk14cXA2N3ZzMS3SAagBQVVfeXFMT1oxS0VvZF9BaFoyUHJPMmZzbE1pQk14cjVQb29PTDlIWTgwaTE0TWNldldJWVQzcXRYdUJ6SFN3TWhZXzVGLTJsWW5RcXZHSFJNREF0eGtzaEpTQVRjMEhIanQtUVJUZ0JtZE82UnlwQnVsZjl5VlVxTDl5b1hoRmg5Rnh2NkZwVktmRmJSRUJxY1NjaXhfb1NqcUNYWG9td1VBMUlJRkhS?oc=5\" target=\"_blank\" rel=\"nofollow noopener\">Luz Gab\u00e1s, escritora: \u00abEl hilo que conecta mis novelas me ha puesto el list\u00f3n muy alto\u00bb<\/a>&nbsp;&nbsp;El Peri\u00f3dico<\/li>\n<li><a href=\"https:\/\/news.google.com\/rss\/articles\/CBMitgFBVV95cUxNWl9RQUpENEluZUR3Tl9aT2lfY3l4RjhlcmR5VkRTY0ZsWGxIMmJBdk9mWlB2WWN4R2ZRSVpjLTJoYnFUQUljYk5wT1pxeHI2S2VkMWNxOUFqeExrNXBHU3lpak1QWFdQNm9TaWtONksyQzZDbXRkRzNJZjNFSzBVV1BVM0daeTNZV3pVWVE5ZWpIMXNjQ1hZODFfXzZ5WFdobTI4b3RVMDkzQm90T2xtTzlyWFJad9IBygFBVV95cUxOeHpLVWJRQW1PU295eWFCSlVKeld3dEg5TXpuZkxCQkdsR2R6Z0pEeVNMb0ZFRnRJaVJPa3Q4NnFlMkJzTVd1SXprSXFiLXJXaDh1YkpKRlBidVc4dXVFd1lPb2I4ZkNIUDVxQ2lIQXI4Q0ZKZURSZm5TdGZsa21hVmRsNXhCaTFJSWNJSkpxVXowTm1CNWpwLVJFUTVoV09WeU10M2lXRjZHN0dyWkk5bW01c3REWEV0NUMxQlQ0TDRnc1RLVHVueXBB?oc=5\" target=\"_blank\" rel=\"nofollow noopener\">Luz Gab\u00e1s vuelve a desatar la fiebre del oro<\/a>&nbsp;&nbsp;La Raz\u00f3n<\/li>\n<li><a href=\"https:\/\/news.google.com\/rss\/articles\/CBMiygFBVV95cUxON2hUNWV6NmRYZmxXeG85cU40dzE0Sk13YUVvMEp6dnMzMVlYeHFzMDEtOVI2OEwzZnVQUGVlbmJVRlJETzM3UEU1UXdYbS1ucl9EbjlOdXdxYnhfUlpiUFRCQjdtRUF6MHhwTmdqSmFNaU1YWkUyOVp5ejFVZ3VLSzFwb2JFSXJPYzY0ZzAwR3lNbWFRZ1cxU1FTb0s1aEh3ZWZtTlJKcG05aENCZ2E5bEJsN3UwYUlMWl9taTJSdVhweTlYZDhMXzVB0gHWAUFVX3lxTE1ZV2pIOUVFMlp4ODBzUkFWbzZPOTJxNVdjV0N4ZWpkLThtcUJGYjFEVVpmX016bzFaSjJnRVgxUTFfU0xtTEFoRVlaemw4dHRhek12Tm9DNGJ1VzFzUjlRd0J2MmoycVF0YWpOd2o0aHNnWU5rMzVYaVhHVGFnb0JORy1XVmI3ZWVKd3c0NFBUX2o1bmx4RmZZY3IxaEFHVjhydGhMTkdESElsQ2VOVEJCNV9XZUFDQkZBY0c4S1owUHMySW5PSmxuZW94dkwzOFRYZHBSX0E?oc=5\" target=\"_blank\" rel=\"nofollow noopener\">Luz Gab\u00e1s viaja a la California de 1849: \u00abHay m\u00e1s desesperaci\u00f3n ahora que durante la fiebre del oro\u00bb<\/a>&nbsp;&nbsp;Telecinco<\/li>\n<li><a href=\"https:\/\/news.google.com\/rss\/articles\/CBMiogFBVV95cUxOMzF1Zk1VR29UVENJZUR6cUM2MVZwb2VCeUZtcFBxQWZsSDZ2WG8za2tsTzFrb2Z1QjRzUlNVUXBxQ0dhTTRyY0VoZENsQ3QzWVZFSXU2OWRLT0FXSmZwT3BMWlhfNUVRNkYtNDRBaTM5SFZrb0JSOGpRVkNKd3hqaFhiNURRcno0U0hiU3FPLXhmZ0t0MldaaGU4ekxNOWk0OVE?oc=5\" target=\"_blank\" rel=\"nofollow noopener\">Este libro de \u00e9poca recuerda a la trama de amor de \u2018Palmeras en la nieve\u2019<\/a>&nbsp;&nbsp;Cosmopolitan<\/li>\n<\/ol>\n","protected":false},"excerpt":{"rendered":"Luz Gab\u00e1s: \u00abUn ministro de Cultura deber\u00eda priorizar la libertad de creaci\u00f3n frente a su propia ideolog\u00eda\u00bb&nbsp;&nbsp;El Mundo&hellip;\n","protected":false},"author":2,"featured_media":157221,"comment_status":"","ping_status":"","sticky":false,"template":"","format":"standard","meta":{"footnotes":""},"categories":[172],"tags":[224,146,147,46942,25,24,30678,225,23],"class_list":{"0":"post-157220","1":"post","2":"type-post","3":"status-publish","4":"format-standard","5":"has-post-thumbnail","7":"category-libros","8":"tag-books","9":"tag-entertainment","10":"tag-entretenimiento","11":"tag-entrevista-la-itv","12":"tag-es","13":"tag-espana","14":"tag-la-lectura","15":"tag-libros","16":"tag-spain"},"share_on_mastodon":{"url":"","error":""},"_links":{"self":[{"href":"https:\/\/www.europesays.com\/es\/wp-json\/wp\/v2\/posts\/157220","targetHints":{"allow":["GET"]}}],"collection":[{"href":"https:\/\/www.europesays.com\/es\/wp-json\/wp\/v2\/posts"}],"about":[{"href":"https:\/\/www.europesays.com\/es\/wp-json\/wp\/v2\/types\/post"}],"author":[{"embeddable":true,"href":"https:\/\/www.europesays.com\/es\/wp-json\/wp\/v2\/users\/2"}],"replies":[{"embeddable":true,"href":"https:\/\/www.europesays.com\/es\/wp-json\/wp\/v2\/comments?post=157220"}],"version-history":[{"count":0,"href":"https:\/\/www.europesays.com\/es\/wp-json\/wp\/v2\/posts\/157220\/revisions"}],"wp:featuredmedia":[{"embeddable":true,"href":"https:\/\/www.europesays.com\/es\/wp-json\/wp\/v2\/media\/157221"}],"wp:attachment":[{"href":"https:\/\/www.europesays.com\/es\/wp-json\/wp\/v2\/media?parent=157220"}],"wp:term":[{"taxonomy":"category","embeddable":true,"href":"https:\/\/www.europesays.com\/es\/wp-json\/wp\/v2\/categories?post=157220"},{"taxonomy":"post_tag","embeddable":true,"href":"https:\/\/www.europesays.com\/es\/wp-json\/wp\/v2\/tags?post=157220"}],"curies":[{"name":"wp","href":"https:\/\/api.w.org\/{rel}","templated":true}]}}