{"id":157260,"date":"2025-10-04T23:55:10","date_gmt":"2025-10-04T23:55:10","guid":{"rendered":"https:\/\/www.europesays.com\/es\/157260\/"},"modified":"2025-10-04T23:55:10","modified_gmt":"2025-10-04T23:55:10","slug":"trump-anuncia-que-israel-ha-aceptado-una-primera-linea-de-retirada-de-las-tropas","status":"publish","type":"post","link":"https:\/\/www.europesays.com\/es\/157260\/","title":{"rendered":"Trump anuncia que Israel ha aceptado una primera l\u00ednea de retirada de las tropas"},"content":{"rendered":"<p><img id=\"fotoPrincipalNoticia\" src=\"https:\/\/www.europesays.com\/es\/wp-content\/uploads\/2025\/10\/fotonoticia_20251004232332_690.jpg\" loading=\"eager\" decoding=\"async\" style=\"view-transition-name: fechor_20251004232332;\" border=\"0\" alt=\"L\u00ednea de retirada israel\u00ed en la primera fase del plan de alto el fuego de Donald Trump\" fetchpriority=\"high\" title=\"Trump anuncia que Israel ha aceptado una primera l\u00ednea de retirada de las tropas\" width=\"690\" height=\"472\" itemprop=\"image\"\/><\/p>\n<p>L\u00ednea de retirada israel\u00ed en la primera fase del plan de alto el fuego de Donald Trump &#8211; CASA BLANCA<\/p>\n<p><strong><a style=\"color:#cc0000\" href=\"https:\/\/www.europapress.es\/internacional\/noticia-gaza-directo-ultima-hora-conflicto-oriente-proximo-israel-hamas-20250930074220.html\" title=\"Sigue en directo las \u00faltimas noticias sobre la guerra en Oriente Pr\u00f3ximo\" rel=\"nofollow noopener\" target=\"_blank\">Sigue en directo las \u00faltimas noticias sobre la guerra en Oriente Pr\u00f3ximo<\/a><\/strong><\/p>\n<p>    MADRID 4 Oct. (EUROPA PRESS) &#8211; <\/p>\n<p>   El presidente estadounidense, Donald Trump, ha anunciado que Israel ha aceptado la propuesta de l\u00ednea de retirada inicial, por lo que solo restar\u00eda el s\u00ed del Movimiento de Resistencia Isl\u00e1mica (Ham\u00e1s) para que el alto el fuego sea efectivo.<\/p>\n<p>   \u00abTras las negociaciones, Israel ha accedido a la l\u00ednea de retirada inicial que hemos mostrado y compartido con Ham\u00e1s. Cuando Ham\u00e1s lo confirme, el alto el fuego ser\u00e1 efectivo de inmediato\u00bb, ha explicado Trump en un mensaje publicado en su cuenta en la red social Truth Social de su propiedad.<\/p>\n<p>   Una vez aceptado por ambas partes \u00abcomenzar\u00e1 el intercambio de rehenes y presos y crearemos las condiciones para la siguiente fase de la retirada, que nos acercar\u00e1 al final de esta cat\u00e1strofe de 30.000 a\u00f1os\u00bb, ha indicado.<\/p>\n<p>   El mensaje de Trump viene acompa\u00f1ado de una imagen del mapa de la Franja de Gaza con una l\u00ednea amarilla que se\u00f1ala la l\u00ednea de retirada que habr\u00edan aceptado las autoridades israel\u00edes.<\/p>\n<p>   Este mismo s\u00e1bado el Gobierno egipcio ha confirmado que las delegaciones israel\u00ed y de Ham\u00e1s mantendr\u00e1n contactos en El Cairo a partir de este lunes para cerrar los detalles de la propuesta de plan de paz para Gaza de Trump.<\/p>\n<p>   Israel se ha comprometido a cumplir con una difusa \u00abprimera fase\u00bb que supondr\u00eda, de nuevo en principio y cuando d\u00e9 junto a Ham\u00e1s luz verde al proceso, la suspensi\u00f3n inmediata de ataques y la liberaci\u00f3n de rehenes y canje de prisioneros en un plazo de 72 horas.<\/p>\n","protected":false},"excerpt":{"rendered":"L\u00ednea de retirada israel\u00ed en la primera fase del plan de alto el fuego de Donald Trump &#8211;&hellip;\n","protected":false},"author":2,"featured_media":157261,"comment_status":"","ping_status":"","sticky":false,"template":"","format":"standard","meta":{"footnotes":""},"categories":[5],"tags":[17,18,25,24,13,14,11,19,20,9,10,15,16,23,12,21,22],"class_list":{"0":"post-157260","1":"post","2":"type-post","3":"status-publish","4":"format-standard","5":"has-post-thumbnail","7":"category-titulares","8":"tag-breaking-news","9":"tag-breakingnews","10":"tag-es","11":"tag-espana","12":"tag-featured-news","13":"tag-featurednews","14":"tag-headlines","15":"tag-latest-news","16":"tag-latestnews","17":"tag-news","18":"tag-noticias","19":"tag-noticias-destacadas","20":"tag-noticiasdestacadas","21":"tag-spain","22":"tag-titulares","23":"tag-ultimas-noticias","24":"tag-ultimasnoticias"},"share_on_mastodon":{"url":"","error":""},"_links":{"self":[{"href":"https:\/\/www.europesays.com\/es\/wp-json\/wp\/v2\/posts\/157260","targetHints":{"allow":["GET"]}}],"collection":[{"href":"https:\/\/www.europesays.com\/es\/wp-json\/wp\/v2\/posts"}],"about":[{"href":"https:\/\/www.europesays.com\/es\/wp-json\/wp\/v2\/types\/post"}],"author":[{"embeddable":true,"href":"https:\/\/www.europesays.com\/es\/wp-json\/wp\/v2\/users\/2"}],"replies":[{"embeddable":true,"href":"https:\/\/www.europesays.com\/es\/wp-json\/wp\/v2\/comments?post=157260"}],"version-history":[{"count":0,"href":"https:\/\/www.europesays.com\/es\/wp-json\/wp\/v2\/posts\/157260\/revisions"}],"wp:featuredmedia":[{"embeddable":true,"href":"https:\/\/www.europesays.com\/es\/wp-json\/wp\/v2\/media\/157261"}],"wp:attachment":[{"href":"https:\/\/www.europesays.com\/es\/wp-json\/wp\/v2\/media?parent=157260"}],"wp:term":[{"taxonomy":"category","embeddable":true,"href":"https:\/\/www.europesays.com\/es\/wp-json\/wp\/v2\/categories?post=157260"},{"taxonomy":"post_tag","embeddable":true,"href":"https:\/\/www.europesays.com\/es\/wp-json\/wp\/v2\/tags?post=157260"}],"curies":[{"name":"wp","href":"https:\/\/api.w.org\/{rel}","templated":true}]}}