{"id":157284,"date":"2025-10-05T00:16:07","date_gmt":"2025-10-05T00:16:07","guid":{"rendered":"https:\/\/www.europesays.com\/es\/157284\/"},"modified":"2025-10-05T00:16:07","modified_gmt":"2025-10-05T00:16:07","slug":"el-historico-disidente-cubano-jose-daniel-ferrer-acepta-el-exilio-estoy-listo-para-morir-pero-no-para-vivir-sin-dignidad-rtve-es","status":"publish","type":"post","link":"https:\/\/www.europesays.com\/es\/157284\/","title":{"rendered":"El hist\u00f3rico disidente cubano Jos\u00e9 Daniel Ferrer acepta el exilio: &quot;Estoy listo para morir pero no para vivir sin dignidad&quot; &#8211; RTVE.es"},"content":{"rendered":"<ol>\n<li><a href=\"https:\/\/news.google.com\/rss\/articles\/CBMi-wFBVV95cUxNbEhNTUxDREhOMVotb1NnOXM5TjlkWFJ4OGtjM3lKQ3M2NTR2eTUwNE9KZEI0UDZUaXZORkotd3BYR1Yxd0VCR2hiZzV5MTFoWTU5WVRxRzM3aWN4Z1B3ZnNzVFRicndXUlltQjUtem1LTm9RbWJZeVZRV2dpYzB3WkE2WTNTallWaTMtYUdyQW1kTEFGLWVrZVlzODhPd0xWaXlqd3g0WUg3SDFNQVRabjFrcmVXQ2NybDdjcVZOOWV6R0U4U0hzcHdDX3Z3bzlldXBlU0dfbTZ6bHRDTU9HU3JHd0dRTWZPVHAyTDVpX3JkbVZQblNHbnFoa9IB-wFBVV95cUxNSHNMS2JmM3hiRmVQMDY0LVJZQXdIU3hjZVdsd0tFMk1wZnowM2U1WGRBNEFYSlo5WWJ3VElYM3ZTc0EzVC1CVjJib3hoUk93TWtmbzV5OElGVzA1ZXRXV29GV0txMGFyeDU4bXl2TERkdld0cmdocG9ENzFlaWVUWHJKQ1VkZVdnSzhiZTRnZWsxUF9ucnM0RGhkbkRCUDhtOVA3ZjZNTnVldFRiZkxjdVJyWnBfUmRhTzBCdU9UU2ZmODhZYURMTmtycktkeFB2ekVMOE51eVZDMVdKOF94c0V4TzIwejRGNXpGNURWZTA0RVJDMVJrU2JQZw?oc=5\" target=\"_blank\" rel=\"nofollow noopener\">El hist\u00f3rico disidente cubano Jos\u00e9 Daniel Ferrer acepta el exilio: \u00abEstoy listo para morir pero no para vivir sin dignidad\u00bb<\/a>&nbsp;&nbsp;RTVE.es<\/li>\n<li><a href=\"https:\/\/news.google.com\/rss\/articles\/CBMigwFBVV95cUxNdTZEY05hYWxWLXIyUDFaUTRHYXhibUVTcEZvYlZvS0ZYamJjdHN4T1lOWUVUVl93ZWNYa3ZvRVNjb3BlSEZMV0RCaXBHcjEyeVJza0RzSWRmaEtyT0syd3pNSm1COURraWp6Zk9pOEsxRjk3eGlEWFNNc2dvYUg1anpzTdIBgwFBVV95cUxQTzNsN2ZZX3lWVDZzallNU25aM2xzbUNaNmo0SGJOYUlUQk9qY0lSN2o1aGxlMzNfTWxkdTBjc18zZ2lBdVN3WENuMXFSN2xvaUZ0ZmJlby1VSkpZakg1QUhuUnA0WkdrM2Ryd0JCcjBKMmRZb2wtNWZYNGJDMUJXS0ZrNA?oc=5\" target=\"_blank\" rel=\"nofollow noopener\">El l\u00edder opositor cubano Daniel Ferrer acepta el exilio forzado tras m\u00e1s de una d\u00e9cada en prisi\u00f3n<\/a>&nbsp;&nbsp;El Mundo<\/li>\n<li><a href=\"https:\/\/news.google.com\/rss\/articles\/CBMiswFBVV95cUxOVFZOajFoUDhnc0QtQ0pPMDNZTFpKeFF5dGc3aTI5RXpVVEx6dllnRGhqN2dHeFZKaExoWTB3bHp2cXRjRENCUHFWUzloWndiU3k3dzNVOEdiLTlwVW85SW9BSnVmUmpvQWFGR3FsTlR4WmN4Sy1zcTBsVTIyZE1VNmRCYklsU2o0RkI4UmZkM25iMkJST052ZjlObUJpeHZoVG1sRlZTNm43VzNqSW1Td2dtcw?oc=5\" target=\"_blank\" rel=\"nofollow noopener\">El disidente encarcelado Jos\u00e9 Daniel Ferrer acepta exiliarse de Cuba<\/a>&nbsp;&nbsp;ABC<\/li>\n<li><a href=\"https:\/\/news.google.com\/rss\/articles\/CBMitwFBVV95cUxPUTJCSFN5VnBkZ3djTkR5cUxNdFFXenhyOG95UGhHdEdIYkh3cU5zOUhxZDZvSzNRMVJhdEtGVFRQT2JpTGoyb3lYX3BjZktyM1Z1WkxndU8zM0VyVlhhUzVaQ21fbWtnZFREcUx1Z04tcnBqZEJjMUJmWFoxNVJSZlRodXUyOXR1YlEzNHpncGFEQlhMcU5MVXdHTEJTZG5rYXhMYWVsdmJqYjBNVGluZ3RvcU9qR1U?oc=5\" target=\"_blank\" rel=\"nofollow noopener\">El opositor cubano Ferrer acepta el exilio, pero no como parte de una negociaci\u00f3n con EEUU<\/a>&nbsp;&nbsp;elDiario.es<\/li>\n<li><a href=\"https:\/\/news.google.com\/rss\/articles\/CBMimwJBVV95cUxPb21HS3BIdm5YaVk4Z0tfVEVyeXdxVnRTNDdoRHVRNm5UNlJXRFdWQjl0cTY0UkU4RWRtVVlMOUFYTFBJM3lZVlBWRU13RlpGODNMdnhKbXQ4eU9TSl9ydzU3ZjQxMVBMeW1uQzM1WjlhSy05bUU1UEVwaW5RaTNUdGpKYmd6YTNkUUdTbnlPZVZuS2NXYmhIcFF3dW83UVJKcTJ5VjBmaFRERGdXc002czVWM3NLM2o4VjZwbm5BVDYwUUl1VUpxYW1waWdMNkdHQXVpZVZBOF9LQ1lCWFA4VzJmX2FxR3hFaUZNZGtuNTlTaXk4RUxYeWI4RHJaZnJjVXQwNkdyVVVTTnNSV2FwVTZ6Q2ZXQk9ud2RJ0gG2AkFVX3lxTE50dXpIVEVYUFotTnV6SENlV25sMnJzYUdERnl6T1pVS3Vtd1gwTkQ2NnN5M2NqQ2tqdnV5Vy1FNi13RnJjcGF2YVNUMEE5VlVHcmVEYWNVRTdsLVRXMnZJaEV4THNhX2RsYXJPd21yRG4wOGd4NXVwd0dnNkc1VTRQTTE2OGRCMDNxejdkUDJKOGRpR0Vic3hfTHhKZmFKRzFqbEl4WDc4SGhsS2pKalVMR3g1UlBjQjNyWmV0NlFCSGdLZHNPWnZwYVh5Ty1WVlpfWlJ1NVdmNmhEaDZjZzA5VnNLa1d0V1J0UHc2eHR6bzl0b1lLNXkwWnk2Q0hYc1pxb3F3TW5tbTJHX085bEUzRDJYekNIYVhOeVZ0MHVESXM5OWk1SWt2NEJacEJOSnV6NXV3dFE?oc=5\" target=\"_blank\" rel=\"nofollow noopener\">La familia de Jos\u00e9 Daniel Ferrer denunci\u00f3 que el r\u00e9gimen cubano condiciona su exilio: \u201cLa dictadura est\u00e1 tratando de lograr beneficios\u201d<\/a>&nbsp;&nbsp;Infobae<\/li>\n<\/ol>\n","protected":false},"excerpt":{"rendered":"El hist\u00f3rico disidente cubano Jos\u00e9 Daniel Ferrer acepta el exilio: \u00abEstoy listo para morir pero no para vivir&hellip;\n","protected":false},"author":2,"featured_media":155649,"comment_status":"","ping_status":"","sticky":false,"template":"","format":"standard","meta":{"footnotes":""},"categories":[42],"tags":[17,18,13,14,11,61,62,63,64,19,20,9,10,15,16,12,21,22,65,66,67],"class_list":{"0":"post-157284","1":"post","2":"type-post","3":"status-publish","4":"format-standard","5":"has-post-thumbnail","7":"category-internacional","8":"tag-breaking-news","9":"tag-breakingnews","10":"tag-featured-news","11":"tag-featurednews","12":"tag-headlines","13":"tag-internacional","14":"tag-international","15":"tag-international-news","16":"tag-internationalnews","17":"tag-latest-news","18":"tag-latestnews","19":"tag-news","20":"tag-noticias","21":"tag-noticias-destacadas","22":"tag-noticiasdestacadas","23":"tag-titulares","24":"tag-ultimas-noticias","25":"tag-ultimasnoticias","26":"tag-world","27":"tag-world-news","28":"tag-worldnews"},"share_on_mastodon":{"url":"","error":""},"_links":{"self":[{"href":"https:\/\/www.europesays.com\/es\/wp-json\/wp\/v2\/posts\/157284","targetHints":{"allow":["GET"]}}],"collection":[{"href":"https:\/\/www.europesays.com\/es\/wp-json\/wp\/v2\/posts"}],"about":[{"href":"https:\/\/www.europesays.com\/es\/wp-json\/wp\/v2\/types\/post"}],"author":[{"embeddable":true,"href":"https:\/\/www.europesays.com\/es\/wp-json\/wp\/v2\/users\/2"}],"replies":[{"embeddable":true,"href":"https:\/\/www.europesays.com\/es\/wp-json\/wp\/v2\/comments?post=157284"}],"version-history":[{"count":0,"href":"https:\/\/www.europesays.com\/es\/wp-json\/wp\/v2\/posts\/157284\/revisions"}],"wp:featuredmedia":[{"embeddable":true,"href":"https:\/\/www.europesays.com\/es\/wp-json\/wp\/v2\/media\/155649"}],"wp:attachment":[{"href":"https:\/\/www.europesays.com\/es\/wp-json\/wp\/v2\/media?parent=157284"}],"wp:term":[{"taxonomy":"category","embeddable":true,"href":"https:\/\/www.europesays.com\/es\/wp-json\/wp\/v2\/categories?post=157284"},{"taxonomy":"post_tag","embeddable":true,"href":"https:\/\/www.europesays.com\/es\/wp-json\/wp\/v2\/tags?post=157284"}],"curies":[{"name":"wp","href":"https:\/\/api.w.org\/{rel}","templated":true}]}}