{"id":157289,"date":"2025-10-05T00:25:09","date_gmt":"2025-10-05T00:25:09","guid":{"rendered":"https:\/\/www.europesays.com\/es\/157289\/"},"modified":"2025-10-05T00:25:09","modified_gmt":"2025-10-05T00:25:09","slug":"el-tremendo-enfado-de-fernando-alonso-con-su-ingeniero-tienes-pensar-mas-claro","status":"publish","type":"post","link":"https:\/\/www.europesays.com\/es\/157289\/","title":{"rendered":"El tremendo enfado de Fernando Alonso con su ingeniero: \u00abTienes pensar m\u00e1s claro\u00bb"},"content":{"rendered":"<p class=\"L6-news-detail__text\">El fin de semana de Singapur comenz\u00f3 de muy buena forma para <b><a title=\"Fernando Alonso\" href=\"https:\/\/www.lasexta.com\/noticias\/deportes\/motor\/formula1\/alucina-fernando-alonso-singapur-magia-puede-surgir_2025100468e0f8d8771e4a2d532dbbec.html\" target=\"_blank\" rel=\"nofollow noopener\">Fernando Alonso<\/a><\/b>. Durante los primeros entrenamientos libres logr\u00f3 la <b>primera plaza<\/b>, haciendo saltar todas las alarmas. En los segundos Libres, finaliz\u00f3 en la <b>4\u00aa posici\u00f3n<\/b>.<\/p>\n<p class=\"L6-news-detail__text\">Un inicio de Gran Premio perfecto, aunque parece que se est\u00e1 viniendo un poco abajo. Es habitual que Alonso logre mejores posiciones durante las primeras vueltas del fin de semana. Esto se debe a que <b>es de los mejores pilotos en adaptarse r\u00e1pido a la pista<\/b>, algo que le sit\u00faa siempre arriba.<\/p>\n<p class=\"L6-news-detail__text\">Por desgracia para \u00e9l, hay otras dos sesiones de entrenamientos donde los equipos y pilotos consiguen mejorar poco a poco y acaban relegando a <b><a title=\"Aston Martin\" href=\"https:\/\/www.lasexta.com\/noticias\/deportes\/motor\/formula1\/aston-martin-desvela-detalles-trabajo-newey-proyecto-alonso-2026-pizarra_2025100468e0f23c6c793a7e698e62b1.html\" target=\"_blank\" rel=\"nofollow noopener\">Aston Martin<\/a><\/b> a una posici\u00f3n m\u00e1s baja. Ya en los Libres 3, el espa\u00f1ol acab\u00f3 en la <b>15\u00aa plaza<\/b>.<\/p>\n<p class=\"L6-news-detail__text\">Es cierto que son entrenamientos, pero las sensaciones de esta \u00faltima prueba antes del fuego real no han sido las mejores, ni siquiera con su ingeniero. <b>Alonso tuvo un peque\u00f1o debate por radio<\/b> despu\u00e9s de que su ingeniero le pidiera cambiar par\u00e1metros en el volante.<\/p>\n<p class=\"L6-news-detail__text\">Tras no lograr el resultado esperado, el de Aston Martin no dud\u00f3 en dejar claro su enfado: \u00ab<b>Muy mala decisi\u00f3n, tienes pensar m\u00e1s claro<\/b>\u00ab. No es la primera vez que tiene problemas parecidos con el que debe ser su gu\u00eda en pista. Mucho que mejorar en este sentido de cara a 2026.<\/p>\n<p class=\"L6-support-news-video__title\">&#8216;El Cafelito&#8217;<\/p>\n<p>            <a href=\"https:\/\/www.lasexta.com\/noticias\/deportes\/futbol\/pinto-confiesa-que-gusta-que-pregunten-leo-messi-que-pregunten_2025100268debf5f771e4a2d5329ea93.html\" class=\"L6-news__link\" rel=\"nofollow noopener\" target=\"_blank\"><br \/>\n                Pinto confiesa que no le gusta que le pregunten por Leo Messi: \u00abQue me pregunten por m\u00ed\u00bb<\/p>\n<p class=\"recirculation-video-desc\">El exfutbolista del FC Barcelona habla en &#8216;El Cafelito&#8217; de Josep Pedrerol y hace una confesi\u00f3n sobre las preguntas que recibe sobre Leo Messi.<\/p>\n<p>            <\/a><\/p>\n","protected":false},"excerpt":{"rendered":"El fin de semana de Singapur comenz\u00f3 de muy buena forma para Fernando Alonso. Durante los primeros entrenamientos&hellip;\n","protected":false},"author":2,"featured_media":157290,"comment_status":"","ping_status":"","sticky":false,"template":"","format":"standard","meta":{"footnotes":""},"categories":[270],"tags":[168,25,24,306,271,272,23,167],"class_list":{"0":"post-157289","1":"post","2":"type-post","3":"status-publish","4":"format-standard","5":"has-post-thumbnail","7":"category-formula-1","8":"tag-deportes","9":"tag-es","10":"tag-espana","11":"tag-f1","12":"tag-formula-1","13":"tag-formula1","14":"tag-spain","15":"tag-sports"},"share_on_mastodon":{"url":"","error":""},"_links":{"self":[{"href":"https:\/\/www.europesays.com\/es\/wp-json\/wp\/v2\/posts\/157289","targetHints":{"allow":["GET"]}}],"collection":[{"href":"https:\/\/www.europesays.com\/es\/wp-json\/wp\/v2\/posts"}],"about":[{"href":"https:\/\/www.europesays.com\/es\/wp-json\/wp\/v2\/types\/post"}],"author":[{"embeddable":true,"href":"https:\/\/www.europesays.com\/es\/wp-json\/wp\/v2\/users\/2"}],"replies":[{"embeddable":true,"href":"https:\/\/www.europesays.com\/es\/wp-json\/wp\/v2\/comments?post=157289"}],"version-history":[{"count":0,"href":"https:\/\/www.europesays.com\/es\/wp-json\/wp\/v2\/posts\/157289\/revisions"}],"wp:featuredmedia":[{"embeddable":true,"href":"https:\/\/www.europesays.com\/es\/wp-json\/wp\/v2\/media\/157290"}],"wp:attachment":[{"href":"https:\/\/www.europesays.com\/es\/wp-json\/wp\/v2\/media?parent=157289"}],"wp:term":[{"taxonomy":"category","embeddable":true,"href":"https:\/\/www.europesays.com\/es\/wp-json\/wp\/v2\/categories?post=157289"},{"taxonomy":"post_tag","embeddable":true,"href":"https:\/\/www.europesays.com\/es\/wp-json\/wp\/v2\/tags?post=157289"}],"curies":[{"name":"wp","href":"https:\/\/api.w.org\/{rel}","templated":true}]}}