{"id":157304,"date":"2025-10-05T00:39:04","date_gmt":"2025-10-05T00:39:04","guid":{"rendered":"https:\/\/www.europesays.com\/es\/157304\/"},"modified":"2025-10-05T00:39:04","modified_gmt":"2025-10-05T00:39:04","slug":"una-cena-de-gala-con-los-reyes-belgas-y-holandeses-y-el-matrimonio-macron-entre-otros-cierra-los-fastos-por-la-ascension-al-trono-del-gran-duque-guillermo-v-de-luxemburgo-el-mundo","status":"publish","type":"post","link":"https:\/\/www.europesays.com\/es\/157304\/","title":{"rendered":"Una cena de gala, con los reyes belgas y holandeses y el matrimonio Macron entre otros, cierra los fastos por la ascensi\u00f3n al trono del gran duque Guillermo V de Luxemburgo &#8211; El Mundo"},"content":{"rendered":"<ol>\n<li><a href=\"https:\/\/news.google.com\/rss\/articles\/CBMigwFBVV95cUxNMWs3R1FtUE1HRlM5eXFTakQ0NF9BWG9lLUVhdGhFNldhVFdXZXJrUmJHZFoxSjRlSy1qd2dmLU12R1ZRWEo0cUtkVExaZ1pfcFJXektoNU5sdmdJbkxaTDRuY3B1UnRBMWs0VkJyZFdkYVdSUUt2RXpIUjlxdjVlRGJrY9IBgwFBVV95cUxOVEV6Qks3MzZrckJkN0xlVW9GOVJUbDZUQ05MNV9YOUhvajZEcVBUeEFjQjlwVEV6bXhFZHRibjFfWGF1RUotRmQ3VGdTalkyQ3NPc21ZOHVfTGpzRXdBMDJVeHI3T2w2cHBQWk02d1B2ZkRrYlhPRXZscmR5LW40cTE3cw?oc=5\" target=\"_blank\" rel=\"nofollow noopener\">Una cena de gala, con los reyes belgas y holandeses y el matrimonio Macron entre otros, cierra los fastos por la ascensi\u00f3n al trono del gran duque Guillermo V de Luxemburgo<\/a>&nbsp;&nbsp;El Mundo<\/li>\n<li><a href=\"https:\/\/news.google.com\/rss\/articles\/CBMigwFBVV95cUxNemE0QWI0a0lwb0tCWEZMNVVWdG9jay12bENjaV92bkp5U21MOEM4a1V3a3N5Z1VobGtRZUlkWF9xLUdtcDdPaW5TMUJvdkdiMkpSdkZTNmN5UWpTRExPeFJTQnJTZFRPbGNJUnBXVmVKSmdpMXFYRUprY3MxMGw3bjlMWQ?oc=5\" target=\"_blank\" rel=\"nofollow noopener\">Guillermo y Estefan\u00eda, de &#8216;patitos feos&#8217; de la realeza a cisnes reinantes en Luxemburgo<\/a>&nbsp;&nbsp;El Mundo<\/li>\n<li><a href=\"https:\/\/news.google.com\/rss\/articles\/CBMi8wFBVV95cUxOQUVZNF8wQXczaVVTQS1XZlNnRENMVEpWX2U5bVBsai0xcnJkekplRTdhYWx5WHA0UVMtSE9hblBOQXZLbDFsaS1oeHY3QWlYaE1xM1JIdEhuaDJsekNmaU9Rcm45Ul9XTUhsT3EtT25udzlJNTlielVrNmgxOVVfei0xcFhEdFBiUThfbmVRZURhS09uNHk2T1IxY1pqRjJwZXB3LWZtbWhQOVBzVkFuVTdIZjhhNHFVd2Z0d2VDU0JuUE04WmhnNlFJVEVHQkE1SGNmczNrOEV2OW1WdFVRYnNEVk9wOHRJSlE5SUwxRVFzZEk?oc=5\" target=\"_blank\" rel=\"nofollow noopener\">La abdicaci\u00f3n de Enrique de Luxemburgo, en im\u00e1genes: de la felicidad del nuevo gran duque a un asustadizo peque\u00f1o heredero<\/a>&nbsp;&nbsp;EL PA\u00cdS<\/li>\n<li><a href=\"https:\/\/news.google.com\/rss\/articles\/CBMixwFBVV95cUxQSGRzWnVYeUYwaHdaZXJLNU5PNGxvTEFZeTk2VEJBZ05mdHRSQndMeFN5X25GRVg3alo5ZU1ueWFlQnFnQXUtdmdMUVNqaGpkWXR4UWtCMjUtUmlMWGZiSTZ6cWc0ZDRpcGFJVzJUekhXR3RVZnRSMVBraldHLVFIdm1WTkhyelZWMFMwVVFDTnNIdXRWRTNrN0Zya1NSTXZNcElGX2FJUjdfNlF5ajluX0dZRF9aR2paZUM4cWRVVFR2WF9GMkg0?oc=5\" target=\"_blank\" rel=\"nofollow noopener\">Amalia de Holanda y Elisabeth de B\u00e9lgica brillan en la cena de gala de Guillermo y Estefan\u00eda<\/a>&nbsp;&nbsp;La Vanguardia<\/li>\n<li><a href=\"https:\/\/news.google.com\/rss\/articles\/CBMiqgFBVV95cUxOYTdaMEotU3I1OWZmUnZYVGdTUF9VbTBONmhzMmRFWnlMeGhyVjQtSGdXOW9ZUGc1MmhJMVZwYWJFeVdzaW4xWE9SeXZuR3BBUUZEWG02bmRBRHNCYUVQclRmQjdPVE1hNVJCZ0hfWnVVREpjUGZJX0RWcDJJc2hVVzlBNUJjWmMzbTNFM1BUNEczZnAtS1B0VmJvcl9yUHQ1dl91RjNYeHRaUQ?oc=5\" target=\"_blank\" rel=\"nofollow noopener\">La muestra de \u00absencillez y compromiso\u00bb con la que Guillermo y Estefan\u00eda se estrenan como Grandes Duques de Luxemburgo<\/a>&nbsp;&nbsp;ABC<\/li>\n<\/ol>\n","protected":false},"excerpt":{"rendered":"Una cena de gala, con los reyes belgas y holandeses y el matrimonio Macron entre otros, cierra los&hellip;\n","protected":false},"author":2,"featured_media":157305,"comment_status":"","ping_status":"","sticky":false,"template":"","format":"standard","meta":{"footnotes":""},"categories":[42],"tags":[17,18,730,13,14,11,61,62,63,64,19,20,8229,9,10,15,16,12,21,22,1617,65,66,67],"class_list":{"0":"post-157304","1":"post","2":"type-post","3":"status-publish","4":"format-standard","5":"has-post-thumbnail","7":"category-internacional","8":"tag-breaking-news","9":"tag-breakingnews","10":"tag-emmanuel-macron","11":"tag-featured-news","12":"tag-featurednews","13":"tag-headlines","14":"tag-internacional","15":"tag-international","16":"tag-international-news","17":"tag-internationalnews","18":"tag-latest-news","19":"tag-latestnews","20":"tag-loc-casa-real","21":"tag-news","22":"tag-noticias","23":"tag-noticias-destacadas","24":"tag-noticiasdestacadas","25":"tag-titulares","26":"tag-ultimas-noticias","27":"tag-ultimasnoticias","28":"tag-union-europea","29":"tag-world","30":"tag-world-news","31":"tag-worldnews"},"share_on_mastodon":{"url":"","error":""},"_links":{"self":[{"href":"https:\/\/www.europesays.com\/es\/wp-json\/wp\/v2\/posts\/157304","targetHints":{"allow":["GET"]}}],"collection":[{"href":"https:\/\/www.europesays.com\/es\/wp-json\/wp\/v2\/posts"}],"about":[{"href":"https:\/\/www.europesays.com\/es\/wp-json\/wp\/v2\/types\/post"}],"author":[{"embeddable":true,"href":"https:\/\/www.europesays.com\/es\/wp-json\/wp\/v2\/users\/2"}],"replies":[{"embeddable":true,"href":"https:\/\/www.europesays.com\/es\/wp-json\/wp\/v2\/comments?post=157304"}],"version-history":[{"count":0,"href":"https:\/\/www.europesays.com\/es\/wp-json\/wp\/v2\/posts\/157304\/revisions"}],"wp:featuredmedia":[{"embeddable":true,"href":"https:\/\/www.europesays.com\/es\/wp-json\/wp\/v2\/media\/157305"}],"wp:attachment":[{"href":"https:\/\/www.europesays.com\/es\/wp-json\/wp\/v2\/media?parent=157304"}],"wp:term":[{"taxonomy":"category","embeddable":true,"href":"https:\/\/www.europesays.com\/es\/wp-json\/wp\/v2\/categories?post=157304"},{"taxonomy":"post_tag","embeddable":true,"href":"https:\/\/www.europesays.com\/es\/wp-json\/wp\/v2\/tags?post=157304"}],"curies":[{"name":"wp","href":"https:\/\/api.w.org\/{rel}","templated":true}]}}