{"id":157324,"date":"2025-10-05T01:02:17","date_gmt":"2025-10-05T01:02:17","guid":{"rendered":"https:\/\/www.europesays.com\/es\/157324\/"},"modified":"2025-10-05T01:02:17","modified_gmt":"2025-10-05T01:02:17","slug":"se-habra-enterado-ana-obregon-de-esto-luces-y-sombras-tras-la-tecnica-revolucionaria-para-crear-ovulos-a-partir-de-la-piel-ciencia-y-tecnologia","status":"publish","type":"post","link":"https:\/\/www.europesays.com\/es\/157324\/","title":{"rendered":"\u00ab\u00bfSe habr\u00e1 enterado Ana Obreg\u00f3n de esto?\u00bb: luces y sombras tras la t\u00e9cnica revolucionaria para crear \u00f3vulos a partir de la piel | Ciencia y tecnolog\u00eda"},"content":{"rendered":"<p class=\"loc\">Madrid<\/p>\n<p>Hace ya varios d\u00edas, concretamente el pasado martes 30 de septiembre, un grupo de investigadores chinos, coreanos y estadounidenses ofrec\u00edan por primera vez los resultados<a href=\"https:\/\/cadenaser.com\/nacional\/2025\/09\/30\/la-ciencia-consigue-crear-ovulos-humanos-a-partir-de-celulas-de-la-piel-cadena-ser\/\" target=\"_blank\" rel=\"noreferrer nofollow noopener\" title=\"https:\/\/cadenaser.com\/nacional\/2025\/09\/30\/la-ciencia-consigue-crear-ovulos-humanos-a-partir-de-celulas-de-la-piel-cadena-ser\/\"> de un hallazgo hist\u00f3rico<\/a> en el campo de la <a href=\"https:\/\/cadenaser.com\/nacional\/2025\/02\/18\/el-12-de-los-nacimientos-en-espana-son-por-reproduccion-asistida-cadena-ser\/\" target=\"_blank\" rel=\"nofollow noopener\" title=\"https:\/\/cadenaser.com\/nacional\/2025\/02\/18\/el-12-de-los-nacimientos-en-espana-son-por-reproduccion-asistida-cadena-ser\/\">reproducci\u00f3n artificial<\/a> que podr\u00eda permitir la creaci\u00f3n \u00f3vulos a partir de c\u00e9lulas de la piel. Un estudio, publicado en la revista de divulgaci\u00f3n cient\u00edfica <a href=\"https:\/\/www.nature.com\/articles\/s41467-025-63454-7\" target=\"_blank\" rel=\"nofollow noopener\" title=\"https:\/\/www.nature.com\/articles\/s41467-025-63454-7\">Nature Communications<\/a>, en la que se recoge la importancia de la mitomeiosis en la creaci\u00f3n de c\u00e9lulas fecundables. Una t\u00e9cnica revolucionaria que podr\u00eda permitir que muchas familias pudieran tener ese hijo que no pudieron lograr a trav\u00e9s de los m\u00e9todos naturales. <\/p>\n<p>M\u00e1s informaci\u00f3n<\/p>\n<p>As\u00ed lo explica la doctora en biolog\u00eda Roc\u00edo N\u00fa\u00f1ez, quien cree que supone un gran paso adelante en este \u00e1mbito: \u00abLo que han hecho es coger un ovocito de una donante sana, le han quitado el n\u00facleo que ten\u00eda 23 cromosomas y le han puesto el n\u00facleo de una c\u00e9lula de la piel que tiene 46\u00bb. Pero no es por ello menos pol\u00e9mico. A ra\u00edz de esta primera investigaci\u00f3n se ha debatido mucho acerca de las consecuencias positivas y negativas que puede tener este tipo de proyectos. Roc\u00edo N\u00fa\u00f1ez, por ejemplo, cree que es muy poco prudente: \u00abEn el supuesto caso de que se lograran solventar todos los problemas, no s\u00e9 si ser\u00eda \u00e9tico realizarlo. No podemos experimentar a ver qu\u00e9 pasa con ni\u00f1os nacidos por una t\u00e9cnica as\u00ed, decir &#8216;a la larga ya se ver\u00e1 c\u00f3mo es su salud&#8217;. Esperar a ver c\u00f3mo crecen y si tienen alg\u00fan problema para comprobar que la t\u00e9cnica es buena. Me parece un poco osado y poco prudente\u00bb. <\/p>\n<p>Una t\u00e9cnica revolucionaria<\/p>\n<p>Un tema sobre el que hemos hablado en el Ministerio de Ciencia y Tecnolog\u00eda de la Cadena SER, donde \u00c0ngels Barcel\u00f3 ha analizado junto a Nu\u00f1o Dom\u00ednguez y Jaime Garc\u00eda Cantero la que sin duda alguna es una de las noticias de la semana en el campo de la ciencia: \u00abSe han creado \u00f3vulos humanos fecundables a partir de c\u00e9lulas de la piel, \u00bfesto qu\u00e9 supone para la investigaci\u00f3n de la fertilidad?\u00bb. Despu\u00e9s de presentar el caso en cuesti\u00f3n, Nu\u00f1o Dom\u00ednguez ha explicado en qu\u00e9 campos podr\u00eda aplicarse: \u00abEst\u00e1 relacionado con la longevidad y con la posibilidad de tener ni\u00f1os m\u00e1s all\u00e1 de lo que determina la edad biol\u00f3gica\u00bb.<\/p>\n<p><img decoding=\"async\" src=\"https:\/\/www.europesays.com\/es\/wp-content\/uploads\/2025\/10\/https:\/\/sdmedia.playser.cadenaser.com\/playser\/image\/20253\/24\/1742831257_asset_still.png\" alt=\"La longevidad: mitos, realidad y negocio\" width=\"655\"   loading=\"lazy\"\/><\/p>\n<p class=\"tit\">La longevidad: mitos, realidad y negocio<\/p>\n<p>00:00:0023:16<\/p>\n<p>El c\u00f3digo iframe se ha copiado en el portapapeles<\/p>\n<p>FacebookTwitterLinkedinWhatsAppCerrar<\/p>\n<p>Y considera que es una prueba de concepto muy interesante: \u00abHan sido capaces de transformar una c\u00e9lula de la piel en una c\u00e9lula reproductora viable y han conseguido que alguno de esos embriones lleguen a los seis d\u00edas\u00bb. De esta manera, Nu\u00f1o Dom\u00ednguez cree que podr\u00eda ser un avance muy positivo para que aquellas personas que tengan infertilidad, o las parejas del mismo sexo, puedan tener hijos con su propia gen\u00e9tica. Pero, al igual que la doctora, los analistas tienen sus dudas con este proyecto.<\/p>\n<p>\u00ab\u00bfSe habr\u00e1 enterado Ana Obreg\u00f3n de esto?\u00bb<\/p>\n<p>Principalmente porque tiene posibilidades buen\u00edsimas, pero tambi\u00e9n mal\u00edsimas. Y, en ese momento, todos ellos han pensado en qu\u00e9 podr\u00eda hacer Ana Obreg\u00f3n con una t\u00e9cnica as\u00ed entre sus manos: \u00ab\u00bfSe habr\u00e1 enterado Ana Obreg\u00f3n de esto? Por favor,<a href=\"https:\/\/cadenaser.com\/nacional\/2025\/09\/02\/es-un-poco-como-una-historia-de-terror-martin-bianchi-analiza-la-nueva-vida-de-ana-obregon-cadena-ser\/\" target=\"_blank\" rel=\"noreferrer nofollow noopener\" title=\"https:\/\/cadenaser.com\/nacional\/2025\/09\/02\/es-un-poco-como-una-historia-de-terror-martin-bianchi-analiza-la-nueva-vida-de-ana-obregon-cadena-ser\/\"> preg\u00fantale a Mart\u00edn Bianchi<\/a> si Ana Obreg\u00f3n es consciente de esto, de que puede vivir eternamente y de que puede tener hijos eternamente&#8230;\u00bb. Y, siguiendo la conversaci\u00f3n anterior, \u00c0ngels Barcel\u00f3 cree que tambi\u00e9n se estar\u00e1 montando su propio b\u00fanker. <\/p>\n<p>De esta manera, la presentadora de televisi\u00f3n podr\u00eda seguir con su plan de seguir teniendo m\u00e1s hijos. Hace ya varios a\u00f1os, concretamente tras el nacimiento de su \u00abnietija\u00bb, Obreg\u00f3n reconoc\u00eda que en un futuro tal vez podr\u00edan venir m\u00e1s. Y qui\u00e9n sabe si esta ser\u00eda la f\u00f3rmula perfecta para conseguirlo.<\/p>\n","protected":false},"excerpt":{"rendered":"Madrid Hace ya varios d\u00edas, concretamente el pasado martes 30 de septiembre, un grupo de investigadores chinos, coreanos&hellip;\n","protected":false},"author":2,"featured_media":157325,"comment_status":"","ping_status":"","sticky":false,"template":"","format":"standard","meta":{"footnotes":""},"categories":[42],"tags":[1765,17,18,13,14,11,61,62,63,64,19,20,9,10,15,16,12,1766,21,22,65,66,67],"class_list":{"0":"post-157324","1":"post","2":"type-post","3":"status-publish","4":"format-standard","5":"has-post-thumbnail","7":"category-internacional","8":"tag-bestof","9":"tag-breaking-news","10":"tag-breakingnews","11":"tag-featured-news","12":"tag-featurednews","13":"tag-headlines","14":"tag-internacional","15":"tag-international","16":"tag-international-news","17":"tag-internationalnews","18":"tag-latest-news","19":"tag-latestnews","20":"tag-news","21":"tag-noticias","22":"tag-noticias-destacadas","23":"tag-noticiasdestacadas","24":"tag-titulares","25":"tag-topix","26":"tag-ultimas-noticias","27":"tag-ultimasnoticias","28":"tag-world","29":"tag-world-news","30":"tag-worldnews"},"share_on_mastodon":{"url":"","error":""},"_links":{"self":[{"href":"https:\/\/www.europesays.com\/es\/wp-json\/wp\/v2\/posts\/157324","targetHints":{"allow":["GET"]}}],"collection":[{"href":"https:\/\/www.europesays.com\/es\/wp-json\/wp\/v2\/posts"}],"about":[{"href":"https:\/\/www.europesays.com\/es\/wp-json\/wp\/v2\/types\/post"}],"author":[{"embeddable":true,"href":"https:\/\/www.europesays.com\/es\/wp-json\/wp\/v2\/users\/2"}],"replies":[{"embeddable":true,"href":"https:\/\/www.europesays.com\/es\/wp-json\/wp\/v2\/comments?post=157324"}],"version-history":[{"count":0,"href":"https:\/\/www.europesays.com\/es\/wp-json\/wp\/v2\/posts\/157324\/revisions"}],"wp:featuredmedia":[{"embeddable":true,"href":"https:\/\/www.europesays.com\/es\/wp-json\/wp\/v2\/media\/157325"}],"wp:attachment":[{"href":"https:\/\/www.europesays.com\/es\/wp-json\/wp\/v2\/media?parent=157324"}],"wp:term":[{"taxonomy":"category","embeddable":true,"href":"https:\/\/www.europesays.com\/es\/wp-json\/wp\/v2\/categories?post=157324"},{"taxonomy":"post_tag","embeddable":true,"href":"https:\/\/www.europesays.com\/es\/wp-json\/wp\/v2\/tags?post=157324"}],"curies":[{"name":"wp","href":"https:\/\/api.w.org\/{rel}","templated":true}]}}