{"id":157326,"date":"2025-10-05T01:03:07","date_gmt":"2025-10-05T01:03:07","guid":{"rendered":"https:\/\/www.europesays.com\/es\/157326\/"},"modified":"2025-10-05T01:03:07","modified_gmt":"2025-10-05T01:03:07","slug":"cientos-de-miles-marchan-en-roma-barcelona-y-madrid-contra-campana-militar-de-israel-en-gaza","status":"publish","type":"post","link":"https:\/\/www.europesays.com\/es\/157326\/","title":{"rendered":"Cientos de miles marchan en Roma, Barcelona y Madrid contra campa\u00f1a militar de Israel en Gaza"},"content":{"rendered":"\n<p>BARCELONA\u00a0\u2014\u00a0Cientos de miles de italianos y espa\u00f1oles marcharon en Roma, Barcelona y Madrid el s\u00e1bado contra la campa\u00f1a militar de Israel en Gaza, en una demostraci\u00f3n de la creciente indignaci\u00f3n internacional por la guerra, que ya lleva dos a\u00f1os.<\/p>\n<p>Las protestas en casi todas las principales ciudades espa\u00f1olas fueron planeadas durante semanas, y la marcha en Roma se llev\u00f3 a cabo tras la indignaci\u00f3n generalizada por la interceptaci\u00f3n israel\u00ed de una flotilla de ayuda humanitaria que zarp\u00f3 desde Barcelona en un intento por romper el bloqueo al territorio palestino.<\/p>\n<p>Las protestas en el sur de Europa ocurren despu\u00e9s que Ham\u00e1s anunci\u00f3 que ha aceptado algunos elementos del plan presentado por el presidente estadounidense Donald Trump para poner fin a la guerra, que ha sumido a la principal ciudad de la Franja de Gaza en la hambruna y ha suscitado acusaciones de genocidio contra Israel.<\/p>\n<p> 1\/13 <\/p>\n<p>ARCHIVO &#8211; Gente protesta durante una protesta nacional de transportes, puertos y estudiantes contra la campa\u00f1a militar israel\u00ed en Gaza, en Tur\u00edn, Italia, el 22 de septiembre de 2025. \u00a0 (Andrea Alfano\/AP) <\/p>\n<p> 2\/13 <\/p>\n<p>Manifestantes protestan contra el despliegue de agentes federales y soldados de la Guardia Nacional ordenado por el presidente Donald Trump, el s\u00e1bado 6 de septiembre de 2025, en Washington. \u00a0 (Jose Luis Magana\/AP) <\/p>\n<p> 3\/13 <\/p>\n<p>Agentes policiales detienen a un manifestante cerca de una instalaci\u00f3n del Servicio de Inmigraci\u00f3n y Control de Aduanas (ICE, por sus siglas en ingl\u00e9s) en Broadview, Illinois, el viernes 3 de octubre de 2025.\u00a0 (Erin Hooley\/AP) <\/p>\n<p> 4\/13 <\/p>\n<p>Agentes del Servicio de Inmigraci\u00f3n y Control de Aduanas de Estados Unidos (ICE) realizan un arresto durante un operativo matutino en Park Ridge, Illinois, el viernes 19 de septiembre de 2025.\u00a0 (Carolyn Kaster \/ Associated Press) <\/p>\n<p> 5\/13 <\/p>\n<p>Agentes del Servicio de Inmigraci\u00f3n y Control de Aduanas de Estados Unidos (ICE) realizan un arresto durante un operativo matutino en Park Ridge, Illinois, el viernes 19 de septiembre de 2025. \u00a0 (Erin Hooley\/AP) <\/p>\n<p> 6\/13 <\/p>\n<p>Agentes federales escoltan a un hombre a un autob\u00fas despu\u00e9s de que fue detenido tras presentarse en un tribunal migratorio, el martes 22 de julio de 2025, en San Antonio. \u00a0 (Eric Gay\/AP) <\/p>\n<p> 7\/13 <\/p>\n<p>Agentes de inmigracion llevan a cabo un operativo en un lavado de autos el viernes 15 de agosto de 2025, en Montebello, California. \u00a0 (Gregory Bull\/AP) <\/p>\n<p> 8\/13 <\/p>\n<p>Un hombre es detenido por agentes de inmigracion en un lavado de autos el viernes 15 de agosto de 2025 en Montebello, California. \u00a0 (Gregory Bull\/AP) <\/p>\n<p> 9\/13 <\/p>\n<p>Agentes federales afuera de una tienda de Home Depot durante un operativo el viernes 15 de agosto de 2025, en Los Angeles. \u00a0 (Gregory Bull\/AP) <\/p>\n<p> 10\/13 <\/p>\n<p>Agentes de inmigracion llevan a cabo un operativo en un lavado de autos el viernes 15 de agosto de 2025 en Montebello, California.\u00a0 (Gregory Bull\/AP) <\/p>\n<p> 11\/13 <\/p>\n<p>Una mujer es detenida por agentes de la Patrulla Fronteriza de Estados Unidos afuera de una tienda de Home Depot, el viernes 15 de agosto de 2025, en Los Angeles. \u00a0 (Gregory Bull\/AP) <\/p>\n<p> 12\/13 <\/p>\n<p>Una mujer es detenida por agentes de la Patrulla Fronteriza afuera de una tienda de Home Depot, el viernes 15 de agosto de 2025, en Los Angeles. \u00a0 (Gregory Bull\/AP) <\/p>\n<p> 13\/13 <\/p>\n<p>Un agente de la Patrulla Fronteriza es grabado durante un operativo afuera de una tienda de Home Depot, el viernes 15 de agosto de 2025, en Los Angeles.\u00a0 (Gregory Bull\/AP) <\/p>\n<p>La polic\u00eda de Roma dijo que asistieron 250.000 personas, si bien los organizadores afirmaron que la cifra fue de un mill\u00f3n, en el segundo d\u00eda consecutivo de protestas en Italia. En ese pa\u00eds, m\u00e1s de 2 millones de personas protestaron el viernes en todo el pa\u00eds en una huelga general de un d\u00eda en apoyo a los palestinos en Gaza.<\/p>\n<p>En Espa\u00f1a, las autoridades indicaron que 100.000 personas marcharon en Madrid y otras 70.000 llenaron el centro de Barcelona. Los organizadores de la marcha en Madrid elevaron la asistencia a 400.000, y los organizadores en Barcelona se\u00f1alaron que participaron 300.000 personas.<\/p>\n<p>Aunque las protestas fueron pac\u00edficas, horas despu\u00e9s que la manifestaci\u00f3n oficial en Barcelona terminara, hubo enfrentamientos entre la polic\u00eda y varios cientos de personas, algunas de las cuales vandalizaron tiendas y causaron escenas de p\u00e1nico entre compradores y transe\u00fantes.<\/p>\n<p>Los activistas tambi\u00e9n convocaron a los espa\u00f1oles a marchar en Valencia, Sevilla, M\u00e1laga y otras ciudades.<\/p>\n<p>Marchas m\u00e1s peque\u00f1as tuvieron lugar en Par\u00eds, Lisboa, Atenas y Skopje, Macedonia del Norte, as\u00ed como en Londres y Manchester, Inglaterra.<\/p>\n<p>Protestas en Roma critican a Meloni<\/p>\n<p>La protesta en Roma, que sigui\u00f3 una ruta junto al Coliseo, fue organizada por tres organizaciones palestinas junto con sindicatos locales y estudiantes.<\/p>\n<p>En la Piazza San Giovanni, los manifestantes corearon y aplaudieron el nombre de Francesca Albanese, de origen italiano, que es la relatora especial de Naciones Unidas sobre los territorios palestinos ocupados y cr\u00edtica abierta de Israel.<\/p>\n<p>Aunque los organizadores hab\u00edan solicitado que s\u00f3lo se llevaran banderas palestinas, hab\u00eda algunas pancartas donde se elogiaba a los grupos pol\u00edtico-militares Hezbollah y Ham\u00e1s. Una dec\u00eda, \u201c7 de octubre, D\u00eda de la Resistencia Palestina\u201d, en referencia al ataque del 7 de octubre de 2023 perpetrado por Ham\u00e1s en Israel que desat\u00f3 la guerra, y otra gran bandera dec\u00eda \u201cMuerte, muerte a las FDI\u201d, en referencia a las Fuerzas de Defensa de Israel. Un grupo tambi\u00e9n core\u00f3 el mismo lema, public\u00f3 la emisora estatal RAI.<\/p>\n<p>El legislador de oposici\u00f3n Riccardo Magi, secretario del partido de centroizquierda Piu Europa (m\u00e1s Europa), quien estaba entre los manifestantes, critic\u00f3 al gobierno de la primera ministra Giorgia Meloni por su negativa a reconocer un Estado palestino, siguiendo el ejemplo de Espa\u00f1a, Francia, Reino Unido y otros pa\u00edses occidentales.<\/p>\n<p>\u201cMeloni no puede continuar con este victimismo obsceno: estas son protestas espont\u00e1neas contra la inacci\u00f3n y la complicidad de su gobierno. Debe reconocer esto y comenzar a trabajar diplom\u00e1ticamente por la paz\u201d, dijo Magi a los medios italianos.<\/p>\n<p>Protesta masiva en Barcelona<\/p>\n<p>En las \u00faltimas semanas, Espa\u00f1a experiment\u00f3 un repunte en el apoyo a los palestinos al tiempo que su gobierno de izquierda intensifica los esfuerzos diplom\u00e1ticos contra el r\u00e9gimen ultraderechista del primer ministro israel\u00ed Benjamin Netanyahu. Las protestas contra la participaci\u00f3n de un equipo ciclista de propiedad israel\u00ed interrumpieron repetidamente la Vuelta a Espa\u00f1a el mes pasado, cuando el presidente del gobierno, Pedro S\u00e1nchez, calific\u00f3 la destrucci\u00f3n en Gaza de \u201cgenocidio\u201d y pidi\u00f3 vetar la presencia de equipos israel\u00edes en competencias deportivas internacionales.<\/p>\n<p>El d\u00eda de protestas comenz\u00f3 en Barcelona cuando la gente abarrot\u00f3 el amplio Paseo de Gracia, el principal bulevar del centro de la ciudad, antes del mediod\u00eda. Muchas familias asistieron junto con personas de todas las edades, llevando banderas palestinas. Los carteles llevaban mensajes como \u201cGaza me duele\u201d, \u201cParen el genocidio\u201d y \u201cNo toquen a la flotilla\u201d.<\/p>\n<p>M\u00e1s de 40 espa\u00f1oles, entre los que est\u00e1 la exalcaldesa de Barcelona, formaban parte de los 450 activistas que Israel retir\u00f3 de las embarcaciones de la flotilla esta semana.<\/p>\n<p>Aunque es probable que las protestas no influyan en el gobierno israel\u00ed, los manifestantes esperan inspirar otras movilizaciones y alentar a los l\u00edderes europeos a adoptar una postura m\u00e1s dura hacia Israel.<\/p>\n<p>Mar\u00eda Jes\u00fas Parra, de 63 a\u00f1os, marchaba ondeando una bandera palestina despu\u00e9s de viajar durante una hora desde su casa en otra ciudad hasta Barcelona. Quiere que la Uni\u00f3n Europea act\u00fae contra lo que describi\u00f3 como los horrores que ve a diario en los noticieros.<\/p>\n<p>\u201c\u00bfC\u00f3mo es posible que estemos presenciando un genocidio en vivo despu\u00e9s de lo que nosotros (como Europa) experimentamos en la d\u00e9cada de 1940?\u201d, se pregunt\u00f3 Parra. \u201cAhora nadie puede decir que no sab\u00eda lo que estaba pasando\u201d.<\/p>\n<p>La gente en Madrid march\u00f3 detr\u00e1s de pancartas que dec\u00edan \u201cVerg\u00fcenza\u201d y \u201cGuerra Racista, Palestina Libre\u201d, mientras coreaban \u201cNetanyahu (es un) Asesino\u201d.<\/p>\n<p>La polic\u00eda griega cree que una manifestaci\u00f3n m\u00e1s grande y una marcha tendr\u00e1n lugar el domingo para coincidir con una a favor de Israel. Las dos marchas estar\u00e1n separadas por unos 3 kil\u00f3metros (2 millas) y la polic\u00eda estar\u00e1 presente para evitar que la marcha propalestina llegue a la embajada israel\u00ed, como ha sucedido en ocasiones anteriores.<\/p>\n<p>La guerra en Gaza comenz\u00f3 tras el ataque insurgente liderado por Ham\u00e1s sobre el sur de Israel el 7 de octubre de 2023, en el que unas 1.200 personas fallecieron y otras 251 fueron tomadas como rehenes. Israel respondi\u00f3 con una campa\u00f1a militar en la Franja que ha causado m\u00e1s de 67.000 muertos y casi 170.000 heridos, seg\u00fan el Ministerio de Salud gazat\u00ed, que forma parte del gobierno dirigido por Ham\u00e1s.<\/p>\n<p>Las agencias de Naciones Unidas y muchos expertos independientes consideran sus cifras como la estimaci\u00f3n m\u00e1s fiable de las bajas en tiempos de guerra.<\/p>\n","protected":false},"excerpt":{"rendered":"BARCELONA\u00a0\u2014\u00a0Cientos de miles de italianos y espa\u00f1oles marcharon en Roma, Barcelona y Madrid el s\u00e1bado contra la campa\u00f1a&hellip;\n","protected":false},"author":2,"featured_media":157327,"comment_status":"","ping_status":"","sticky":false,"template":"","format":"standard","meta":{"footnotes":""},"categories":[8],"tags":[210,17,18,25,24,13,14,694,582,69,75,11,74,703,19,20,205,3402,6363,9,10,15,16,695,3638,46972,7602,438,23,12,21,22],"class_list":{"0":"post-157326","1":"post","2":"type-post","3":"status-publish","4":"format-standard","5":"has-post-thumbnail","7":"category-espana","8":"tag-barcelona","9":"tag-breaking-news","10":"tag-breakingnews","11":"tag-es","12":"tag-espana","13":"tag-featured-news","14":"tag-featurednews","15":"tag-gaza","16":"tag-gobierno","17":"tag-guerra","18":"tag-hamas","19":"tag-headlines","20":"tag-israel","21":"tag-israeli","22":"tag-latest-news","23":"tag-latestnews","24":"tag-madrid","25":"tag-marcha","26":"tag-militar","27":"tag-news","28":"tag-noticias","29":"tag-noticias-destacadas","30":"tag-noticiasdestacadas","31":"tag-palestino","32":"tag-persona","33":"tag-principal-ciudad","34":"tag-protesta","35":"tag-roma","36":"tag-spain","37":"tag-titulares","38":"tag-ultimas-noticias","39":"tag-ultimasnoticias"},"share_on_mastodon":{"url":"","error":""},"_links":{"self":[{"href":"https:\/\/www.europesays.com\/es\/wp-json\/wp\/v2\/posts\/157326","targetHints":{"allow":["GET"]}}],"collection":[{"href":"https:\/\/www.europesays.com\/es\/wp-json\/wp\/v2\/posts"}],"about":[{"href":"https:\/\/www.europesays.com\/es\/wp-json\/wp\/v2\/types\/post"}],"author":[{"embeddable":true,"href":"https:\/\/www.europesays.com\/es\/wp-json\/wp\/v2\/users\/2"}],"replies":[{"embeddable":true,"href":"https:\/\/www.europesays.com\/es\/wp-json\/wp\/v2\/comments?post=157326"}],"version-history":[{"count":0,"href":"https:\/\/www.europesays.com\/es\/wp-json\/wp\/v2\/posts\/157326\/revisions"}],"wp:featuredmedia":[{"embeddable":true,"href":"https:\/\/www.europesays.com\/es\/wp-json\/wp\/v2\/media\/157327"}],"wp:attachment":[{"href":"https:\/\/www.europesays.com\/es\/wp-json\/wp\/v2\/media?parent=157326"}],"wp:term":[{"taxonomy":"category","embeddable":true,"href":"https:\/\/www.europesays.com\/es\/wp-json\/wp\/v2\/categories?post=157326"},{"taxonomy":"post_tag","embeddable":true,"href":"https:\/\/www.europesays.com\/es\/wp-json\/wp\/v2\/tags?post=157326"}],"curies":[{"name":"wp","href":"https:\/\/api.w.org\/{rel}","templated":true}]}}