{"id":157328,"date":"2025-10-05T01:04:10","date_gmt":"2025-10-05T01:04:10","guid":{"rendered":"https:\/\/www.europesays.com\/es\/157328\/"},"modified":"2025-10-05T01:04:10","modified_gmt":"2025-10-05T01:04:10","slug":"el-cd-tenerife-sabe-sufrir-para-ganar-al-zamora-cf-3-1","status":"publish","type":"post","link":"https:\/\/www.europesays.com\/es\/157328\/","title":{"rendered":"El CD Tenerife sabe sufrir para ganar al Zamora CF (3-1)"},"content":{"rendered":"<p>Sufri\u00f3 el <a href=\"https:\/\/es.wikipedia.org\/wiki\/Club_Deportivo_Tenerife\" rel=\"nofollow noopener\" target=\"_blank\">CD Tenerife<\/a> para ganar, como nunca hab\u00eda padecido en lo va de campeonato. El Zamora promet\u00eda ser un equipo correoso y dif\u00edcil de superar. Lo demostr\u00f3 durante los 90 minutos, a pesar de que jug\u00f3 todo el encuentro con un jugador menos, dificultad que no le impidi\u00f3 ofrecer una numantina resistencia. <\/p>\n<p>Los <a href=\"https:\/\/diariodeavisos.elespanol.com\/2025\/10\/santa-cruz-desmantela-el-carril-bici-tras-desestimarse-el-recurso-presentado-por-el-ayuntamiento\/\" rel=\"nofollow noopener\" target=\"_blank\">blanquiazules<\/a>, err\u00e1ticos y desacertados toda la noche, firmaron su peor partido en lo que va de curso, pero los goles de Enric Gallego, De Miguel y Nacho Gil permiten al equipo tinerfe\u00f1o mantener su pleno de victorias (seis de seis) y de puntos (18 de 18).<\/p>\n<p>El duelo arranc\u00f3 con una jugada pol\u00e9mica que se resolvi\u00f3 a favor de los locales y con un doble castigo para los de Juan Sabas.<\/p>\n<p>Apenas se hab\u00edan consumido dos minutos de partido cuando Land\u00e1zuri apreci\u00f3 el desmarque de ruptura que le ofrec\u00eda Gallego. Para el capit\u00e1n blanquiazul fue la pelota mientras la defensa zamorana se qued\u00f3 clavada. Lo aprovech\u00f3 el punta, quien cuando armaba la pierna para rematar, fue desestabilizado desde atr\u00e1s por Athuman. Gallego se fue al suelo rematando finalmente mal mientras reclamaba penalti. No lo apreci\u00f3 de entrada el trencilla del comit\u00e9 catal\u00e1n, pero el banquillo blanquiazul no dud\u00f3 en solicitar la supervisi\u00f3n de la acci\u00f3n a trav\u00e9s del Football Video Support. Las im\u00e1genes no dejaron lugar a dudas, por lo que Gerard Rius se\u00f1al\u00f3 la l\u00ednea de m\u00e1ximo castigo y, adem\u00e1s, expuls\u00f3 con roja directa Athuman, por lo que el Zamora se qued\u00f3 con un jugador menos desde muy pronto.<\/p>\n<p>Tom\u00f3 la responsabilidad del lanzamiento un Gallego que telegrafi\u00f3 en exceso el tiro, por lo que Sobr\u00f3n no tuvo problema para evitar el 1-0 de los locales.<\/p>\n<p>Juan Sabas, t\u00e9cnico del Zamora, reaccion\u00f3 a la expulsi\u00f3n quitando a Loren para dar entrada al central Luismi.<\/p>\n<p>Tras desperdiciar la primera clara ocasi\u00f3n de gol, el Tenerife se atasc\u00f3, qued\u00e1ndose sin ideas para atacar con orden la meta castellanoleonesa. Especialmente alocado y excesivamente intenso estuvo en esta fase Gallego, quien intent\u00f3 con poco \u00e9xito su fallo en el penalti. A\u00fan as\u00ed, estuvo cerca de marcar cuando David centr\u00f3 desde la derecha y, en el primer palo, el \u201818\u2019 remato fuera. Minuto 10.<\/p>\n<p>Un cuarto de hora despu\u00e9s, el colegiado anul\u00f3 un gol a los de \u00c1lvaro Cervera por fuera de juego, claro, de Jes\u00fas de Miguel. Segu\u00edan los locales sin encontrar el camino del gol.<br \/>No ayudaba tampoco el medio campo local. El vac\u00edo que provoc\u00f3 la ausencia de Aitor Sanz resultaba era m\u00e1s que evidente. Calavera no acompa\u00f1aba lo suficiente a un Juanjo S\u00e1nchez que nunca se adue\u00f1\u00f3 de la medular.<\/p>\n<p>El colegiado se\u00f1al\u00f3 seis minutos de prolongaci\u00f3n y llegar al descanso con empate a cero parec\u00eda irremediable. Pero el Zamora cometi\u00f3 un error, probablemente el \u00fanico del primer tiempo, y el Tenerife lo aprovech\u00f3 para asestar el primer golpe de la noche.<br \/>Un mal despeje visitante que tropez\u00f3 en Alassan, lo aprovech\u00f3 Juanjo para asistir en el primer palo a un Enric Gallego que se lanz\u00f3 para marcar el 1-0 y enmendar el fallo que cometi\u00f3 en el penalti.<\/p>\n<p>Gol de esos que llaman psicol\u00f3gicos que terminar\u00eda por desquiciar a los jugadores de un Zamora que abus\u00f3 de las p\u00e9rdidas de tiempo durante el primer tiempo. De hecho el colegiado se\u00f1al\u00f3 el camino a los vestuarios cuando se produjo una tangana que tuvo como protagonista blanquiazul a Jes\u00fas de Miguel. Saltaron efectivos de ambos vestuarios para pacificar los caldeados \u00e1nimos de la escuadra visitante.<\/p>\n<p>La segunda parte arranc\u00f3 con un triple cambio en las filas blanquiazules. Se quedaron en la caseta Juanjo S\u00e1nchez y \u00c1lvaro Gonz\u00e1lez, ambos con amarilla, y Alassan. Entraron al campo Le\u00f3n, Javi P\u00e9rez y Cris Montes.<\/p>\n<p>Nada m\u00e1s reanudarse el juego, Jes\u00fas De Miguel tuvo en sus botas el 2-0. Asisti\u00f3 desde lejos Enric, pero el control del punta fue malo al encararse el bal\u00f3n a su pierna diestra, con la que acab\u00f3 rematando. Ferm\u00edn acabar\u00eda evitando el tanto.<\/p>\n<p>Poco despu\u00e9s Cris Montes estrell\u00f3 un buen disparo en el palo largo del meta del Zamora, aunque la clara ocasi\u00f3n de gol local estaba invalidada previamente.<\/p>\n<p>Del posible 2-0 se pas\u00f3 al empate a uno. Fallaron consecutivamente Zoilo y Cris Montes a la hora de despejar el bal\u00f3n, fallos que aprovecha Dani Merch\u00e1n para sacarse de la manga un misil desde la frontal que aloj\u00f3 en el fondo de la porter\u00eda de Dani Mart\u00edn. 1-1 y los blanquiazules deb\u00edan empezar de nuevo.<\/p>\n<p>Juan Sabas reaccion\u00f3 al empate de su equipo metiendo un central m\u00e1s, por lo que pas\u00f3 el Zamora a jugar con cinco atr\u00e1s. Cerrojazo.<\/p>\n<p>En el 58, Cervera pidi\u00f3 un nuevo challenge tras ser golpeado Gallego en el \u00e1rea rival. El colegiado no pit\u00f3 nada tras revisar la jugada en el monitor.<\/p>\n<p>Cervera quem\u00f3 sus \u00faltimos recursos sacando al campo Noel L\u00f3pez y Fabricio. Se sentaron en el banquillo Enric y Calavera.<\/p>\n<p>Justamente Noel L\u00f3pez fue determinante en la acci\u00f3n que origin\u00f3 el 2-1. El atacante gallego desbord\u00f3 y prob\u00f3 el disparo, al igual que Fabricio, quien recibi\u00f3 el rechace de un defensa y tambi\u00e9n prob\u00f3 fortuna. Rechaz\u00f3 nuevamente Ferm\u00edn, quedando el bal\u00f3n muerto a los pies de De Miguel, quien no desaprovech\u00f3 el regalo para marcar su s\u00e9ptimo gol de la temporada. Estall\u00f3 de j\u00fabilo el Heliodoro.<\/p>\n<p>Con esta ventaja en el marcador a favor de los tinerfe\u00f1os y con su rival pr\u00e1cticamente extenuado por el esfuerzo realizado, lleg\u00f3 un nuevo tanto en los instantes finales, esta vez fue Nacho Gil el que con un disparo raso y tras una jugada personal sentenci\u00f3 una victoria que consolida a\u00fan m\u00e1s a su equipo en lo alto de la tabla.<\/p>\n","protected":false},"excerpt":{"rendered":"Sufri\u00f3 el CD Tenerife para ganar, como nunca hab\u00eda padecido en lo va de campeonato. El Zamora promet\u00eda&hellip;\n","protected":false},"author":2,"featured_media":157329,"comment_status":"","ping_status":"","sticky":false,"template":"","format":"standard","meta":{"footnotes":""},"categories":[5],"tags":[17,18,25,24,13,14,11,19,20,9,10,15,16,23,12,21,22],"class_list":{"0":"post-157328","1":"post","2":"type-post","3":"status-publish","4":"format-standard","5":"has-post-thumbnail","7":"category-titulares","8":"tag-breaking-news","9":"tag-breakingnews","10":"tag-es","11":"tag-espana","12":"tag-featured-news","13":"tag-featurednews","14":"tag-headlines","15":"tag-latest-news","16":"tag-latestnews","17":"tag-news","18":"tag-noticias","19":"tag-noticias-destacadas","20":"tag-noticiasdestacadas","21":"tag-spain","22":"tag-titulares","23":"tag-ultimas-noticias","24":"tag-ultimasnoticias"},"share_on_mastodon":{"url":"","error":""},"_links":{"self":[{"href":"https:\/\/www.europesays.com\/es\/wp-json\/wp\/v2\/posts\/157328","targetHints":{"allow":["GET"]}}],"collection":[{"href":"https:\/\/www.europesays.com\/es\/wp-json\/wp\/v2\/posts"}],"about":[{"href":"https:\/\/www.europesays.com\/es\/wp-json\/wp\/v2\/types\/post"}],"author":[{"embeddable":true,"href":"https:\/\/www.europesays.com\/es\/wp-json\/wp\/v2\/users\/2"}],"replies":[{"embeddable":true,"href":"https:\/\/www.europesays.com\/es\/wp-json\/wp\/v2\/comments?post=157328"}],"version-history":[{"count":0,"href":"https:\/\/www.europesays.com\/es\/wp-json\/wp\/v2\/posts\/157328\/revisions"}],"wp:featuredmedia":[{"embeddable":true,"href":"https:\/\/www.europesays.com\/es\/wp-json\/wp\/v2\/media\/157329"}],"wp:attachment":[{"href":"https:\/\/www.europesays.com\/es\/wp-json\/wp\/v2\/media?parent=157328"}],"wp:term":[{"taxonomy":"category","embeddable":true,"href":"https:\/\/www.europesays.com\/es\/wp-json\/wp\/v2\/categories?post=157328"},{"taxonomy":"post_tag","embeddable":true,"href":"https:\/\/www.europesays.com\/es\/wp-json\/wp\/v2\/tags?post=157328"}],"curies":[{"name":"wp","href":"https:\/\/api.w.org\/{rel}","templated":true}]}}